{"id":9867,"date":"2025-04-19T11:36:03","date_gmt":"2025-04-19T10:36:03","guid":{"rendered":"https:\/\/spbielsk.pl\/?p=9867"},"modified":"2025-04-24T11:37:24","modified_gmt":"2025-04-24T10:37:24","slug":"xxv-edycja-akcji-gora-grosza","status":"publish","type":"post","link":"https:\/\/spbielsk.pl\/?p=9867","title":{"rendered":"XXV EDYCJA AKCJI &#8222;G\u00d3RA GROSZA&#8221;"},"content":{"rendered":"\n<div class=\"x11i5rnm xat24cr x1mh8g0r x1vvkbs xtlvy1s x126k92a\">\n<div dir=\"auto\" style=\"text-align: justify;\">Nasza szko\u0142a ju\u017c po raz kolejny wzi\u0119\u0142a udzia\u0142 w og\u00f3lnopolskiej akcji charytatywnej &#8222;G\u00f3ra Grosza&#8221;. Celem zbi\u00f3rki by\u0142o wsparcie dzieci wychowuj\u0105cych si\u0119 poza w\u0142asn\u0105 rodzin\u0105 oraz pomoc w tworzeniu dla nich lepszych warunk\u00f3w \u017cycia.\u00a0<\/div>\n<\/div>\n<div class=\"x11i5rnm xat24cr x1mh8g0r x1vvkbs xtlvy1s x126k92a\" style=\"text-align: justify;\">\n<div dir=\"auto\">Przez kilka tygodni uczniowie wszystkich klas aktywnie zbierali monety o r\u00f3\u017cnych nomina\u0142ach, kt\u00f3re nast\u0119pnie zosta\u0142y posegregowane i przekazane organizatorowi akcji \u2013 Towarzystwu Nasz Dom. Zaanga\u017cowanie ca\u0142ej spo\u0142eczno\u015bci szkolnej przeros\u0142o oczekiwania \u2013 zebrali\u015bmy poka\u017an\u0105 \u201eg\u00f3r\u0119\u201d groszy!<\/div>\n<\/div>\n<p><!--more--><\/p>\n<div class=\"x11i5rnm xat24cr x1mh8g0r x1vvkbs xtlvy1s x126k92a\">\n<div dir=\"auto\" style=\"text-align: justify;\">Dzi\u0119ki wsp\u00f3lnemu wysi\u0142kowi pokazali\u015bmy, \u017ce nawet najmniejszy gest mo\u017ce mie\u0107 wielkie znaczenie. Akcja by\u0142a nie tylko okazj\u0105 do niesienia pomocy, ale te\u017c pi\u0119kn\u0105 lekcj\u0105 empatii i solidarno\u015bci.<\/div>\n<div dir=\"auto\" style=\"text-align: center;\">\r\n<div class=\"ngg-galleryoverview\" id=\"ngg-gallery-1107-9867\">\r\n\r\n\t<!-- Slideshow link -->\r\n\t<div class=\"slideshowlink\">\r\n\t\t<a class=\"slideshowlink\" href=\"https:\/\/spbielsk.pl\/?p=9867&amp;show=slide\">\r\n\t\t\t[Show slideshow]\t\t<\/a>\r\n\t<\/div>\r\n\r\n\t\r\n\t<!-- Thumbnails -->\r\n\t\t\r\n\t<div id=\"ngg-image-28821\" class=\"ngg-gallery-thumbnail-box\"  >\r\n\t\t<div class=\"ngg-gallery-thumbnail\" >\r\n\t\t\t<a href=\"https:\/\/spbielsk.pl\/wp-content\/gallery\/gora-grosza-kwiecien-2025\/486672076_122270764328007245_5492054035038041864_n.jpg\" title=\" \"   rel=\"lightbox[9867]\">\r\n\t\t\t\t\t\t\t\t<img decoding=\"async\" title=\"486672076_122270764328007245_5492054035038041864_n\" alt=\"486672076_122270764328007245_5492054035038041864_n\" src=\"https:\/\/spbielsk.pl\/wp-content\/gallery\/gora-grosza-kwiecien-2025\/thumbs\/thumbs_486672076_122270764328007245_5492054035038041864_n.jpg\" width=\"120\" height=\"90\" \/>\r\n\t\t\t\t\t\t\t<\/a>\r\n\t\t<\/div>\r\n\t<\/div>\r\n\t\r\n\t\t\r\n \t\t\r\n\t<div id=\"ngg-image-28822\" class=\"ngg-gallery-thumbnail-box\"  >\r\n\t\t<div class=\"ngg-gallery-thumbnail\" >\r\n\t\t\t<a href=\"https:\/\/spbielsk.pl\/wp-content\/gallery\/gora-grosza-kwiecien-2025\/490431435_1200344221883229_6635973147936589819_n.jpg\" title=\" \"   rel=\"lightbox[9867]\">\r\n\t\t\t\t\t\t\t\t<img decoding=\"async\" title=\"490431435_1200344221883229_6635973147936589819_n\" alt=\"490431435_1200344221883229_6635973147936589819_n\" src=\"https:\/\/spbielsk.pl\/wp-content\/gallery\/gora-grosza-kwiecien-2025\/thumbs\/thumbs_490431435_1200344221883229_6635973147936589819_n.jpg\" width=\"120\" height=\"90\" \/>\r\n\t\t\t\t\t\t\t<\/a>\r\n\t\t<\/div>\r\n\t<\/div>\r\n\t\r\n\t\t\r\n \t\t\r\n\t<div id=\"ngg-image-28823\" class=\"ngg-gallery-thumbnail-box\"  >\r\n\t\t<div class=\"ngg-gallery-thumbnail\" >\r\n\t\t\t<a href=\"https:\/\/spbielsk.pl\/wp-content\/gallery\/gora-grosza-kwiecien-2025\/491591491_1200344225216562_1322219973046136836_n.jpg\" title=\" \"   rel=\"lightbox[9867]\">\r\n\t\t\t\t\t\t\t\t<img decoding=\"async\" title=\"491591491_1200344225216562_1322219973046136836_n\" alt=\"491591491_1200344225216562_1322219973046136836_n\" src=\"https:\/\/spbielsk.pl\/wp-content\/gallery\/gora-grosza-kwiecien-2025\/thumbs\/thumbs_491591491_1200344225216562_1322219973046136836_n.jpg\" width=\"120\" height=\"90\" \/>\r\n\t\t\t\t\t\t\t<\/a>\r\n\t\t<\/div>\r\n\t<\/div>\r\n\t\r\n\t\t\r\n \t \t\r\n\t<!-- Pagination -->\r\n \t<div class='ngg-clear'><\/div>\n \t\r\n<\/div>\r\n\r\n<\/div>\n<\/div>\n","protected":false},"excerpt":{"rendered":"<p>Nasza szko\u0142a ju\u017c po raz kolejny wzi\u0119\u0142a udzia\u0142 w og\u00f3lnopolskiej akcji charytatywnej &#8222;G\u00f3ra Grosza&#8221;. Celem zbi\u00f3rki by\u0142o wsparcie dzieci wychowuj\u0105cych si\u0119 poza w\u0142asn\u0105 rodzin\u0105 oraz pomoc w tworzeniu dla nich lepszych warunk\u00f3w \u017cycia.\u00a0 Przez kilka tygodni uczniowie wszystkich klas aktywnie zbierali monety o r\u00f3\u017cnych nomina\u0142ach, kt\u00f3re nast\u0119pnie zosta\u0142y posegregowane i przekazane organizatorowi akcji \u2013 Towarzystwu [&hellip;]<\/p>\n","protected":false},"author":1,"featured_media":9868,"comment_status":"closed","ping_status":"closed","sticky":false,"template":"","format":"standard","meta":{"footnotes":""},"categories":[5],"tags":[],"class_list":["post-9867","post","type-post","status-publish","format-standard","has-post-thumbnail","hentry","category-s-p-bielsk"],"_links":{"self":[{"href":"https:\/\/spbielsk.pl\/index.php?rest_route=\/wp\/v2\/posts\/9867","targetHints":{"allow":["GET"]}}],"collection":[{"href":"https:\/\/spbielsk.pl\/index.php?rest_route=\/wp\/v2\/posts"}],"about":[{"href":"https:\/\/spbielsk.pl\/index.php?rest_route=\/wp\/v2\/types\/post"}],"author":[{"embeddable":true,"href":"https:\/\/spbielsk.pl\/index.php?rest_route=\/wp\/v2\/users\/1"}],"replies":[{"embeddable":true,"href":"https:\/\/spbielsk.pl\/index.php?rest_route=%2Fwp%2Fv2%2Fcomments&post=9867"}],"version-history":[{"count":1,"href":"https:\/\/spbielsk.pl\/index.php?rest_route=\/wp\/v2\/posts\/9867\/revisions"}],"predecessor-version":[{"id":9869,"href":"https:\/\/spbielsk.pl\/index.php?rest_route=\/wp\/v2\/posts\/9867\/revisions\/9869"}],"wp:featuredmedia":[{"embeddable":true,"href":"https:\/\/spbielsk.pl\/index.php?rest_route=\/wp\/v2\/media\/9868"}],"wp:attachment":[{"href":"https:\/\/spbielsk.pl\/index.php?rest_route=%2Fwp%2Fv2%2Fmedia&parent=9867"}],"wp:term":[{"taxonomy":"category","embeddable":true,"href":"https:\/\/spbielsk.pl\/index.php?rest_route=%2Fwp%2Fv2%2Fcategories&post=9867"},{"taxonomy":"post_tag","embeddable":true,"href":"https:\/\/spbielsk.pl\/index.php?rest_route=%2Fwp%2Fv2%2Ftags&post=9867"}],"curies":[{"name":"wp","href":"https:\/\/api.w.org\/{rel}","templated":true}]}}