{"id":9801,"date":"2025-03-27T16:30:57","date_gmt":"2025-03-27T15:30:57","guid":{"rendered":"https:\/\/spbielsk.pl\/?p=9801"},"modified":"2025-03-27T16:30:58","modified_gmt":"2025-03-27T15:30:58","slug":"witaj-wiosno","status":"publish","type":"post","link":"https:\/\/spbielsk.pl\/?p=9801","title":{"rendered":"Witaj Wiosno!"},"content":{"rendered":"\n<p style=\"text-align: justify;\"><span class=\"html-span xdj266r x11i5rnm xat24cr x1mh8g0r xexx8yu x4uap5 x18d9i69 xkhd6sd x1hl2dhg x16tdsg8 x1vvkbs x4k7w5x x1h91t0o x1h9r5lt x1jfb8zj xv2umb2 x1beo9mf xaigb6o x12ejxvf x3igimt xarpa2k xedcshv x1lytzrv x1t2pt76 x7ja8zs x1qrby5j\"><span class=\"x193iq5w xeuugli x13faqbe x1vvkbs x1xmvt09 x1lliihq x1s928wv xhkezso x1gmr53x x1cpjm7i x1fgarty x1943h6x xudqn12 x3x7a5m x6prxxf xvq8zen xo1l8bm xzsf02u\" dir=\"auto\">Z okazji pierwszego dnia wiosny w naszej \u015bwietlicy szkolnej odby\u0142 si\u0119 niezwyk\u0142y konkurs plastyczny pod tytu\u0142em &#8222;Suknia Pani Wiosny&#8221;. Uczestnicy, podzieleni na grupy, mieli za zadanie zaprojektowa\u0107 unikalne i kreatywne suknie, kt\u00f3re odzwierciedla\u0142yby pi\u0119kno tej radosnej pory roku. Wszystkie prace by\u0142y wyj\u0105tkowe, pe\u0142ne kolor\u00f3w i pomys\u0142owo\u015bci, co sprawi\u0142o, \u017ce wyb\u00f3r zwyci\u0119zc\u00f3w by\u0142 niezwykle trudny!\u00a0Ka\u017cdy uczestnik otrzyma\u0142 pi\u0119kny dyplom oraz ciekawe nagrody, kt\u00f3re z pewno\u015bci\u0105 b\u0119d\u0105 cieszy\u0107 si\u0119 du\u017cym zainteresowaniem. Dzi\u0119kujemy wszystkim za zaanga\u017cowanie i wspania\u0142\u0105 zabaw\u0119!<\/span><\/span><\/p>\n<p style=\"text-align: center;\"><!--more--><\/p>\n<p style=\"text-align: center;\">\r\n<div class=\"ngg-galleryoverview\" id=\"ngg-gallery-1095-9801\">\r\n\r\n\t<!-- Slideshow link -->\r\n\t<div class=\"slideshowlink\">\r\n\t\t<a class=\"slideshowlink\" href=\"https:\/\/spbielsk.pl\/?p=9801&amp;show=slide\">\r\n\t\t\t[Show slideshow]\t\t<\/a>\r\n\t<\/div>\r\n\r\n\t\r\n\t<!-- Thumbnails -->\r\n\t\t\r\n\t<div id=\"ngg-image-28517\" class=\"ngg-gallery-thumbnail-box\"  >\r\n\t\t<div class=\"ngg-gallery-thumbnail\" >\r\n\t\t\t<a href=\"https:\/\/spbielsk.pl\/wp-content\/gallery\/pierwszy-dzien-wiosny-w-swietlicy-marzec-2025\/bez-nazwy.jpg\" title=\" \"   rel=\"lightbox[9801]\">\r\n\t\t\t\t\t\t\t\t<img decoding=\"async\" title=\"bez-nazwy\" alt=\"bez-nazwy\" src=\"https:\/\/spbielsk.pl\/wp-content\/gallery\/pierwszy-dzien-wiosny-w-swietlicy-marzec-2025\/thumbs\/thumbs_bez-nazwy.jpg\" width=\"120\" height=\"90\" \/>\r\n\t\t\t\t\t\t\t<\/a>\r\n\t\t<\/div>\r\n\t<\/div>\r\n\t\r\n\t\t\r\n \t\t\r\n\t<div id=\"ngg-image-28518\" class=\"ngg-gallery-thumbnail-box\"  >\r\n\t\t<div class=\"ngg-gallery-thumbnail\" >\r\n\t\t\t<a href=\"https:\/\/spbielsk.pl\/wp-content\/gallery\/pierwszy-dzien-wiosny-w-swietlicy-marzec-2025\/bez-nazwy10.jpg\" title=\" \"   rel=\"lightbox[9801]\">\r\n\t\t\t\t\t\t\t\t<img decoding=\"async\" title=\"bez-nazwy10\" alt=\"bez-nazwy10\" src=\"https:\/\/spbielsk.pl\/wp-content\/gallery\/pierwszy-dzien-wiosny-w-swietlicy-marzec-2025\/thumbs\/thumbs_bez-nazwy10.jpg\" width=\"120\" height=\"90\" \/>\r\n\t\t\t\t\t\t\t<\/a>\r\n\t\t<\/div>\r\n\t<\/div>\r\n\t\r\n\t\t\r\n \t\t\r\n\t<div id=\"ngg-image-28519\" class=\"ngg-gallery-thumbnail-box\"  >\r\n\t\t<div class=\"ngg-gallery-thumbnail\" >\r\n\t\t\t<a href=\"https:\/\/spbielsk.pl\/wp-content\/gallery\/pierwszy-dzien-wiosny-w-swietlicy-marzec-2025\/bez-nazwy11.jpg\" title=\" \"   rel=\"lightbox[9801]\">\r\n\t\t\t\t\t\t\t\t<img decoding=\"async\" title=\"bez-nazwy11\" alt=\"bez-nazwy11\" src=\"https:\/\/spbielsk.pl\/wp-content\/gallery\/pierwszy-dzien-wiosny-w-swietlicy-marzec-2025\/thumbs\/thumbs_bez-nazwy11.jpg\" width=\"120\" height=\"90\" \/>\r\n\t\t\t\t\t\t\t<\/a>\r\n\t\t<\/div>\r\n\t<\/div>\r\n\t\r\n\t\t\r\n \t\t\r\n\t<div id=\"ngg-image-28520\" class=\"ngg-gallery-thumbnail-box\"  >\r\n\t\t<div class=\"ngg-gallery-thumbnail\" >\r\n\t\t\t<a href=\"https:\/\/spbielsk.pl\/wp-content\/gallery\/pierwszy-dzien-wiosny-w-swietlicy-marzec-2025\/bez-nazwy2.jpg\" title=\" \"   rel=\"lightbox[9801]\">\r\n\t\t\t\t\t\t\t\t<img loading=\"lazy\" decoding=\"async\" title=\"bez-nazwy2\" alt=\"bez-nazwy2\" src=\"https:\/\/spbielsk.pl\/wp-content\/gallery\/pierwszy-dzien-wiosny-w-swietlicy-marzec-2025\/thumbs\/thumbs_bez-nazwy2.jpg\" width=\"120\" height=\"90\" \/>\r\n\t\t\t\t\t\t\t<\/a>\r\n\t\t<\/div>\r\n\t<\/div>\r\n\t\r\n\t\t\r\n \t\t\r\n\t<div id=\"ngg-image-28521\" class=\"ngg-gallery-thumbnail-box\"  >\r\n\t\t<div class=\"ngg-gallery-thumbnail\" >\r\n\t\t\t<a href=\"https:\/\/spbielsk.pl\/wp-content\/gallery\/pierwszy-dzien-wiosny-w-swietlicy-marzec-2025\/bez-nazwy3.jpg\" title=\" \"   rel=\"lightbox[9801]\">\r\n\t\t\t\t\t\t\t\t<img loading=\"lazy\" decoding=\"async\" title=\"bez-nazwy3\" alt=\"bez-nazwy3\" src=\"https:\/\/spbielsk.pl\/wp-content\/gallery\/pierwszy-dzien-wiosny-w-swietlicy-marzec-2025\/thumbs\/thumbs_bez-nazwy3.jpg\" width=\"120\" height=\"90\" \/>\r\n\t\t\t\t\t\t\t<\/a>\r\n\t\t<\/div>\r\n\t<\/div>\r\n\t\r\n\t\t\r\n \t\t\r\n\t<div id=\"ngg-image-28522\" class=\"ngg-gallery-thumbnail-box\"  >\r\n\t\t<div class=\"ngg-gallery-thumbnail\" >\r\n\t\t\t<a href=\"https:\/\/spbielsk.pl\/wp-content\/gallery\/pierwszy-dzien-wiosny-w-swietlicy-marzec-2025\/bez-nazwy4.jpg\" title=\" \"   rel=\"lightbox[9801]\">\r\n\t\t\t\t\t\t\t\t<img loading=\"lazy\" decoding=\"async\" title=\"bez-nazwy4\" alt=\"bez-nazwy4\" src=\"https:\/\/spbielsk.pl\/wp-content\/gallery\/pierwszy-dzien-wiosny-w-swietlicy-marzec-2025\/thumbs\/thumbs_bez-nazwy4.jpg\" width=\"120\" height=\"90\" \/>\r\n\t\t\t\t\t\t\t<\/a>\r\n\t\t<\/div>\r\n\t<\/div>\r\n\t\r\n\t\t\r\n \t\t\r\n\t<div id=\"ngg-image-28523\" class=\"ngg-gallery-thumbnail-box\"  >\r\n\t\t<div class=\"ngg-gallery-thumbnail\" >\r\n\t\t\t<a href=\"https:\/\/spbielsk.pl\/wp-content\/gallery\/pierwszy-dzien-wiosny-w-swietlicy-marzec-2025\/bez-nazwy5.jpg\" title=\" \"   rel=\"lightbox[9801]\">\r\n\t\t\t\t\t\t\t\t<img loading=\"lazy\" decoding=\"async\" title=\"bez-nazwy5\" alt=\"bez-nazwy5\" src=\"https:\/\/spbielsk.pl\/wp-content\/gallery\/pierwszy-dzien-wiosny-w-swietlicy-marzec-2025\/thumbs\/thumbs_bez-nazwy5.jpg\" width=\"120\" height=\"90\" \/>\r\n\t\t\t\t\t\t\t<\/a>\r\n\t\t<\/div>\r\n\t<\/div>\r\n\t\r\n\t\t\r\n \t\t\r\n\t<div id=\"ngg-image-28524\" class=\"ngg-gallery-thumbnail-box\"  >\r\n\t\t<div class=\"ngg-gallery-thumbnail\" >\r\n\t\t\t<a href=\"https:\/\/spbielsk.pl\/wp-content\/gallery\/pierwszy-dzien-wiosny-w-swietlicy-marzec-2025\/bez-nazwy6.jpg\" title=\" \"   rel=\"lightbox[9801]\">\r\n\t\t\t\t\t\t\t\t<img loading=\"lazy\" decoding=\"async\" title=\"bez-nazwy6\" alt=\"bez-nazwy6\" src=\"https:\/\/spbielsk.pl\/wp-content\/gallery\/pierwszy-dzien-wiosny-w-swietlicy-marzec-2025\/thumbs\/thumbs_bez-nazwy6.jpg\" width=\"120\" height=\"90\" \/>\r\n\t\t\t\t\t\t\t<\/a>\r\n\t\t<\/div>\r\n\t<\/div>\r\n\t\r\n\t\t\r\n \t\t\r\n\t<div id=\"ngg-image-28525\" class=\"ngg-gallery-thumbnail-box\"  >\r\n\t\t<div class=\"ngg-gallery-thumbnail\" >\r\n\t\t\t<a href=\"https:\/\/spbielsk.pl\/wp-content\/gallery\/pierwszy-dzien-wiosny-w-swietlicy-marzec-2025\/bez-nazwy7.jpg\" title=\" \"   rel=\"lightbox[9801]\">\r\n\t\t\t\t\t\t\t\t<img loading=\"lazy\" decoding=\"async\" title=\"bez-nazwy7\" alt=\"bez-nazwy7\" src=\"https:\/\/spbielsk.pl\/wp-content\/gallery\/pierwszy-dzien-wiosny-w-swietlicy-marzec-2025\/thumbs\/thumbs_bez-nazwy7.jpg\" width=\"120\" height=\"90\" \/>\r\n\t\t\t\t\t\t\t<\/a>\r\n\t\t<\/div>\r\n\t<\/div>\r\n\t\r\n\t\t\r\n \t\t\r\n\t<div id=\"ngg-image-28526\" class=\"ngg-gallery-thumbnail-box\"  >\r\n\t\t<div class=\"ngg-gallery-thumbnail\" >\r\n\t\t\t<a href=\"https:\/\/spbielsk.pl\/wp-content\/gallery\/pierwszy-dzien-wiosny-w-swietlicy-marzec-2025\/bez-nazwy8.jpg\" title=\" \"   rel=\"lightbox[9801]\">\r\n\t\t\t\t\t\t\t\t<img loading=\"lazy\" decoding=\"async\" title=\"bez-nazwy8\" alt=\"bez-nazwy8\" src=\"https:\/\/spbielsk.pl\/wp-content\/gallery\/pierwszy-dzien-wiosny-w-swietlicy-marzec-2025\/thumbs\/thumbs_bez-nazwy8.jpg\" width=\"120\" height=\"90\" \/>\r\n\t\t\t\t\t\t\t<\/a>\r\n\t\t<\/div>\r\n\t<\/div>\r\n\t\r\n\t\t\r\n \t\t\r\n\t<div id=\"ngg-image-28527\" class=\"ngg-gallery-thumbnail-box\"  >\r\n\t\t<div class=\"ngg-gallery-thumbnail\" >\r\n\t\t\t<a href=\"https:\/\/spbielsk.pl\/wp-content\/gallery\/pierwszy-dzien-wiosny-w-swietlicy-marzec-2025\/bez-nazwy9.jpg\" title=\" \"   rel=\"lightbox[9801]\">\r\n\t\t\t\t\t\t\t\t<img loading=\"lazy\" decoding=\"async\" title=\"bez-nazwy9\" alt=\"bez-nazwy9\" src=\"https:\/\/spbielsk.pl\/wp-content\/gallery\/pierwszy-dzien-wiosny-w-swietlicy-marzec-2025\/thumbs\/thumbs_bez-nazwy9.jpg\" width=\"120\" height=\"90\" \/>\r\n\t\t\t\t\t\t\t<\/a>\r\n\t\t<\/div>\r\n\t<\/div>\r\n\t\r\n\t\t\r\n \t \t\r\n\t<!-- Pagination -->\r\n \t<div class='ngg-clear'><\/div>\n \t\r\n<\/div>\r\n\r\n<\/p>\n","protected":false},"excerpt":{"rendered":"<p>Z okazji pierwszego dnia wiosny w naszej \u015bwietlicy szkolnej odby\u0142 si\u0119 niezwyk\u0142y konkurs plastyczny pod tytu\u0142em &#8222;Suknia Pani Wiosny&#8221;. Uczestnicy, podzieleni na grupy, mieli za zadanie zaprojektowa\u0107 unikalne i kreatywne suknie, kt\u00f3re odzwierciedla\u0142yby pi\u0119kno tej radosnej pory roku. Wszystkie prace by\u0142y wyj\u0105tkowe, pe\u0142ne kolor\u00f3w i pomys\u0142owo\u015bci, co sprawi\u0142o, \u017ce wyb\u00f3r zwyci\u0119zc\u00f3w by\u0142 niezwykle trudny!\u00a0Ka\u017cdy uczestnik [&hellip;]<\/p>\n","protected":false},"author":1,"featured_media":9802,"comment_status":"closed","ping_status":"closed","sticky":false,"template":"","format":"standard","meta":{"footnotes":""},"categories":[5],"tags":[],"class_list":["post-9801","post","type-post","status-publish","format-standard","has-post-thumbnail","hentry","category-s-p-bielsk"],"_links":{"self":[{"href":"https:\/\/spbielsk.pl\/index.php?rest_route=\/wp\/v2\/posts\/9801","targetHints":{"allow":["GET"]}}],"collection":[{"href":"https:\/\/spbielsk.pl\/index.php?rest_route=\/wp\/v2\/posts"}],"about":[{"href":"https:\/\/spbielsk.pl\/index.php?rest_route=\/wp\/v2\/types\/post"}],"author":[{"embeddable":true,"href":"https:\/\/spbielsk.pl\/index.php?rest_route=\/wp\/v2\/users\/1"}],"replies":[{"embeddable":true,"href":"https:\/\/spbielsk.pl\/index.php?rest_route=%2Fwp%2Fv2%2Fcomments&post=9801"}],"version-history":[{"count":1,"href":"https:\/\/spbielsk.pl\/index.php?rest_route=\/wp\/v2\/posts\/9801\/revisions"}],"predecessor-version":[{"id":9803,"href":"https:\/\/spbielsk.pl\/index.php?rest_route=\/wp\/v2\/posts\/9801\/revisions\/9803"}],"wp:featuredmedia":[{"embeddable":true,"href":"https:\/\/spbielsk.pl\/index.php?rest_route=\/wp\/v2\/media\/9802"}],"wp:attachment":[{"href":"https:\/\/spbielsk.pl\/index.php?rest_route=%2Fwp%2Fv2%2Fmedia&parent=9801"}],"wp:term":[{"taxonomy":"category","embeddable":true,"href":"https:\/\/spbielsk.pl\/index.php?rest_route=%2Fwp%2Fv2%2Fcategories&post=9801"},{"taxonomy":"post_tag","embeddable":true,"href":"https:\/\/spbielsk.pl\/index.php?rest_route=%2Fwp%2Fv2%2Ftags&post=9801"}],"curies":[{"name":"wp","href":"https:\/\/api.w.org\/{rel}","templated":true}]}}