{"id":9794,"date":"2025-03-22T11:32:51","date_gmt":"2025-03-22T10:32:51","guid":{"rendered":"https:\/\/spbielsk.pl\/?p=9794"},"modified":"2025-03-22T11:32:52","modified_gmt":"2025-03-22T10:32:52","slug":"szkolny-konkurs-geograficzny-mistrz-mapy-europy","status":"publish","type":"post","link":"https:\/\/spbielsk.pl\/?p=9794","title":{"rendered":"SZKOLNY KONKURS GEOGRAFICZNY &#8211; MISTRZ MAPY EUROPY"},"content":{"rendered":"\n<p style=\"text-align: center;\"><img fetchpriority=\"high\" decoding=\"async\" class=\"aligncenter size-medium wp-image-9795\" src=\"https:\/\/spbielsk.pl\/wp-content\/uploads\/2025\/03\/481274409_1175197824397869_8510789378015177165_n-300x225.jpg\" alt=\"\" width=\"300\" height=\"225\" srcset=\"https:\/\/spbielsk.pl\/wp-content\/uploads\/2025\/03\/481274409_1175197824397869_8510789378015177165_n-300x225.jpg 300w, https:\/\/spbielsk.pl\/wp-content\/uploads\/2025\/03\/481274409_1175197824397869_8510789378015177165_n-768x576.jpg 768w, https:\/\/spbielsk.pl\/wp-content\/uploads\/2025\/03\/481274409_1175197824397869_8510789378015177165_n.jpg 1024w\" sizes=\"(max-width: 300px) 100vw, 300px\" \/><\/p>\n<p style=\"text-align: justify;\">11 marca odby\u0142 si\u0119 konkurs geograficzny pt. \u201e Mistrz Mapy Europy\u201d, kt\u00f3rego g\u0142\u00f3wnym celem by\u0142o rozbudzenie zainteresowania geografi\u0105 oraz zach\u0119cenie m\u0142odzie\u017cy do pracy z mapami. <br \/>Uczniowie mieli okazj\u0119 wykaza\u0107 si\u0119 znajomo\u015bci\u0105 mapy politycznej i fizycznej Europy. Zadanie polega\u0142o na zaznaczeniu na mapach wszystkich pa\u0144stw Europy wybranych stolic, m\u00f3rz, wysp i p\u00f3\u0142wysp\u00f3w. W drugiej cz\u0119\u015bci konkursu uczniowie kszta\u0142towali umiej\u0119tno\u015b\u0107 czytania informacji z atlasu geograficznego, wyszukuj\u0105c wybrane \u0142a\u0144cuchy g\u00f3rskie Europy.<\/p>\n<p style=\"text-align: center;\"><!--more--><\/p>\n<p>Zadanie nie by\u0142o \u0142atwe, ale a\u017c 27 os\u00f3b dzielnie podj\u0119\u0142o wyzwanie!<\/p>\n<p>Wyniki konkursu:<br \/>1 miejsce: Przemys\u0142aw Michalski &#8211; 100p\/100p!<br \/>2 miejsce: Nadia Chroboci\u0144ska \u2013 99p\/100p<br \/>3 miejsce: Julian Pa\u0107kowski \u2013 97p\/100p<\/p>\n<p>Gratulujemy wszystkim zwyci\u0119zcom i uczestnikom!<\/p>\n<p style=\"text-align: center;\">\r\n<div class=\"ngg-galleryoverview\" id=\"ngg-gallery-1093-9794\">\r\n\r\n\t<!-- Slideshow link -->\r\n\t<div class=\"slideshowlink\">\r\n\t\t<a class=\"slideshowlink\" href=\"https:\/\/spbielsk.pl\/?p=9794&amp;show=slide\">\r\n\t\t\t[Show slideshow]\t\t<\/a>\r\n\t<\/div>\r\n\r\n\t\r\n\t<!-- Thumbnails -->\r\n\t\t\r\n\t<div id=\"ngg-image-28510\" class=\"ngg-gallery-thumbnail-box\"  >\r\n\t\t<div class=\"ngg-gallery-thumbnail\" >\r\n\t\t\t<a href=\"https:\/\/spbielsk.pl\/wp-content\/gallery\/konkurs-geograficzny-marzec-2025\/481274409_1175197824397869_8510789378015177165_n.jpg\" title=\" \"   rel=\"lightbox[9794]\">\r\n\t\t\t\t\t\t\t\t<img decoding=\"async\" title=\"481274409_1175197824397869_8510789378015177165_n\" alt=\"481274409_1175197824397869_8510789378015177165_n\" src=\"https:\/\/spbielsk.pl\/wp-content\/gallery\/konkurs-geograficzny-marzec-2025\/thumbs\/thumbs_481274409_1175197824397869_8510789378015177165_n.jpg\" width=\"120\" height=\"90\" \/>\r\n\t\t\t\t\t\t\t<\/a>\r\n\t\t<\/div>\r\n\t<\/div>\r\n\t\r\n\t\t\r\n \t\t\r\n\t<div id=\"ngg-image-28511\" class=\"ngg-gallery-thumbnail-box\"  >\r\n\t\t<div class=\"ngg-gallery-thumbnail\" >\r\n\t\t\t<a href=\"https:\/\/spbielsk.pl\/wp-content\/gallery\/konkurs-geograficzny-marzec-2025\/485916455_1175197801064538_1790306524941474210_n.jpg\" title=\" \"   rel=\"lightbox[9794]\">\r\n\t\t\t\t\t\t\t\t<img decoding=\"async\" title=\"485916455_1175197801064538_1790306524941474210_n\" alt=\"485916455_1175197801064538_1790306524941474210_n\" src=\"https:\/\/spbielsk.pl\/wp-content\/gallery\/konkurs-geograficzny-marzec-2025\/thumbs\/thumbs_485916455_1175197801064538_1790306524941474210_n.jpg\" width=\"120\" height=\"90\" \/>\r\n\t\t\t\t\t\t\t<\/a>\r\n\t\t<\/div>\r\n\t<\/div>\r\n\t\r\n\t\t\r\n \t \t\r\n\t<!-- Pagination -->\r\n \t<div class='ngg-clear'><\/div>\n \t\r\n<\/div>\r\n\r\n<\/p>\n","protected":false},"excerpt":{"rendered":"<p>11 marca odby\u0142 si\u0119 konkurs geograficzny pt. \u201e Mistrz Mapy Europy\u201d, kt\u00f3rego g\u0142\u00f3wnym celem by\u0142o rozbudzenie zainteresowania geografi\u0105 oraz zach\u0119cenie m\u0142odzie\u017cy do pracy z mapami. Uczniowie mieli okazj\u0119 wykaza\u0107 si\u0119 znajomo\u015bci\u0105 mapy politycznej i fizycznej Europy. Zadanie polega\u0142o na zaznaczeniu na mapach wszystkich pa\u0144stw Europy wybranych stolic, m\u00f3rz, wysp i p\u00f3\u0142wysp\u00f3w. W drugiej cz\u0119\u015bci konkursu [&hellip;]<\/p>\n","protected":false},"author":1,"featured_media":0,"comment_status":"closed","ping_status":"closed","sticky":false,"template":"","format":"standard","meta":{"footnotes":""},"categories":[5],"tags":[],"class_list":["post-9794","post","type-post","status-publish","format-standard","hentry","category-s-p-bielsk"],"_links":{"self":[{"href":"https:\/\/spbielsk.pl\/index.php?rest_route=\/wp\/v2\/posts\/9794","targetHints":{"allow":["GET"]}}],"collection":[{"href":"https:\/\/spbielsk.pl\/index.php?rest_route=\/wp\/v2\/posts"}],"about":[{"href":"https:\/\/spbielsk.pl\/index.php?rest_route=\/wp\/v2\/types\/post"}],"author":[{"embeddable":true,"href":"https:\/\/spbielsk.pl\/index.php?rest_route=\/wp\/v2\/users\/1"}],"replies":[{"embeddable":true,"href":"https:\/\/spbielsk.pl\/index.php?rest_route=%2Fwp%2Fv2%2Fcomments&post=9794"}],"version-history":[{"count":1,"href":"https:\/\/spbielsk.pl\/index.php?rest_route=\/wp\/v2\/posts\/9794\/revisions"}],"predecessor-version":[{"id":9796,"href":"https:\/\/spbielsk.pl\/index.php?rest_route=\/wp\/v2\/posts\/9794\/revisions\/9796"}],"wp:attachment":[{"href":"https:\/\/spbielsk.pl\/index.php?rest_route=%2Fwp%2Fv2%2Fmedia&parent=9794"}],"wp:term":[{"taxonomy":"category","embeddable":true,"href":"https:\/\/spbielsk.pl\/index.php?rest_route=%2Fwp%2Fv2%2Fcategories&post=9794"},{"taxonomy":"post_tag","embeddable":true,"href":"https:\/\/spbielsk.pl\/index.php?rest_route=%2Fwp%2Fv2%2Ftags&post=9794"}],"curies":[{"name":"wp","href":"https:\/\/api.w.org\/{rel}","templated":true}]}}