{"id":9791,"date":"2025-03-22T11:30:53","date_gmt":"2025-03-22T10:30:53","guid":{"rendered":"https:\/\/spbielsk.pl\/?p=9791"},"modified":"2025-03-22T11:30:55","modified_gmt":"2025-03-22T10:30:55","slug":"dzien-matematyki-2025","status":"publish","type":"post","link":"https:\/\/spbielsk.pl\/?p=9791","title":{"rendered":"DZIE\u0143 MATEMATYKI 2025"},"content":{"rendered":"\n<p style=\"text-align: justify;\">14 marca w naszej szkole odby\u0142y si\u0119 obchody Dnia Matematyki, kt\u00f3re mia\u0142y na celu popularyzacj\u0119 tej nauki oraz pokazanie, \u017ce matematyka mo\u017ce by\u0107 ciekawa i anga\u017cuj\u0105ca. W tym roku uczniowie uczestniczyli w grze terenowej &#8222;Podchody matematyczne &#8211; QR-kody&#8221;, kt\u00f3ra dostarczy\u0142a im wielu emocji i dobrej zabawy. <br \/>Uczniowie mieli za zadanie odnalezienie ukrytych na terenie szko\u0142y QR-kod\u00f3w, w kt\u00f3rych zakodowane by\u0142y matematyczne \u0142amig\u0142\u00f3wki i zadania. Po zeskanowaniu kodu za pomoc\u0105 smartfon\u00f3w uczniowie otrzymywali pytania i zagadki, kt\u00f3re musieli rozwi\u0105za\u0107, aby przej\u015b\u0107 do kolejnego etapu gry.<\/p>\n<p style=\"text-align: center;\"><!--more--><\/p>\n<p style=\"text-align: justify;\">Podczas zabawy uczniowie wykazali si\u0119 zar\u00f3wno umiej\u0119tno\u015bciami matematycznymi, jak i sprytem oraz umiej\u0119tno\u015bci\u0105 wsp\u00f3\u0142pracy w grupie. Gra cieszy\u0142a si\u0119 du\u017cym zainteresowaniem i dostarczy\u0142a uczestnikom wiele satysfakcji. Ostatecznie, po intensywnych zmaganiach, wy\u0142oniono zwyci\u0119zc\u00f3w, kt\u00f3rzy otrzymali upragnione pi\u0105tki z matematyki!<\/p>\n<p style=\"text-align: center;\">\r\n<div class=\"ngg-galleryoverview\" id=\"ngg-gallery-1094-9791\">\r\n\r\n\t<!-- Slideshow link -->\r\n\t<div class=\"slideshowlink\">\r\n\t\t<a class=\"slideshowlink\" href=\"https:\/\/spbielsk.pl\/?p=9791&amp;show=slide\">\r\n\t\t\t[Show slideshow]\t\t<\/a>\r\n\t<\/div>\r\n\r\n\t\r\n\t<!-- Thumbnails -->\r\n\t\t\r\n\t<div id=\"ngg-image-28512\" class=\"ngg-gallery-thumbnail-box\"  >\r\n\t\t<div class=\"ngg-gallery-thumbnail\" >\r\n\t\t\t<a href=\"https:\/\/spbielsk.pl\/wp-content\/gallery\/dzien-matematyki-marzec-2025\/480964261_1175212131063105_7503480888813904587_n.jpg\" title=\" \"   rel=\"lightbox[9791]\">\r\n\t\t\t\t\t\t\t\t<img decoding=\"async\" title=\"480964261_1175212131063105_7503480888813904587_n\" alt=\"480964261_1175212131063105_7503480888813904587_n\" src=\"https:\/\/spbielsk.pl\/wp-content\/gallery\/dzien-matematyki-marzec-2025\/thumbs\/thumbs_480964261_1175212131063105_7503480888813904587_n.jpg\" width=\"120\" height=\"90\" \/>\r\n\t\t\t\t\t\t\t<\/a>\r\n\t\t<\/div>\r\n\t<\/div>\r\n\t\r\n\t\t\r\n \t\t\r\n\t<div id=\"ngg-image-28513\" class=\"ngg-gallery-thumbnail-box\"  >\r\n\t\t<div class=\"ngg-gallery-thumbnail\" >\r\n\t\t\t<a href=\"https:\/\/spbielsk.pl\/wp-content\/gallery\/dzien-matematyki-marzec-2025\/481076746_1175212054396446_2534596685188371294_n.jpg\" title=\" \"   rel=\"lightbox[9791]\">\r\n\t\t\t\t\t\t\t\t<img decoding=\"async\" title=\"481076746_1175212054396446_2534596685188371294_n\" alt=\"481076746_1175212054396446_2534596685188371294_n\" src=\"https:\/\/spbielsk.pl\/wp-content\/gallery\/dzien-matematyki-marzec-2025\/thumbs\/thumbs_481076746_1175212054396446_2534596685188371294_n.jpg\" width=\"120\" height=\"90\" \/>\r\n\t\t\t\t\t\t\t<\/a>\r\n\t\t<\/div>\r\n\t<\/div>\r\n\t\r\n\t\t\r\n \t\t\r\n\t<div id=\"ngg-image-28514\" class=\"ngg-gallery-thumbnail-box\"  >\r\n\t\t<div class=\"ngg-gallery-thumbnail\" >\r\n\t\t\t<a href=\"https:\/\/spbielsk.pl\/wp-content\/gallery\/dzien-matematyki-marzec-2025\/485657618_1175212061063112_3195059068668406831_n.jpg\" title=\" \"   rel=\"lightbox[9791]\">\r\n\t\t\t\t\t\t\t\t<img decoding=\"async\" title=\"485657618_1175212061063112_3195059068668406831_n\" alt=\"485657618_1175212061063112_3195059068668406831_n\" src=\"https:\/\/spbielsk.pl\/wp-content\/gallery\/dzien-matematyki-marzec-2025\/thumbs\/thumbs_485657618_1175212061063112_3195059068668406831_n.jpg\" width=\"120\" height=\"90\" \/>\r\n\t\t\t\t\t\t\t<\/a>\r\n\t\t<\/div>\r\n\t<\/div>\r\n\t\r\n\t\t\r\n \t\t\r\n\t<div id=\"ngg-image-28515\" class=\"ngg-gallery-thumbnail-box\"  >\r\n\t\t<div class=\"ngg-gallery-thumbnail\" >\r\n\t\t\t<a href=\"https:\/\/spbielsk.pl\/wp-content\/gallery\/dzien-matematyki-marzec-2025\/485898642_1175212044396447_3074946591832240145_n.jpg\" title=\" \"   rel=\"lightbox[9791]\">\r\n\t\t\t\t\t\t\t\t<img loading=\"lazy\" decoding=\"async\" title=\"485898642_1175212044396447_3074946591832240145_n\" alt=\"485898642_1175212044396447_3074946591832240145_n\" src=\"https:\/\/spbielsk.pl\/wp-content\/gallery\/dzien-matematyki-marzec-2025\/thumbs\/thumbs_485898642_1175212044396447_3074946591832240145_n.jpg\" width=\"120\" height=\"90\" \/>\r\n\t\t\t\t\t\t\t<\/a>\r\n\t\t<\/div>\r\n\t<\/div>\r\n\t\r\n\t\t\r\n \t\t\r\n\t<div id=\"ngg-image-28516\" class=\"ngg-gallery-thumbnail-box\"  >\r\n\t\t<div class=\"ngg-gallery-thumbnail\" >\r\n\t\t\t<a href=\"https:\/\/spbielsk.pl\/wp-content\/gallery\/dzien-matematyki-marzec-2025\/485911900_1175212127729772_4258364173648476498_n.jpg\" title=\" \"   rel=\"lightbox[9791]\">\r\n\t\t\t\t\t\t\t\t<img loading=\"lazy\" decoding=\"async\" title=\"485911900_1175212127729772_4258364173648476498_n\" alt=\"485911900_1175212127729772_4258364173648476498_n\" src=\"https:\/\/spbielsk.pl\/wp-content\/gallery\/dzien-matematyki-marzec-2025\/thumbs\/thumbs_485911900_1175212127729772_4258364173648476498_n.jpg\" width=\"120\" height=\"90\" \/>\r\n\t\t\t\t\t\t\t<\/a>\r\n\t\t<\/div>\r\n\t<\/div>\r\n\t\r\n\t\t\r\n \t \t\r\n\t<!-- Pagination -->\r\n \t<div class='ngg-clear'><\/div>\n \t\r\n<\/div>\r\n\r\n<\/p>\n","protected":false},"excerpt":{"rendered":"<p>14 marca w naszej szkole odby\u0142y si\u0119 obchody Dnia Matematyki, kt\u00f3re mia\u0142y na celu popularyzacj\u0119 tej nauki oraz pokazanie, \u017ce matematyka mo\u017ce by\u0107 ciekawa i anga\u017cuj\u0105ca. W tym roku uczniowie uczestniczyli w grze terenowej &#8222;Podchody matematyczne &#8211; QR-kody&#8221;, kt\u00f3ra dostarczy\u0142a im wielu emocji i dobrej zabawy. Uczniowie mieli za zadanie odnalezienie ukrytych na terenie szko\u0142y [&hellip;]<\/p>\n","protected":false},"author":1,"featured_media":9792,"comment_status":"closed","ping_status":"closed","sticky":false,"template":"","format":"standard","meta":{"footnotes":""},"categories":[5],"tags":[],"class_list":["post-9791","post","type-post","status-publish","format-standard","has-post-thumbnail","hentry","category-s-p-bielsk"],"_links":{"self":[{"href":"https:\/\/spbielsk.pl\/index.php?rest_route=\/wp\/v2\/posts\/9791","targetHints":{"allow":["GET"]}}],"collection":[{"href":"https:\/\/spbielsk.pl\/index.php?rest_route=\/wp\/v2\/posts"}],"about":[{"href":"https:\/\/spbielsk.pl\/index.php?rest_route=\/wp\/v2\/types\/post"}],"author":[{"embeddable":true,"href":"https:\/\/spbielsk.pl\/index.php?rest_route=\/wp\/v2\/users\/1"}],"replies":[{"embeddable":true,"href":"https:\/\/spbielsk.pl\/index.php?rest_route=%2Fwp%2Fv2%2Fcomments&post=9791"}],"version-history":[{"count":1,"href":"https:\/\/spbielsk.pl\/index.php?rest_route=\/wp\/v2\/posts\/9791\/revisions"}],"predecessor-version":[{"id":9793,"href":"https:\/\/spbielsk.pl\/index.php?rest_route=\/wp\/v2\/posts\/9791\/revisions\/9793"}],"wp:featuredmedia":[{"embeddable":true,"href":"https:\/\/spbielsk.pl\/index.php?rest_route=\/wp\/v2\/media\/9792"}],"wp:attachment":[{"href":"https:\/\/spbielsk.pl\/index.php?rest_route=%2Fwp%2Fv2%2Fmedia&parent=9791"}],"wp:term":[{"taxonomy":"category","embeddable":true,"href":"https:\/\/spbielsk.pl\/index.php?rest_route=%2Fwp%2Fv2%2Fcategories&post=9791"},{"taxonomy":"post_tag","embeddable":true,"href":"https:\/\/spbielsk.pl\/index.php?rest_route=%2Fwp%2Fv2%2Ftags&post=9791"}],"curies":[{"name":"wp","href":"https:\/\/api.w.org\/{rel}","templated":true}]}}