{"id":9783,"date":"2025-03-18T22:10:00","date_gmt":"2025-03-18T21:10:00","guid":{"rendered":"https:\/\/spbielsk.pl\/?p=9783"},"modified":"2025-03-19T06:11:04","modified_gmt":"2025-03-19T05:11:04","slug":"diecezjalny-konkurs-koscioly-kapliczki-krzyze-i-figury-sakralne-krajobrazy-diecezji-plockiej-w-roku-jubileuszowym-2","status":"publish","type":"post","link":"https:\/\/spbielsk.pl\/?p=9783","title":{"rendered":"Diecezjalny konkurs \u201eKo\u015bcio\u0142y, kapliczki, krzy\u017ce i figury \u2013 sakralne krajobrazy diecezji p\u0142ockiej w roku jubileuszowym\u201d"},"content":{"rendered":"\n<p style=\"text-align: justify;\">Uczniowie naszej szko\u0142y wzi\u0119li udzia\u0142 w w\/w konkursie. Prace uczennic <strong>Blanki Orszulak i Nikoli\u00a0 Gawi\u0144skiej <\/strong>zakwalifikowa\u0142y si\u0119 do fina\u0142u diecezjalnego konkursu plastycznego. Zadaniem uczestnika konkursu by\u0142o \u00a0zilustrowanie ko\u015bcio\u0142a, kaplicy, kapliczki przydro\u017cnej lub krzy\u017ca na terenie diecezji p\u0142ockiej.<\/p>\n<p style=\"text-align: justify;\">W kategorii wiekowej <strong>klas I-II <\/strong>praca uczennicy klasy Ib <strong><u>Blanki Orszulak zaj\u0119\u0142a I miejsce<\/u><\/strong><\/p>\n<p style=\"text-align: center;\"><!--more--><\/p>\n<p style=\"text-align: center;\">Gratulujemy i \u017cyczymy dalszych sukces\u00f3w.<\/p>\n<p style=\"text-align: right;\">A.M. Maruszewska<\/p>\n<p style=\"text-align: center;\">\r\n<div class=\"ngg-galleryoverview\" id=\"ngg-gallery-1091-9783\">\r\n\r\n\t<!-- Slideshow link -->\r\n\t<div class=\"slideshowlink\">\r\n\t\t<a class=\"slideshowlink\" href=\"https:\/\/spbielsk.pl\/?p=9783&amp;show=slide\">\r\n\t\t\t[Show slideshow]\t\t<\/a>\r\n\t<\/div>\r\n\r\n\t\r\n\t<!-- Thumbnails -->\r\n\t\t\r\n\t<div id=\"ngg-image-28460\" class=\"ngg-gallery-thumbnail-box\"  >\r\n\t\t<div class=\"ngg-gallery-thumbnail\" >\r\n\t\t\t<a href=\"https:\/\/spbielsk.pl\/wp-content\/gallery\/krzyze-i-kapliczki-marzec-2025\/bez-nazwy.jpg\" title=\" \"   rel=\"lightbox[9783]\">\r\n\t\t\t\t\t\t\t\t<img decoding=\"async\" title=\"bez-nazwy\" alt=\"bez-nazwy\" src=\"https:\/\/spbielsk.pl\/wp-content\/gallery\/krzyze-i-kapliczki-marzec-2025\/thumbs\/thumbs_bez-nazwy.jpg\" width=\"120\" height=\"90\" \/>\r\n\t\t\t\t\t\t\t<\/a>\r\n\t\t<\/div>\r\n\t<\/div>\r\n\t\r\n\t\t\r\n \t\t\r\n\t<div id=\"ngg-image-28461\" class=\"ngg-gallery-thumbnail-box\"  >\r\n\t\t<div class=\"ngg-gallery-thumbnail\" >\r\n\t\t\t<a href=\"https:\/\/spbielsk.pl\/wp-content\/gallery\/krzyze-i-kapliczki-marzec-2025\/bez-nazwy2.jpg\" title=\" \"   rel=\"lightbox[9783]\">\r\n\t\t\t\t\t\t\t\t<img decoding=\"async\" title=\"bez-nazwy2\" alt=\"bez-nazwy2\" src=\"https:\/\/spbielsk.pl\/wp-content\/gallery\/krzyze-i-kapliczki-marzec-2025\/thumbs\/thumbs_bez-nazwy2.jpg\" width=\"120\" height=\"90\" \/>\r\n\t\t\t\t\t\t\t<\/a>\r\n\t\t<\/div>\r\n\t<\/div>\r\n\t\r\n\t\t\r\n \t \t\r\n\t<!-- Pagination -->\r\n \t<div class='ngg-clear'><\/div>\n \t\r\n<\/div>\r\n\r\n<\/p>\n","protected":false},"excerpt":{"rendered":"<p>Uczniowie naszej szko\u0142y wzi\u0119li udzia\u0142 w w\/w konkursie. Prace uczennic Blanki Orszulak i Nikoli\u00a0 Gawi\u0144skiej zakwalifikowa\u0142y si\u0119 do fina\u0142u diecezjalnego konkursu plastycznego. Zadaniem uczestnika konkursu by\u0142o \u00a0zilustrowanie ko\u015bcio\u0142a, kaplicy, kapliczki przydro\u017cnej lub krzy\u017ca na terenie diecezji p\u0142ockiej. W kategorii wiekowej klas I-II praca uczennicy klasy Ib Blanki Orszulak zaj\u0119\u0142a I miejsce<\/p>\n","protected":false},"author":1,"featured_media":9670,"comment_status":"closed","ping_status":"closed","sticky":false,"template":"","format":"standard","meta":{"footnotes":""},"categories":[5],"tags":[],"class_list":["post-9783","post","type-post","status-publish","format-standard","has-post-thumbnail","hentry","category-s-p-bielsk"],"_links":{"self":[{"href":"https:\/\/spbielsk.pl\/index.php?rest_route=\/wp\/v2\/posts\/9783","targetHints":{"allow":["GET"]}}],"collection":[{"href":"https:\/\/spbielsk.pl\/index.php?rest_route=\/wp\/v2\/posts"}],"about":[{"href":"https:\/\/spbielsk.pl\/index.php?rest_route=\/wp\/v2\/types\/post"}],"author":[{"embeddable":true,"href":"https:\/\/spbielsk.pl\/index.php?rest_route=\/wp\/v2\/users\/1"}],"replies":[{"embeddable":true,"href":"https:\/\/spbielsk.pl\/index.php?rest_route=%2Fwp%2Fv2%2Fcomments&post=9783"}],"version-history":[{"count":1,"href":"https:\/\/spbielsk.pl\/index.php?rest_route=\/wp\/v2\/posts\/9783\/revisions"}],"predecessor-version":[{"id":9784,"href":"https:\/\/spbielsk.pl\/index.php?rest_route=\/wp\/v2\/posts\/9783\/revisions\/9784"}],"wp:featuredmedia":[{"embeddable":true,"href":"https:\/\/spbielsk.pl\/index.php?rest_route=\/wp\/v2\/media\/9670"}],"wp:attachment":[{"href":"https:\/\/spbielsk.pl\/index.php?rest_route=%2Fwp%2Fv2%2Fmedia&parent=9783"}],"wp:term":[{"taxonomy":"category","embeddable":true,"href":"https:\/\/spbielsk.pl\/index.php?rest_route=%2Fwp%2Fv2%2Fcategories&post=9783"},{"taxonomy":"post_tag","embeddable":true,"href":"https:\/\/spbielsk.pl\/index.php?rest_route=%2Fwp%2Fv2%2Ftags&post=9783"}],"curies":[{"name":"wp","href":"https:\/\/api.w.org\/{rel}","templated":true}]}}