{"id":9774,"date":"2025-03-14T17:46:21","date_gmt":"2025-03-14T16:46:21","guid":{"rendered":"https:\/\/spbielsk.pl\/?p=9774"},"modified":"2025-03-14T17:46:22","modified_gmt":"2025-03-14T16:46:22","slug":"pilka-siatkowa-klas-szostych","status":"publish","type":"post","link":"https:\/\/spbielsk.pl\/?p=9774","title":{"rendered":"PI\u0141KA SIATKOWA KLAS SZ\u00d3STYCH"},"content":{"rendered":"\n<div class=\"x11i5rnm xat24cr x1mh8g0r x1vvkbs xtlvy1s x126k92a\">\n<div dir=\"auto\" style=\"text-align: justify;\">Uczniowie klas sz\u00f3stych, zar\u00f3wno dziewcz\u0119ta jak i ch\u0142opcy wzi\u0119li udzia\u0142 w rejonowych zawodach w pi\u0142ce siatkowej. Turniej odby\u0142 na naszej hali sportowej. Po emocjonuj\u0105cych trzech wygranych meczach z reprezentacjami s\u0105siaduj\u0105cych gmin obydwie dru\u017cyny zaj\u0119\u0142y pierwsze miejsca i awansowa\u0142y do rozgrywek powiatowych.<\/div>\n<\/div>\n<div class=\"x11i5rnm xat24cr x1mh8g0r x1vvkbs xtlvy1s x126k92a\" style=\"text-align: justify;\">\n<div dir=\"auto\">W finale powiatu rozegranym w S\u0142upnie, dru\u017cyna dziewcz\u0105t ostatecznie zaj\u0119\u0142a drugie miejsce, natomiast dru\u017cyna ch\u0142opc\u00f3w trzecie miejsce.<\/div>\n<\/div>\n<div class=\"x11i5rnm xat24cr x1mh8g0r x1vvkbs xtlvy1s x126k92a\" style=\"text-align: justify;\">\n<div dir=\"auto\">Sk\u0142ad reprezentacji dziewczyn: Bielecka Hanna, Dominik Kalina, Jeziak Kalina, Marczewska Aleksandra, Reszczy\u0144ska Natalia, Reszczy\u0144ska Zuzanna, Winnicka Aleksandra, Kami\u0144ska Agnieszka, Koz\u0142owska Antonina, Kwiatkowska Zuzanna, Marcinkowska Blanka, Ma\u015blanka Zuzanna, Matuszewska Karolina.<\/div>\n<\/div>\n<p><!--more--><\/p>\n<div class=\"x11i5rnm xat24cr x1mh8g0r x1vvkbs xtlvy1s x126k92a\">\n<div dir=\"auto\" style=\"text-align: justify;\">Sk\u0142ad reprezentacji ch\u0142opc\u00f3w: Rutkowski Julian, Zi\u00f3\u0142kowski Adam, Borowski Aleksander, Dobrowolski Patryk, Karpi\u0144ski Kuba, Tokarski Karol, Winnicki Adam, Bia\u0142osk\u00f3rski Szymon, J\u0119drzejewski Marcel, Parczewski Dawid.<\/div>\n<div dir=\"auto\" style=\"text-align: center;\">\r\n<div class=\"ngg-galleryoverview\" id=\"ngg-gallery-1089-9774\">\r\n\r\n\t<!-- Slideshow link -->\r\n\t<div class=\"slideshowlink\">\r\n\t\t<a class=\"slideshowlink\" href=\"https:\/\/spbielsk.pl\/?p=9774&amp;show=slide\">\r\n\t\t\t[Show slideshow]\t\t<\/a>\r\n\t<\/div>\r\n\r\n\t\r\n\t<!-- Thumbnails -->\r\n\t\t\r\n\t<div id=\"ngg-image-28438\" class=\"ngg-gallery-thumbnail-box\"  >\r\n\t\t<div class=\"ngg-gallery-thumbnail\" >\r\n\t\t\t<a href=\"https:\/\/spbielsk.pl\/wp-content\/gallery\/zawody-siatkowka-marzec-2025\/480662502_1168434491740869_7260852015429178456_n.jpg\" title=\" \"   rel=\"lightbox[9774]\">\r\n\t\t\t\t\t\t\t\t<img decoding=\"async\" title=\"480662502_1168434491740869_7260852015429178456_n\" alt=\"480662502_1168434491740869_7260852015429178456_n\" src=\"https:\/\/spbielsk.pl\/wp-content\/gallery\/zawody-siatkowka-marzec-2025\/thumbs\/thumbs_480662502_1168434491740869_7260852015429178456_n.jpg\" width=\"120\" height=\"90\" \/>\r\n\t\t\t\t\t\t\t<\/a>\r\n\t\t<\/div>\r\n\t<\/div>\r\n\t\r\n\t\t\r\n \t\t\r\n\t<div id=\"ngg-image-28439\" class=\"ngg-gallery-thumbnail-box\"  >\r\n\t\t<div class=\"ngg-gallery-thumbnail\" >\r\n\t\t\t<a href=\"https:\/\/spbielsk.pl\/wp-content\/gallery\/zawody-siatkowka-marzec-2025\/480734507_1168434678407517_7008906926282320322_n.jpg\" title=\" \"   rel=\"lightbox[9774]\">\r\n\t\t\t\t\t\t\t\t<img decoding=\"async\" title=\"480734507_1168434678407517_7008906926282320322_n\" alt=\"480734507_1168434678407517_7008906926282320322_n\" src=\"https:\/\/spbielsk.pl\/wp-content\/gallery\/zawody-siatkowka-marzec-2025\/thumbs\/thumbs_480734507_1168434678407517_7008906926282320322_n.jpg\" width=\"120\" height=\"90\" \/>\r\n\t\t\t\t\t\t\t<\/a>\r\n\t\t<\/div>\r\n\t<\/div>\r\n\t\r\n\t\t\r\n \t\t\r\n\t<div id=\"ngg-image-28440\" class=\"ngg-gallery-thumbnail-box\"  >\r\n\t\t<div class=\"ngg-gallery-thumbnail\" >\r\n\t\t\t<a href=\"https:\/\/spbielsk.pl\/wp-content\/gallery\/zawody-siatkowka-marzec-2025\/480843655_1168434798407505_8276944838561634763_n.jpg\" title=\" \"   rel=\"lightbox[9774]\">\r\n\t\t\t\t\t\t\t\t<img decoding=\"async\" title=\"480843655_1168434798407505_8276944838561634763_n\" alt=\"480843655_1168434798407505_8276944838561634763_n\" src=\"https:\/\/spbielsk.pl\/wp-content\/gallery\/zawody-siatkowka-marzec-2025\/thumbs\/thumbs_480843655_1168434798407505_8276944838561634763_n.jpg\" width=\"120\" height=\"90\" \/>\r\n\t\t\t\t\t\t\t<\/a>\r\n\t\t<\/div>\r\n\t<\/div>\r\n\t\r\n\t\t\r\n \t\t\r\n\t<div id=\"ngg-image-28441\" class=\"ngg-gallery-thumbnail-box\"  >\r\n\t\t<div class=\"ngg-gallery-thumbnail\" >\r\n\t\t\t<a href=\"https:\/\/spbielsk.pl\/wp-content\/gallery\/zawody-siatkowka-marzec-2025\/480879760_1168434571740861_8814900314186695861_n.jpg\" title=\" \"   rel=\"lightbox[9774]\">\r\n\t\t\t\t\t\t\t\t<img loading=\"lazy\" decoding=\"async\" title=\"480879760_1168434571740861_8814900314186695861_n\" alt=\"480879760_1168434571740861_8814900314186695861_n\" src=\"https:\/\/spbielsk.pl\/wp-content\/gallery\/zawody-siatkowka-marzec-2025\/thumbs\/thumbs_480879760_1168434571740861_8814900314186695861_n.jpg\" width=\"120\" height=\"90\" \/>\r\n\t\t\t\t\t\t\t<\/a>\r\n\t\t<\/div>\r\n\t<\/div>\r\n\t\r\n\t\t\r\n \t\t\r\n\t<div id=\"ngg-image-28442\" class=\"ngg-gallery-thumbnail-box\"  >\r\n\t\t<div class=\"ngg-gallery-thumbnail\" >\r\n\t\t\t<a href=\"https:\/\/spbielsk.pl\/wp-content\/gallery\/zawody-siatkowka-marzec-2025\/480941956_1168434575074194_4981467046584041032_n.jpg\" title=\" \"   rel=\"lightbox[9774]\">\r\n\t\t\t\t\t\t\t\t<img loading=\"lazy\" decoding=\"async\" title=\"480941956_1168434575074194_4981467046584041032_n\" alt=\"480941956_1168434575074194_4981467046584041032_n\" src=\"https:\/\/spbielsk.pl\/wp-content\/gallery\/zawody-siatkowka-marzec-2025\/thumbs\/thumbs_480941956_1168434575074194_4981467046584041032_n.jpg\" width=\"120\" height=\"90\" \/>\r\n\t\t\t\t\t\t\t<\/a>\r\n\t\t<\/div>\r\n\t<\/div>\r\n\t\r\n\t\t\r\n \t\t\r\n\t<div id=\"ngg-image-28443\" class=\"ngg-gallery-thumbnail-box\"  >\r\n\t\t<div class=\"ngg-gallery-thumbnail\" >\r\n\t\t\t<a href=\"https:\/\/spbielsk.pl\/wp-content\/gallery\/zawody-siatkowka-marzec-2025\/480963464_1168434771740841_6810996229214874826_n.jpg\" title=\" \"   rel=\"lightbox[9774]\">\r\n\t\t\t\t\t\t\t\t<img loading=\"lazy\" decoding=\"async\" title=\"480963464_1168434771740841_6810996229214874826_n\" alt=\"480963464_1168434771740841_6810996229214874826_n\" src=\"https:\/\/spbielsk.pl\/wp-content\/gallery\/zawody-siatkowka-marzec-2025\/thumbs\/thumbs_480963464_1168434771740841_6810996229214874826_n.jpg\" width=\"120\" height=\"90\" \/>\r\n\t\t\t\t\t\t\t<\/a>\r\n\t\t<\/div>\r\n\t<\/div>\r\n\t\r\n\t\t\r\n \t\t\r\n\t<div id=\"ngg-image-28444\" class=\"ngg-gallery-thumbnail-box\"  >\r\n\t\t<div class=\"ngg-gallery-thumbnail\" >\r\n\t\t\t<a href=\"https:\/\/spbielsk.pl\/wp-content\/gallery\/zawody-siatkowka-marzec-2025\/482237075_1168434681740850_6729934930915516764_n.jpg\" title=\" \"   rel=\"lightbox[9774]\">\r\n\t\t\t\t\t\t\t\t<img loading=\"lazy\" decoding=\"async\" title=\"482237075_1168434681740850_6729934930915516764_n\" alt=\"482237075_1168434681740850_6729934930915516764_n\" src=\"https:\/\/spbielsk.pl\/wp-content\/gallery\/zawody-siatkowka-marzec-2025\/thumbs\/thumbs_482237075_1168434681740850_6729934930915516764_n.jpg\" width=\"120\" height=\"90\" \/>\r\n\t\t\t\t\t\t\t<\/a>\r\n\t\t<\/div>\r\n\t<\/div>\r\n\t\r\n\t\t\r\n \t\t\r\n\t<div id=\"ngg-image-28445\" class=\"ngg-gallery-thumbnail-box\"  >\r\n\t\t<div class=\"ngg-gallery-thumbnail\" >\r\n\t\t\t<a href=\"https:\/\/spbielsk.pl\/wp-content\/gallery\/zawody-siatkowka-marzec-2025\/483106233_1168434498407535_5415330517672403869_n.jpg\" title=\" \"   rel=\"lightbox[9774]\">\r\n\t\t\t\t\t\t\t\t<img loading=\"lazy\" decoding=\"async\" title=\"483106233_1168434498407535_5415330517672403869_n\" alt=\"483106233_1168434498407535_5415330517672403869_n\" src=\"https:\/\/spbielsk.pl\/wp-content\/gallery\/zawody-siatkowka-marzec-2025\/thumbs\/thumbs_483106233_1168434498407535_5415330517672403869_n.jpg\" width=\"120\" height=\"90\" \/>\r\n\t\t\t\t\t\t\t<\/a>\r\n\t\t<\/div>\r\n\t<\/div>\r\n\t\r\n\t\t\r\n \t\t\r\n\t<div id=\"ngg-image-28446\" class=\"ngg-gallery-thumbnail-box\"  >\r\n\t\t<div class=\"ngg-gallery-thumbnail\" >\r\n\t\t\t<a href=\"https:\/\/spbielsk.pl\/wp-content\/gallery\/zawody-siatkowka-marzec-2025\/483368650_1168434698407515_5817200336588437536_n.jpg\" title=\" \"   rel=\"lightbox[9774]\">\r\n\t\t\t\t\t\t\t\t<img loading=\"lazy\" decoding=\"async\" title=\"483368650_1168434698407515_5817200336588437536_n\" alt=\"483368650_1168434698407515_5817200336588437536_n\" src=\"https:\/\/spbielsk.pl\/wp-content\/gallery\/zawody-siatkowka-marzec-2025\/thumbs\/thumbs_483368650_1168434698407515_5817200336588437536_n.jpg\" width=\"120\" height=\"90\" \/>\r\n\t\t\t\t\t\t\t<\/a>\r\n\t\t<\/div>\r\n\t<\/div>\r\n\t\r\n\t\t\r\n \t\t\r\n\t<div id=\"ngg-image-28447\" class=\"ngg-gallery-thumbnail-box\"  >\r\n\t\t<div class=\"ngg-gallery-thumbnail\" >\r\n\t\t\t<a href=\"https:\/\/spbielsk.pl\/wp-content\/gallery\/zawody-siatkowka-marzec-2025\/483524016_1168434598407525_5579291767985083311_n.jpg\" title=\" \"   rel=\"lightbox[9774]\">\r\n\t\t\t\t\t\t\t\t<img loading=\"lazy\" decoding=\"async\" title=\"483524016_1168434598407525_5579291767985083311_n\" alt=\"483524016_1168434598407525_5579291767985083311_n\" src=\"https:\/\/spbielsk.pl\/wp-content\/gallery\/zawody-siatkowka-marzec-2025\/thumbs\/thumbs_483524016_1168434598407525_5579291767985083311_n.jpg\" width=\"120\" height=\"90\" \/>\r\n\t\t\t\t\t\t\t<\/a>\r\n\t\t<\/div>\r\n\t<\/div>\r\n\t\r\n\t\t\r\n \t \t\r\n\t<!-- Pagination -->\r\n \t<div class='ngg-clear'><\/div>\n \t\r\n<\/div>\r\n\r\n<\/div>\n<\/div>\n","protected":false},"excerpt":{"rendered":"<p>Uczniowie klas sz\u00f3stych, zar\u00f3wno dziewcz\u0119ta jak i ch\u0142opcy wzi\u0119li udzia\u0142 w rejonowych zawodach w pi\u0142ce siatkowej. Turniej odby\u0142 na naszej hali sportowej. Po emocjonuj\u0105cych trzech wygranych meczach z reprezentacjami s\u0105siaduj\u0105cych gmin obydwie dru\u017cyny zaj\u0119\u0142y pierwsze miejsca i awansowa\u0142y do rozgrywek powiatowych. W finale powiatu rozegranym w S\u0142upnie, dru\u017cyna dziewcz\u0105t ostatecznie zaj\u0119\u0142a drugie miejsce, natomiast dru\u017cyna [&hellip;]<\/p>\n","protected":false},"author":1,"featured_media":7870,"comment_status":"closed","ping_status":"closed","sticky":false,"template":"","format":"standard","meta":{"footnotes":""},"categories":[5],"tags":[],"class_list":["post-9774","post","type-post","status-publish","format-standard","has-post-thumbnail","hentry","category-s-p-bielsk"],"_links":{"self":[{"href":"https:\/\/spbielsk.pl\/index.php?rest_route=\/wp\/v2\/posts\/9774","targetHints":{"allow":["GET"]}}],"collection":[{"href":"https:\/\/spbielsk.pl\/index.php?rest_route=\/wp\/v2\/posts"}],"about":[{"href":"https:\/\/spbielsk.pl\/index.php?rest_route=\/wp\/v2\/types\/post"}],"author":[{"embeddable":true,"href":"https:\/\/spbielsk.pl\/index.php?rest_route=\/wp\/v2\/users\/1"}],"replies":[{"embeddable":true,"href":"https:\/\/spbielsk.pl\/index.php?rest_route=%2Fwp%2Fv2%2Fcomments&post=9774"}],"version-history":[{"count":1,"href":"https:\/\/spbielsk.pl\/index.php?rest_route=\/wp\/v2\/posts\/9774\/revisions"}],"predecessor-version":[{"id":9775,"href":"https:\/\/spbielsk.pl\/index.php?rest_route=\/wp\/v2\/posts\/9774\/revisions\/9775"}],"wp:featuredmedia":[{"embeddable":true,"href":"https:\/\/spbielsk.pl\/index.php?rest_route=\/wp\/v2\/media\/7870"}],"wp:attachment":[{"href":"https:\/\/spbielsk.pl\/index.php?rest_route=%2Fwp%2Fv2%2Fmedia&parent=9774"}],"wp:term":[{"taxonomy":"category","embeddable":true,"href":"https:\/\/spbielsk.pl\/index.php?rest_route=%2Fwp%2Fv2%2Fcategories&post=9774"},{"taxonomy":"post_tag","embeddable":true,"href":"https:\/\/spbielsk.pl\/index.php?rest_route=%2Fwp%2Fv2%2Ftags&post=9774"}],"curies":[{"name":"wp","href":"https:\/\/api.w.org\/{rel}","templated":true}]}}