{"id":9451,"date":"2024-12-08T12:36:33","date_gmt":"2024-12-08T11:36:33","guid":{"rendered":"http:\/\/spbielsk.pl\/?p=9451"},"modified":"2024-12-08T12:36:34","modified_gmt":"2024-12-08T11:36:34","slug":"konkurs-recytatorski-wiersz-o-mojej-ojczyznie-4","status":"publish","type":"post","link":"https:\/\/spbielsk.pl\/?p=9451","title":{"rendered":"KONKURS RECYTATORSKI &#8222;WIERSZ O MOJEJ OJCZY\u0179NIE&#8221;"},"content":{"rendered":"\n<div class=\"x11i5rnm xat24cr x1mh8g0r x1vvkbs xtlvy1s x126k92a\">\n<div dir=\"auto\" style=\"text-align: justify;\">&#8222;WIERSZ O MOJEJ OJCZY\u0179NIE&#8221;. To tytu\u0142 drugiej edycji konkursu recytatorskiego dla klas 1-3, kt\u00f3ry odby\u0142 si\u0119 4 grudnia w naszej szkole. \u0141\u0105cznie udzia\u0142 wzi\u0119\u0142o 22 uczestnik\u00f3w. Dzieci pi\u0119knie deklamowa\u0142y wiersze z zastosowaniem w\u0142a\u015bciwej dykcji i ekspresji oraz ciekawie interpretowa\u0142y utwory. Wszyscy mieli na sobie galowy lub bia\u0142o-czerwony str\u00f3j.<\/div>\n<\/div>\n<div class=\"x11i5rnm xat24cr x1mh8g0r x1vvkbs xtlvy1s x126k92a\" style=\"text-align: justify;\">\n<div dir=\"auto\">W czasie obrad komisji, uczniowie odgadywali zagadki patriotyczne. Za\u015bpiewali te\u017c znan\u0105 im piosenk\u0119 pt. &#8222;Jeste\u015bmy Polk\u0105 i Polakiem&#8221;.<\/div>\n<\/div>\n<div class=\"x11i5rnm xat24cr x1mh8g0r x1vvkbs xtlvy1s x126k92a\">\n<div dir=\"auto\" style=\"text-align: justify;\">Panowa\u0142a weso\u0142a i sympatyczna atmosfera. Wszyscy uczestnicy otrzymali dyplomy za udzia\u0142 i pochwa\u0142y za prezentacj\u0119 swych umiej\u0119tno\u015bci na forum szko\u0142y. Wyrazili sw\u00f3j patriotyzm przez umi\u0142owanie Ojczyzny recytacj\u0105 wierszy.<\/div>\n<\/div>\n<p><!--more--><\/p>\n<div class=\"x11i5rnm xat24cr x1mh8g0r x1vvkbs xtlvy1s x126k92a\">\n<div dir=\"auto\">Komisja w sk\u0142adzie: p. Katarzyna Rajkowska, p. Dymek Magda oraz p. Marlena Rowicka przyzna\u0142a nast\u0119puj\u0105ce miejsca:<\/div>\n<\/div>\n<div class=\"x11i5rnm xat24cr x1mh8g0r x1vvkbs xtlvy1s x126k92a\">\n<div dir=\"auto\"><span class=\"html-span xexx8yu x4uap5 x18d9i69 xkhd6sd x1hl2dhg x16tdsg8 x1vvkbs x3nfvp2 x1j61x8r x1fcty0u xdj266r xat24cr xgzva0m xhhsvwb xxymvpz xlup9mm x1kky2od\">1 <\/span>miejsce &#8211; Joanna Dobosz, klasa 2a<\/div>\n<div dir=\"auto\"><span class=\"html-span xexx8yu x4uap5 x18d9i69 xkhd6sd x1hl2dhg x16tdsg8 x1vvkbs x3nfvp2 x1j61x8r x1fcty0u xdj266r xat24cr xgzva0m xhhsvwb xxymvpz xlup9mm x1kky2od\">2 <\/span>miejsce &#8211; Luiza Racka, klasa 3b<\/div>\n<div dir=\"auto\"><span class=\"html-span xexx8yu x4uap5 x18d9i69 xkhd6sd x1hl2dhg x16tdsg8 x1vvkbs x3nfvp2 x1j61x8r x1fcty0u xdj266r xat24cr xgzva0m xhhsvwb xxymvpz xlup9mm x1kky2od\">3 <\/span>miejsce &#8211; Maria Miszewska, klasa 3a<\/div>\n<\/div>\n<div class=\"x11i5rnm xat24cr x1mh8g0r x1vvkbs xtlvy1s x126k92a\">\n<div dir=\"auto\">Wyr\u00f3\u017cnienia:<\/div>\n<\/div>\n<div class=\"x11i5rnm xat24cr x1mh8g0r x1vvkbs xtlvy1s x126k92a\">\n<div dir=\"auto\">Marcelina Ambroziak, klasa1b<\/div>\n<div dir=\"auto\">Sandra Pietraszkiewicz, klasa 3a<\/div>\n<div dir=\"auto\">Bart\u0142omiej Tomaszewski, klasa 2a<\/div>\n<div dir=\"auto\">Jakub S\u0142omski, klasa 1a<\/div>\n<div dir=\"auto\">Michalina So\u0142tan, klasa 2a<\/div>\n<\/div>\n<div class=\"x11i5rnm xat24cr x1mh8g0r x1vvkbs xtlvy1s x126k92a\">\n<div dir=\"auto\" style=\"text-align: center;\">Zwyci\u0119zcy i wyr\u00f3\u017cnieni zostali nagrodzeni dyplomami i nagrodami ksi\u0105\u017ckowymi.<\/div>\n<div dir=\"auto\" style=\"text-align: center;\">\r\n<div class=\"ngg-galleryoverview\" id=\"ngg-gallery-1050-9451\">\r\n\r\n\t<!-- Slideshow link -->\r\n\t<div class=\"slideshowlink\">\r\n\t\t<a class=\"slideshowlink\" href=\"https:\/\/spbielsk.pl\/?p=9451&amp;show=slide\">\r\n\t\t\t[Show slideshow]\t\t<\/a>\r\n\t<\/div>\r\n\r\n\t\r\n\t<!-- Thumbnails -->\r\n\t\t\r\n\t<div id=\"ngg-image-27429\" class=\"ngg-gallery-thumbnail-box\"  >\r\n\t\t<div class=\"ngg-gallery-thumbnail\" >\r\n\t\t\t<a href=\"https:\/\/spbielsk.pl\/wp-content\/gallery\/wiersze-o-ojczyznie-konkurs-recyt-grudzien-2024\/468612926_1098540325396953_2679524416168563656_n.jpg\" title=\" \"   rel=\"lightbox[9451]\">\r\n\t\t\t\t\t\t\t\t<img decoding=\"async\" title=\"468612926_1098540325396953_2679524416168563656_n\" alt=\"468612926_1098540325396953_2679524416168563656_n\" src=\"https:\/\/spbielsk.pl\/wp-content\/gallery\/wiersze-o-ojczyznie-konkurs-recyt-grudzien-2024\/thumbs\/thumbs_468612926_1098540325396953_2679524416168563656_n.jpg\" width=\"120\" height=\"90\" \/>\r\n\t\t\t\t\t\t\t<\/a>\r\n\t\t<\/div>\r\n\t<\/div>\r\n\t\r\n\t\t\r\n \t\t\r\n\t<div id=\"ngg-image-27430\" class=\"ngg-gallery-thumbnail-box\"  >\r\n\t\t<div class=\"ngg-gallery-thumbnail\" >\r\n\t\t\t<a href=\"https:\/\/spbielsk.pl\/wp-content\/gallery\/wiersze-o-ojczyznie-konkurs-recyt-grudzien-2024\/468618706_1098540042063648_5979493786274077596_n.jpg\" title=\" \"   rel=\"lightbox[9451]\">\r\n\t\t\t\t\t\t\t\t<img decoding=\"async\" title=\"468618706_1098540042063648_5979493786274077596_n\" alt=\"468618706_1098540042063648_5979493786274077596_n\" src=\"https:\/\/spbielsk.pl\/wp-content\/gallery\/wiersze-o-ojczyznie-konkurs-recyt-grudzien-2024\/thumbs\/thumbs_468618706_1098540042063648_5979493786274077596_n.jpg\" width=\"120\" height=\"90\" \/>\r\n\t\t\t\t\t\t\t<\/a>\r\n\t\t<\/div>\r\n\t<\/div>\r\n\t\r\n\t\t\r\n \t\t\r\n\t<div id=\"ngg-image-27431\" class=\"ngg-gallery-thumbnail-box\"  >\r\n\t\t<div class=\"ngg-gallery-thumbnail\" >\r\n\t\t\t<a href=\"https:\/\/spbielsk.pl\/wp-content\/gallery\/wiersze-o-ojczyznie-konkurs-recyt-grudzien-2024\/468715906_1098540645396921_1646771164681493027_n.jpg\" title=\" \"   rel=\"lightbox[9451]\">\r\n\t\t\t\t\t\t\t\t<img decoding=\"async\" title=\"468715906_1098540645396921_1646771164681493027_n\" alt=\"468715906_1098540645396921_1646771164681493027_n\" src=\"https:\/\/spbielsk.pl\/wp-content\/gallery\/wiersze-o-ojczyznie-konkurs-recyt-grudzien-2024\/thumbs\/thumbs_468715906_1098540645396921_1646771164681493027_n.jpg\" width=\"120\" height=\"90\" \/>\r\n\t\t\t\t\t\t\t<\/a>\r\n\t\t<\/div>\r\n\t<\/div>\r\n\t\r\n\t\t\r\n \t\t\r\n\t<div id=\"ngg-image-27432\" class=\"ngg-gallery-thumbnail-box\"  >\r\n\t\t<div class=\"ngg-gallery-thumbnail\" >\r\n\t\t\t<a href=\"https:\/\/spbielsk.pl\/wp-content\/gallery\/wiersze-o-ojczyznie-konkurs-recyt-grudzien-2024\/468717469_1098540122063640_2261317186592200663_n.jpg\" title=\" \"   rel=\"lightbox[9451]\">\r\n\t\t\t\t\t\t\t\t<img loading=\"lazy\" decoding=\"async\" title=\"468717469_1098540122063640_2261317186592200663_n\" alt=\"468717469_1098540122063640_2261317186592200663_n\" src=\"https:\/\/spbielsk.pl\/wp-content\/gallery\/wiersze-o-ojczyznie-konkurs-recyt-grudzien-2024\/thumbs\/thumbs_468717469_1098540122063640_2261317186592200663_n.jpg\" width=\"120\" height=\"90\" \/>\r\n\t\t\t\t\t\t\t<\/a>\r\n\t\t<\/div>\r\n\t<\/div>\r\n\t\r\n\t\t\r\n \t\t\r\n\t<div id=\"ngg-image-27433\" class=\"ngg-gallery-thumbnail-box\"  >\r\n\t\t<div class=\"ngg-gallery-thumbnail\" >\r\n\t\t\t<a href=\"https:\/\/spbielsk.pl\/wp-content\/gallery\/wiersze-o-ojczyznie-konkurs-recyt-grudzien-2024\/468718097_1098540632063589_5620213724623250980_n.jpg\" title=\" \"   rel=\"lightbox[9451]\">\r\n\t\t\t\t\t\t\t\t<img loading=\"lazy\" decoding=\"async\" title=\"468718097_1098540632063589_5620213724623250980_n\" alt=\"468718097_1098540632063589_5620213724623250980_n\" src=\"https:\/\/spbielsk.pl\/wp-content\/gallery\/wiersze-o-ojczyznie-konkurs-recyt-grudzien-2024\/thumbs\/thumbs_468718097_1098540632063589_5620213724623250980_n.jpg\" width=\"120\" height=\"90\" \/>\r\n\t\t\t\t\t\t\t<\/a>\r\n\t\t<\/div>\r\n\t<\/div>\r\n\t\r\n\t\t\r\n \t\t\r\n\t<div id=\"ngg-image-27434\" class=\"ngg-gallery-thumbnail-box\"  >\r\n\t\t<div class=\"ngg-gallery-thumbnail\" >\r\n\t\t\t<a href=\"https:\/\/spbielsk.pl\/wp-content\/gallery\/wiersze-o-ojczyznie-konkurs-recyt-grudzien-2024\/468821831_1098540422063610_7652012029989235395_n.jpg\" title=\" \"   rel=\"lightbox[9451]\">\r\n\t\t\t\t\t\t\t\t<img loading=\"lazy\" decoding=\"async\" title=\"468821831_1098540422063610_7652012029989235395_n\" alt=\"468821831_1098540422063610_7652012029989235395_n\" src=\"https:\/\/spbielsk.pl\/wp-content\/gallery\/wiersze-o-ojczyznie-konkurs-recyt-grudzien-2024\/thumbs\/thumbs_468821831_1098540422063610_7652012029989235395_n.jpg\" width=\"120\" height=\"90\" \/>\r\n\t\t\t\t\t\t\t<\/a>\r\n\t\t<\/div>\r\n\t<\/div>\r\n\t\r\n\t\t\r\n \t\t\r\n\t<div id=\"ngg-image-27435\" class=\"ngg-gallery-thumbnail-box\"  >\r\n\t\t<div class=\"ngg-gallery-thumbnail\" >\r\n\t\t\t<a href=\"https:\/\/spbielsk.pl\/wp-content\/gallery\/wiersze-o-ojczyznie-konkurs-recyt-grudzien-2024\/468840155_1098540608730258_621003068138975047_n.jpg\" title=\" \"   rel=\"lightbox[9451]\">\r\n\t\t\t\t\t\t\t\t<img loading=\"lazy\" decoding=\"async\" title=\"468840155_1098540608730258_621003068138975047_n\" alt=\"468840155_1098540608730258_621003068138975047_n\" src=\"https:\/\/spbielsk.pl\/wp-content\/gallery\/wiersze-o-ojczyznie-konkurs-recyt-grudzien-2024\/thumbs\/thumbs_468840155_1098540608730258_621003068138975047_n.jpg\" width=\"120\" height=\"90\" \/>\r\n\t\t\t\t\t\t\t<\/a>\r\n\t\t<\/div>\r\n\t<\/div>\r\n\t\r\n\t\t\r\n \t\t\r\n\t<div id=\"ngg-image-27436\" class=\"ngg-gallery-thumbnail-box\"  >\r\n\t\t<div class=\"ngg-gallery-thumbnail\" >\r\n\t\t\t<a href=\"https:\/\/spbielsk.pl\/wp-content\/gallery\/wiersze-o-ojczyznie-konkurs-recyt-grudzien-2024\/468865291_1098540415396944_2769076412917608268_n.jpg\" title=\" \"   rel=\"lightbox[9451]\">\r\n\t\t\t\t\t\t\t\t<img loading=\"lazy\" decoding=\"async\" title=\"468865291_1098540415396944_2769076412917608268_n\" alt=\"468865291_1098540415396944_2769076412917608268_n\" src=\"https:\/\/spbielsk.pl\/wp-content\/gallery\/wiersze-o-ojczyznie-konkurs-recyt-grudzien-2024\/thumbs\/thumbs_468865291_1098540415396944_2769076412917608268_n.jpg\" width=\"120\" height=\"90\" \/>\r\n\t\t\t\t\t\t\t<\/a>\r\n\t\t<\/div>\r\n\t<\/div>\r\n\t\r\n\t\t\r\n \t\t\r\n\t<div id=\"ngg-image-27437\" class=\"ngg-gallery-thumbnail-box\"  >\r\n\t\t<div class=\"ngg-gallery-thumbnail\" >\r\n\t\t\t<a href=\"https:\/\/spbielsk.pl\/wp-content\/gallery\/wiersze-o-ojczyznie-konkurs-recyt-grudzien-2024\/468897606_1098540502063602_5308582261573836699_n.jpg\" title=\" \"   rel=\"lightbox[9451]\">\r\n\t\t\t\t\t\t\t\t<img loading=\"lazy\" decoding=\"async\" title=\"468897606_1098540502063602_5308582261573836699_n\" alt=\"468897606_1098540502063602_5308582261573836699_n\" src=\"https:\/\/spbielsk.pl\/wp-content\/gallery\/wiersze-o-ojczyznie-konkurs-recyt-grudzien-2024\/thumbs\/thumbs_468897606_1098540502063602_5308582261573836699_n.jpg\" width=\"120\" height=\"90\" \/>\r\n\t\t\t\t\t\t\t<\/a>\r\n\t\t<\/div>\r\n\t<\/div>\r\n\t\r\n\t\t\r\n \t\t\r\n\t<div id=\"ngg-image-27438\" class=\"ngg-gallery-thumbnail-box\"  >\r\n\t\t<div class=\"ngg-gallery-thumbnail\" >\r\n\t\t\t<a href=\"https:\/\/spbielsk.pl\/wp-content\/gallery\/wiersze-o-ojczyznie-konkurs-recyt-grudzien-2024\/468955411_1098540702063582_2088991848288635746_n.jpg\" title=\" \"   rel=\"lightbox[9451]\">\r\n\t\t\t\t\t\t\t\t<img loading=\"lazy\" decoding=\"async\" title=\"468955411_1098540702063582_2088991848288635746_n\" alt=\"468955411_1098540702063582_2088991848288635746_n\" src=\"https:\/\/spbielsk.pl\/wp-content\/gallery\/wiersze-o-ojczyznie-konkurs-recyt-grudzien-2024\/thumbs\/thumbs_468955411_1098540702063582_2088991848288635746_n.jpg\" width=\"120\" height=\"90\" \/>\r\n\t\t\t\t\t\t\t<\/a>\r\n\t\t<\/div>\r\n\t<\/div>\r\n\t\r\n\t\t\r\n \t\t\r\n\t<div id=\"ngg-image-27439\" class=\"ngg-gallery-thumbnail-box\"  >\r\n\t\t<div class=\"ngg-gallery-thumbnail\" >\r\n\t\t\t<a href=\"https:\/\/spbielsk.pl\/wp-content\/gallery\/wiersze-o-ojczyznie-konkurs-recyt-grudzien-2024\/469042815_1098540732063579_8256435495006990471_n.jpg\" title=\" \"   rel=\"lightbox[9451]\">\r\n\t\t\t\t\t\t\t\t<img loading=\"lazy\" decoding=\"async\" title=\"469042815_1098540732063579_8256435495006990471_n\" alt=\"469042815_1098540732063579_8256435495006990471_n\" src=\"https:\/\/spbielsk.pl\/wp-content\/gallery\/wiersze-o-ojczyznie-konkurs-recyt-grudzien-2024\/thumbs\/thumbs_469042815_1098540732063579_8256435495006990471_n.jpg\" width=\"120\" height=\"90\" \/>\r\n\t\t\t\t\t\t\t<\/a>\r\n\t\t<\/div>\r\n\t<\/div>\r\n\t\r\n\t\t\r\n \t\t\r\n\t<div id=\"ngg-image-27440\" class=\"ngg-gallery-thumbnail-box\"  >\r\n\t\t<div class=\"ngg-gallery-thumbnail\" >\r\n\t\t\t<a href=\"https:\/\/spbielsk.pl\/wp-content\/gallery\/wiersze-o-ojczyznie-konkurs-recyt-grudzien-2024\/469043905_1098540108730308_294528755545332296_n.jpg\" title=\" \"   rel=\"lightbox[9451]\">\r\n\t\t\t\t\t\t\t\t<img loading=\"lazy\" decoding=\"async\" title=\"469043905_1098540108730308_294528755545332296_n\" alt=\"469043905_1098540108730308_294528755545332296_n\" src=\"https:\/\/spbielsk.pl\/wp-content\/gallery\/wiersze-o-ojczyznie-konkurs-recyt-grudzien-2024\/thumbs\/thumbs_469043905_1098540108730308_294528755545332296_n.jpg\" width=\"120\" height=\"90\" \/>\r\n\t\t\t\t\t\t\t<\/a>\r\n\t\t<\/div>\r\n\t<\/div>\r\n\t\r\n\t\t\r\n \t\t\r\n\t<div id=\"ngg-image-27441\" class=\"ngg-gallery-thumbnail-box\"  >\r\n\t\t<div class=\"ngg-gallery-thumbnail\" >\r\n\t\t\t<a href=\"https:\/\/spbielsk.pl\/wp-content\/gallery\/wiersze-o-ojczyznie-konkurs-recyt-grudzien-2024\/469044026_1098540232063629_1172226954013957040_n.jpg\" title=\" \"   rel=\"lightbox[9451]\">\r\n\t\t\t\t\t\t\t\t<img loading=\"lazy\" decoding=\"async\" title=\"469044026_1098540232063629_1172226954013957040_n\" alt=\"469044026_1098540232063629_1172226954013957040_n\" src=\"https:\/\/spbielsk.pl\/wp-content\/gallery\/wiersze-o-ojczyznie-konkurs-recyt-grudzien-2024\/thumbs\/thumbs_469044026_1098540232063629_1172226954013957040_n.jpg\" width=\"120\" height=\"90\" \/>\r\n\t\t\t\t\t\t\t<\/a>\r\n\t\t<\/div>\r\n\t<\/div>\r\n\t\r\n\t\t\r\n \t\t\r\n\t<div id=\"ngg-image-27442\" class=\"ngg-gallery-thumbnail-box\"  >\r\n\t\t<div class=\"ngg-gallery-thumbnail\" >\r\n\t\t\t<a href=\"https:\/\/spbielsk.pl\/wp-content\/gallery\/wiersze-o-ojczyznie-konkurs-recyt-grudzien-2024\/469076499_1098540228730296_609311872209132018_n.jpg\" title=\" \"   rel=\"lightbox[9451]\">\r\n\t\t\t\t\t\t\t\t<img loading=\"lazy\" decoding=\"async\" title=\"469076499_1098540228730296_609311872209132018_n\" alt=\"469076499_1098540228730296_609311872209132018_n\" src=\"https:\/\/spbielsk.pl\/wp-content\/gallery\/wiersze-o-ojczyznie-konkurs-recyt-grudzien-2024\/thumbs\/thumbs_469076499_1098540228730296_609311872209132018_n.jpg\" width=\"120\" height=\"90\" \/>\r\n\t\t\t\t\t\t\t<\/a>\r\n\t\t<\/div>\r\n\t<\/div>\r\n\t\r\n\t\t\r\n \t\t\r\n\t<div id=\"ngg-image-27443\" class=\"ngg-gallery-thumbnail-box\"  >\r\n\t\t<div class=\"ngg-gallery-thumbnail\" >\r\n\t\t\t<a href=\"https:\/\/spbielsk.pl\/wp-content\/gallery\/wiersze-o-ojczyznie-konkurs-recyt-grudzien-2024\/469223166_1098540538730265_284226824778544266_n.jpg\" title=\" \"   rel=\"lightbox[9451]\">\r\n\t\t\t\t\t\t\t\t<img loading=\"lazy\" decoding=\"async\" title=\"469223166_1098540538730265_284226824778544266_n\" alt=\"469223166_1098540538730265_284226824778544266_n\" src=\"https:\/\/spbielsk.pl\/wp-content\/gallery\/wiersze-o-ojczyznie-konkurs-recyt-grudzien-2024\/thumbs\/thumbs_469223166_1098540538730265_284226824778544266_n.jpg\" width=\"120\" height=\"90\" \/>\r\n\t\t\t\t\t\t\t<\/a>\r\n\t\t<\/div>\r\n\t<\/div>\r\n\t\r\n\t\t\r\n \t\t\r\n\t<div id=\"ngg-image-27444\" class=\"ngg-gallery-thumbnail-box\"  >\r\n\t\t<div class=\"ngg-gallery-thumbnail\" >\r\n\t\t\t<a href=\"https:\/\/spbielsk.pl\/wp-content\/gallery\/wiersze-o-ojczyznie-konkurs-recyt-grudzien-2024\/469319334_1098540038730315_4785333247624772416_n.jpg\" title=\" \"   rel=\"lightbox[9451]\">\r\n\t\t\t\t\t\t\t\t<img loading=\"lazy\" decoding=\"async\" title=\"469319334_1098540038730315_4785333247624772416_n\" alt=\"469319334_1098540038730315_4785333247624772416_n\" src=\"https:\/\/spbielsk.pl\/wp-content\/gallery\/wiersze-o-ojczyznie-konkurs-recyt-grudzien-2024\/thumbs\/thumbs_469319334_1098540038730315_4785333247624772416_n.jpg\" width=\"120\" height=\"90\" \/>\r\n\t\t\t\t\t\t\t<\/a>\r\n\t\t<\/div>\r\n\t<\/div>\r\n\t\r\n\t\t\r\n \t\t\r\n\t<div id=\"ngg-image-27445\" class=\"ngg-gallery-thumbnail-box\"  >\r\n\t\t<div class=\"ngg-gallery-thumbnail\" >\r\n\t\t\t<a href=\"https:\/\/spbielsk.pl\/wp-content\/gallery\/wiersze-o-ojczyznie-konkurs-recyt-grudzien-2024\/469324367_1098540118730307_2380661304683002144_n.jpg\" title=\" \"   rel=\"lightbox[9451]\">\r\n\t\t\t\t\t\t\t\t<img loading=\"lazy\" decoding=\"async\" title=\"469324367_1098540118730307_2380661304683002144_n\" alt=\"469324367_1098540118730307_2380661304683002144_n\" src=\"https:\/\/spbielsk.pl\/wp-content\/gallery\/wiersze-o-ojczyznie-konkurs-recyt-grudzien-2024\/thumbs\/thumbs_469324367_1098540118730307_2380661304683002144_n.jpg\" width=\"120\" height=\"90\" \/>\r\n\t\t\t\t\t\t\t<\/a>\r\n\t\t<\/div>\r\n\t<\/div>\r\n\t\r\n\t\t\r\n \t\t\r\n\t<div id=\"ngg-image-27446\" class=\"ngg-gallery-thumbnail-box\"  >\r\n\t\t<div class=\"ngg-gallery-thumbnail\" >\r\n\t\t\t<a href=\"https:\/\/spbielsk.pl\/wp-content\/gallery\/wiersze-o-ojczyznie-konkurs-recyt-grudzien-2024\/469324926_1098540318730287_5496998266736437004_n.jpg\" title=\" \"   rel=\"lightbox[9451]\">\r\n\t\t\t\t\t\t\t\t<img loading=\"lazy\" decoding=\"async\" title=\"469324926_1098540318730287_5496998266736437004_n\" alt=\"469324926_1098540318730287_5496998266736437004_n\" src=\"https:\/\/spbielsk.pl\/wp-content\/gallery\/wiersze-o-ojczyznie-konkurs-recyt-grudzien-2024\/thumbs\/thumbs_469324926_1098540318730287_5496998266736437004_n.jpg\" width=\"120\" height=\"90\" \/>\r\n\t\t\t\t\t\t\t<\/a>\r\n\t\t<\/div>\r\n\t<\/div>\r\n\t\r\n\t\t\r\n \t\t\r\n\t<div id=\"ngg-image-27447\" class=\"ngg-gallery-thumbnail-box\"  >\r\n\t\t<div class=\"ngg-gallery-thumbnail\" >\r\n\t\t\t<a href=\"https:\/\/spbielsk.pl\/wp-content\/gallery\/wiersze-o-ojczyznie-konkurs-recyt-grudzien-2024\/469360623_1098540035396982_5039469176740907679_n.jpg\" title=\" \"   rel=\"lightbox[9451]\">\r\n\t\t\t\t\t\t\t\t<img loading=\"lazy\" decoding=\"async\" title=\"469360623_1098540035396982_5039469176740907679_n\" alt=\"469360623_1098540035396982_5039469176740907679_n\" src=\"https:\/\/spbielsk.pl\/wp-content\/gallery\/wiersze-o-ojczyznie-konkurs-recyt-grudzien-2024\/thumbs\/thumbs_469360623_1098540035396982_5039469176740907679_n.jpg\" width=\"120\" height=\"90\" \/>\r\n\t\t\t\t\t\t\t<\/a>\r\n\t\t<\/div>\r\n\t<\/div>\r\n\t\r\n\t\t\r\n \t\t\r\n\t<div id=\"ngg-image-27448\" class=\"ngg-gallery-thumbnail-box\"  >\r\n\t\t<div class=\"ngg-gallery-thumbnail\" >\r\n\t\t\t<a href=\"https:\/\/spbielsk.pl\/wp-content\/gallery\/wiersze-o-ojczyznie-konkurs-recyt-grudzien-2024\/469360995_1098540432063609_1916406776958707154_n.jpg\" title=\" \"   rel=\"lightbox[9451]\">\r\n\t\t\t\t\t\t\t\t<img loading=\"lazy\" decoding=\"async\" title=\"469360995_1098540432063609_1916406776958707154_n\" alt=\"469360995_1098540432063609_1916406776958707154_n\" src=\"https:\/\/spbielsk.pl\/wp-content\/gallery\/wiersze-o-ojczyznie-konkurs-recyt-grudzien-2024\/thumbs\/thumbs_469360995_1098540432063609_1916406776958707154_n.jpg\" width=\"120\" height=\"90\" \/>\r\n\t\t\t\t\t\t\t<\/a>\r\n\t\t<\/div>\r\n\t<\/div>\r\n\t\r\n\t\t\r\n \t\t\r\n\t<div id=\"ngg-image-27449\" class=\"ngg-gallery-thumbnail-box\"  >\r\n\t\t<div class=\"ngg-gallery-thumbnail\" >\r\n\t\t\t<a href=\"https:\/\/spbielsk.pl\/wp-content\/gallery\/wiersze-o-ojczyznie-konkurs-recyt-grudzien-2024\/469451774_1098540755396910_1436905902265783851_n.jpg\" title=\" \"   rel=\"lightbox[9451]\">\r\n\t\t\t\t\t\t\t\t<img loading=\"lazy\" decoding=\"async\" title=\"469451774_1098540755396910_1436905902265783851_n\" alt=\"469451774_1098540755396910_1436905902265783851_n\" src=\"https:\/\/spbielsk.pl\/wp-content\/gallery\/wiersze-o-ojczyznie-konkurs-recyt-grudzien-2024\/thumbs\/thumbs_469451774_1098540755396910_1436905902265783851_n.jpg\" width=\"120\" height=\"90\" \/>\r\n\t\t\t\t\t\t\t<\/a>\r\n\t\t<\/div>\r\n\t<\/div>\r\n\t\r\n\t\t\r\n \t\t\r\n\t<div id=\"ngg-image-27450\" class=\"ngg-gallery-thumbnail-box\"  >\r\n\t\t<div class=\"ngg-gallery-thumbnail\" >\r\n\t\t\t<a href=\"https:\/\/spbielsk.pl\/wp-content\/gallery\/wiersze-o-ojczyznie-konkurs-recyt-grudzien-2024\/469452267_1098540332063619_3407162050381783462_n.jpg\" title=\" \"   rel=\"lightbox[9451]\">\r\n\t\t\t\t\t\t\t\t<img loading=\"lazy\" decoding=\"async\" title=\"469452267_1098540332063619_3407162050381783462_n\" alt=\"469452267_1098540332063619_3407162050381783462_n\" src=\"https:\/\/spbielsk.pl\/wp-content\/gallery\/wiersze-o-ojczyznie-konkurs-recyt-grudzien-2024\/thumbs\/thumbs_469452267_1098540332063619_3407162050381783462_n.jpg\" width=\"120\" height=\"90\" \/>\r\n\t\t\t\t\t\t\t<\/a>\r\n\t\t<\/div>\r\n\t<\/div>\r\n\t\r\n\t\t\r\n \t\t\r\n\t<div id=\"ngg-image-27451\" class=\"ngg-gallery-thumbnail-box\"  >\r\n\t\t<div class=\"ngg-gallery-thumbnail\" >\r\n\t\t\t<a href=\"https:\/\/spbielsk.pl\/wp-content\/gallery\/wiersze-o-ojczyznie-konkurs-recyt-grudzien-2024\/469482480_1098540542063598_5655448649263065605_n.jpg\" title=\" \"   rel=\"lightbox[9451]\">\r\n\t\t\t\t\t\t\t\t<img loading=\"lazy\" decoding=\"async\" title=\"469482480_1098540542063598_5655448649263065605_n\" alt=\"469482480_1098540542063598_5655448649263065605_n\" src=\"https:\/\/spbielsk.pl\/wp-content\/gallery\/wiersze-o-ojczyznie-konkurs-recyt-grudzien-2024\/thumbs\/thumbs_469482480_1098540542063598_5655448649263065605_n.jpg\" width=\"120\" height=\"90\" \/>\r\n\t\t\t\t\t\t\t<\/a>\r\n\t\t<\/div>\r\n\t<\/div>\r\n\t\r\n\t\t\r\n \t\t\r\n\t<div id=\"ngg-image-27452\" class=\"ngg-gallery-thumbnail-box\"  >\r\n\t\t<div class=\"ngg-gallery-thumbnail\" >\r\n\t\t\t<a href=\"https:\/\/spbielsk.pl\/wp-content\/gallery\/wiersze-o-ojczyznie-konkurs-recyt-grudzien-2024\/469556965_1098540235396962_879311216990736659_n.jpg\" title=\" \"   rel=\"lightbox[9451]\">\r\n\t\t\t\t\t\t\t\t<img loading=\"lazy\" decoding=\"async\" title=\"469556965_1098540235396962_879311216990736659_n\" alt=\"469556965_1098540235396962_879311216990736659_n\" src=\"https:\/\/spbielsk.pl\/wp-content\/gallery\/wiersze-o-ojczyznie-konkurs-recyt-grudzien-2024\/thumbs\/thumbs_469556965_1098540235396962_879311216990736659_n.jpg\" width=\"120\" height=\"90\" \/>\r\n\t\t\t\t\t\t\t<\/a>\r\n\t\t<\/div>\r\n\t<\/div>\r\n\t\r\n\t\t\r\n \t \t\r\n\t<!-- Pagination -->\r\n \t<div class='ngg-clear'><\/div>\n \t\r\n<\/div>\r\n\r\n<\/div>\n<\/div>\n","protected":false},"excerpt":{"rendered":"<p>&#8222;WIERSZ O MOJEJ OJCZY\u0179NIE&#8221;. To tytu\u0142 drugiej edycji konkursu recytatorskiego dla klas 1-3, kt\u00f3ry odby\u0142 si\u0119 4 grudnia w naszej szkole. \u0141\u0105cznie udzia\u0142 wzi\u0119\u0142o 22 uczestnik\u00f3w. Dzieci pi\u0119knie deklamowa\u0142y wiersze z zastosowaniem w\u0142a\u015bciwej dykcji i ekspresji oraz ciekawie interpretowa\u0142y utwory. Wszyscy mieli na sobie galowy lub bia\u0142o-czerwony str\u00f3j. W czasie obrad komisji, uczniowie odgadywali zagadki [&hellip;]<\/p>\n","protected":false},"author":1,"featured_media":9452,"comment_status":"closed","ping_status":"closed","sticky":false,"template":"","format":"standard","meta":{"footnotes":""},"categories":[5],"tags":[],"class_list":["post-9451","post","type-post","status-publish","format-standard","has-post-thumbnail","hentry","category-s-p-bielsk"],"_links":{"self":[{"href":"https:\/\/spbielsk.pl\/index.php?rest_route=\/wp\/v2\/posts\/9451","targetHints":{"allow":["GET"]}}],"collection":[{"href":"https:\/\/spbielsk.pl\/index.php?rest_route=\/wp\/v2\/posts"}],"about":[{"href":"https:\/\/spbielsk.pl\/index.php?rest_route=\/wp\/v2\/types\/post"}],"author":[{"embeddable":true,"href":"https:\/\/spbielsk.pl\/index.php?rest_route=\/wp\/v2\/users\/1"}],"replies":[{"embeddable":true,"href":"https:\/\/spbielsk.pl\/index.php?rest_route=%2Fwp%2Fv2%2Fcomments&post=9451"}],"version-history":[{"count":1,"href":"https:\/\/spbielsk.pl\/index.php?rest_route=\/wp\/v2\/posts\/9451\/revisions"}],"predecessor-version":[{"id":9453,"href":"https:\/\/spbielsk.pl\/index.php?rest_route=\/wp\/v2\/posts\/9451\/revisions\/9453"}],"wp:featuredmedia":[{"embeddable":true,"href":"https:\/\/spbielsk.pl\/index.php?rest_route=\/wp\/v2\/media\/9452"}],"wp:attachment":[{"href":"https:\/\/spbielsk.pl\/index.php?rest_route=%2Fwp%2Fv2%2Fmedia&parent=9451"}],"wp:term":[{"taxonomy":"category","embeddable":true,"href":"https:\/\/spbielsk.pl\/index.php?rest_route=%2Fwp%2Fv2%2Fcategories&post=9451"},{"taxonomy":"post_tag","embeddable":true,"href":"https:\/\/spbielsk.pl\/index.php?rest_route=%2Fwp%2Fv2%2Ftags&post=9451"}],"curies":[{"name":"wp","href":"https:\/\/api.w.org\/{rel}","templated":true}]}}