{"id":9445,"date":"2024-12-08T12:22:51","date_gmt":"2024-12-08T11:22:51","guid":{"rendered":"http:\/\/spbielsk.pl\/?p=9445"},"modified":"2024-12-08T12:22:52","modified_gmt":"2024-12-08T11:22:52","slug":"lekcja-sercem-malowana","status":"publish","type":"post","link":"https:\/\/spbielsk.pl\/?p=9445","title":{"rendered":"LEKCJA SERCEM MALOWANA"},"content":{"rendered":"\n<div class=\"x11i5rnm xat24cr x1mh8g0r x1vvkbs xtlvy1s x126k92a\">\n<div dir=\"auto\" style=\"text-align: justify;\">Uczniowie klasy 7a dziel\u0105 si\u0119 dobrem<span class=\"html-span xexx8yu x4uap5 x18d9i69 xkhd6sd x1hl2dhg x16tdsg8 x1vvkbs x3nfvp2 x1j61x8r x1fcty0u xdj266r xat24cr xgzva0m xhhsvwb xxymvpz xlup9mm x1kky2od\">!<\/span><\/div>\n<\/div>\n<div class=\"x11i5rnm xat24cr x1mh8g0r x1vvkbs xtlvy1s x126k92a\" style=\"text-align: justify;\">\n<div dir=\"auto\">Podczas lekcji plastyki, m\u0142odzie\u017c przygotowa\u0142a kartki \u015bwi\u0105teczne dla podopiecznych Fundacji Miasto-Pa\u0144stwo w P\u0142ocku.\u00a0<\/div>\n<\/div>\n<div class=\"x11i5rnm xat24cr x1mh8g0r x1vvkbs xtlvy1s x126k92a\" style=\"text-align: justify;\">\n<div dir=\"auto\">Kartki &#8222;sercem malowane&#8221; zostan\u0105 rozdane potrzebuj\u0105cym podczas spotkania \u015bwi\u0105tecznego, kt\u00f3re odb\u0119dzie si\u0119 14 grudnia w siedzibie fundacji.<\/div>\n<\/div>\n<div class=\"x11i5rnm xat24cr x1mh8g0r x1vvkbs xtlvy1s x126k92a\">\n<div dir=\"auto\" style=\"text-align: justify;\">Serdecznie dzi\u0119kujemy klasie VIIa za ogromne zaanga\u017cowanie, bo warto pomaga\u0107<span class=\"html-span xexx8yu x4uap5 x18d9i69 xkhd6sd x1hl2dhg x16tdsg8 x1vvkbs x3nfvp2 x1j61x8r x1fcty0u xdj266r xat24cr xgzva0m xhhsvwb xxymvpz xlup9mm x1kky2od\">!<\/span><\/div>\n<\/div>\n<p><!--more--><\/p>\n<div dir=\"auto\" style=\"text-align: center;\">\r\n<div class=\"ngg-galleryoverview\" id=\"ngg-gallery-1048-9445\">\r\n\r\n\t<!-- Slideshow link -->\r\n\t<div class=\"slideshowlink\">\r\n\t\t<a class=\"slideshowlink\" href=\"https:\/\/spbielsk.pl\/?p=9445&amp;show=slide\">\r\n\t\t\t[Show slideshow]\t\t<\/a>\r\n\t<\/div>\r\n\r\n\t\r\n\t<!-- Thumbnails -->\r\n\t\t\r\n\t<div id=\"ngg-image-27411\" class=\"ngg-gallery-thumbnail-box\"  >\r\n\t\t<div class=\"ngg-gallery-thumbnail\" >\r\n\t\t\t<a href=\"https:\/\/spbielsk.pl\/wp-content\/gallery\/lekcja-sercem-malowana-grudzien-2024\/468717475_1098502295400756_3964166064572512555_n.jpg\" title=\" \"   rel=\"lightbox[9445]\">\r\n\t\t\t\t\t\t\t\t<img decoding=\"async\" title=\"468717475_1098502295400756_3964166064572512555_n\" alt=\"468717475_1098502295400756_3964166064572512555_n\" src=\"https:\/\/spbielsk.pl\/wp-content\/gallery\/lekcja-sercem-malowana-grudzien-2024\/thumbs\/thumbs_468717475_1098502295400756_3964166064572512555_n.jpg\" width=\"120\" height=\"90\" \/>\r\n\t\t\t\t\t\t\t<\/a>\r\n\t\t<\/div>\r\n\t<\/div>\r\n\t\r\n\t\t\r\n \t\t\r\n\t<div id=\"ngg-image-27412\" class=\"ngg-gallery-thumbnail-box\"  >\r\n\t\t<div class=\"ngg-gallery-thumbnail\" >\r\n\t\t\t<a href=\"https:\/\/spbielsk.pl\/wp-content\/gallery\/lekcja-sercem-malowana-grudzien-2024\/468955350_1098502298734089_8336024465702299802_n.jpg\" title=\" \"   rel=\"lightbox[9445]\">\r\n\t\t\t\t\t\t\t\t<img decoding=\"async\" title=\"468955350_1098502298734089_8336024465702299802_n\" alt=\"468955350_1098502298734089_8336024465702299802_n\" src=\"https:\/\/spbielsk.pl\/wp-content\/gallery\/lekcja-sercem-malowana-grudzien-2024\/thumbs\/thumbs_468955350_1098502298734089_8336024465702299802_n.jpg\" width=\"120\" height=\"90\" \/>\r\n\t\t\t\t\t\t\t<\/a>\r\n\t\t<\/div>\r\n\t<\/div>\r\n\t\r\n\t\t\r\n \t\t\r\n\t<div id=\"ngg-image-27413\" class=\"ngg-gallery-thumbnail-box\"  >\r\n\t\t<div class=\"ngg-gallery-thumbnail\" >\r\n\t\t\t<a href=\"https:\/\/spbielsk.pl\/wp-content\/gallery\/lekcja-sercem-malowana-grudzien-2024\/469043857_1098503345400651_6113307819996995849_n.jpg\" title=\" \"   rel=\"lightbox[9445]\">\r\n\t\t\t\t\t\t\t\t<img decoding=\"async\" title=\"469043857_1098503345400651_6113307819996995849_n\" alt=\"469043857_1098503345400651_6113307819996995849_n\" src=\"https:\/\/spbielsk.pl\/wp-content\/gallery\/lekcja-sercem-malowana-grudzien-2024\/thumbs\/thumbs_469043857_1098503345400651_6113307819996995849_n.jpg\" width=\"120\" height=\"90\" \/>\r\n\t\t\t\t\t\t\t<\/a>\r\n\t\t<\/div>\r\n\t<\/div>\r\n\t\r\n\t\t\r\n \t\t\r\n\t<div id=\"ngg-image-27414\" class=\"ngg-gallery-thumbnail-box\"  >\r\n\t\t<div class=\"ngg-gallery-thumbnail\" >\r\n\t\t\t<a href=\"https:\/\/spbielsk.pl\/wp-content\/gallery\/lekcja-sercem-malowana-grudzien-2024\/469318646_1098503408733978_2522494642761203873_n.jpg\" title=\" \"   rel=\"lightbox[9445]\">\r\n\t\t\t\t\t\t\t\t<img loading=\"lazy\" decoding=\"async\" title=\"469318646_1098503408733978_2522494642761203873_n\" alt=\"469318646_1098503408733978_2522494642761203873_n\" src=\"https:\/\/spbielsk.pl\/wp-content\/gallery\/lekcja-sercem-malowana-grudzien-2024\/thumbs\/thumbs_469318646_1098503408733978_2522494642761203873_n.jpg\" width=\"120\" height=\"90\" \/>\r\n\t\t\t\t\t\t\t<\/a>\r\n\t\t<\/div>\r\n\t<\/div>\r\n\t\r\n\t\t\r\n \t\t\r\n\t<div id=\"ngg-image-27415\" class=\"ngg-gallery-thumbnail-box\"  >\r\n\t\t<div class=\"ngg-gallery-thumbnail\" >\r\n\t\t\t<a href=\"https:\/\/spbielsk.pl\/wp-content\/gallery\/lekcja-sercem-malowana-grudzien-2024\/ototo.jpg\" title=\" \"   rel=\"lightbox[9445]\">\r\n\t\t\t\t\t\t\t\t<img loading=\"lazy\" decoding=\"async\" title=\"ototo\" alt=\"ototo\" src=\"https:\/\/spbielsk.pl\/wp-content\/gallery\/lekcja-sercem-malowana-grudzien-2024\/thumbs\/thumbs_ototo.jpg\" width=\"120\" height=\"90\" \/>\r\n\t\t\t\t\t\t\t<\/a>\r\n\t\t<\/div>\r\n\t<\/div>\r\n\t\r\n\t\t\r\n \t \t\r\n\t<!-- Pagination -->\r\n \t<div class='ngg-clear'><\/div>\n \t\r\n<\/div>\r\n\r\n<\/div>\n<div dir=\"auto\">\u00a0<\/div>\n","protected":false},"excerpt":{"rendered":"<p>Uczniowie klasy 7a dziel\u0105 si\u0119 dobrem! Podczas lekcji plastyki, m\u0142odzie\u017c przygotowa\u0142a kartki \u015bwi\u0105teczne dla podopiecznych Fundacji Miasto-Pa\u0144stwo w P\u0142ocku.\u00a0 Kartki &#8222;sercem malowane&#8221; zostan\u0105 rozdane potrzebuj\u0105cym podczas spotkania \u015bwi\u0105tecznego, kt\u00f3re odb\u0119dzie si\u0119 14 grudnia w siedzibie fundacji. Serdecznie dzi\u0119kujemy klasie VIIa za ogromne zaanga\u017cowanie, bo warto pomaga\u0107!<\/p>\n","protected":false},"author":1,"featured_media":9446,"comment_status":"closed","ping_status":"closed","sticky":false,"template":"","format":"standard","meta":{"footnotes":""},"categories":[5],"tags":[],"class_list":["post-9445","post","type-post","status-publish","format-standard","has-post-thumbnail","hentry","category-s-p-bielsk"],"_links":{"self":[{"href":"https:\/\/spbielsk.pl\/index.php?rest_route=\/wp\/v2\/posts\/9445","targetHints":{"allow":["GET"]}}],"collection":[{"href":"https:\/\/spbielsk.pl\/index.php?rest_route=\/wp\/v2\/posts"}],"about":[{"href":"https:\/\/spbielsk.pl\/index.php?rest_route=\/wp\/v2\/types\/post"}],"author":[{"embeddable":true,"href":"https:\/\/spbielsk.pl\/index.php?rest_route=\/wp\/v2\/users\/1"}],"replies":[{"embeddable":true,"href":"https:\/\/spbielsk.pl\/index.php?rest_route=%2Fwp%2Fv2%2Fcomments&post=9445"}],"version-history":[{"count":1,"href":"https:\/\/spbielsk.pl\/index.php?rest_route=\/wp\/v2\/posts\/9445\/revisions"}],"predecessor-version":[{"id":9447,"href":"https:\/\/spbielsk.pl\/index.php?rest_route=\/wp\/v2\/posts\/9445\/revisions\/9447"}],"wp:featuredmedia":[{"embeddable":true,"href":"https:\/\/spbielsk.pl\/index.php?rest_route=\/wp\/v2\/media\/9446"}],"wp:attachment":[{"href":"https:\/\/spbielsk.pl\/index.php?rest_route=%2Fwp%2Fv2%2Fmedia&parent=9445"}],"wp:term":[{"taxonomy":"category","embeddable":true,"href":"https:\/\/spbielsk.pl\/index.php?rest_route=%2Fwp%2Fv2%2Fcategories&post=9445"},{"taxonomy":"post_tag","embeddable":true,"href":"https:\/\/spbielsk.pl\/index.php?rest_route=%2Fwp%2Fv2%2Ftags&post=9445"}],"curies":[{"name":"wp","href":"https:\/\/api.w.org\/{rel}","templated":true}]}}