{"id":9390,"date":"2024-11-30T23:03:54","date_gmt":"2024-11-30T22:03:54","guid":{"rendered":"http:\/\/spbielsk.pl\/?p=9390"},"modified":"2024-11-30T23:05:22","modified_gmt":"2024-11-30T22:05:22","slug":"sukces-w-konkursie-literackim-ikarowe-strofy","status":"publish","type":"post","link":"https:\/\/spbielsk.pl\/?p=9390","title":{"rendered":"SUKCES W KONKURSIE LITERACKIM &#8222;IKAROWE STROFY&#8221;!"},"content":{"rendered":"\n<div class=\"x11i5rnm xat24cr x1mh8g0r x1vvkbs xtlvy1s x126k92a\">\n<div dir=\"auto\" style=\"text-align: justify;\">Mi\u0142o nam poinformowa\u0107, i\u017c Przemys\u0142aw Michalski, ucze\u0144 klasy 7a zaj\u0105\u0142 3 miejsce w konkursie literackim &#8222;Ikarowe Strofy&#8221;.<\/div>\n<\/div>\n<div class=\"x11i5rnm xat24cr x1mh8g0r x1vvkbs xtlvy1s x126k92a\" style=\"text-align: justify;\">\n<div dir=\"auto\">Przemek uhonorowany zosta\u0142 w kategorii proza-m\u0142odzie\u017c do lat 16 za opowiadanie &#8222;Granikos&#8221;, w kt\u00f3rym przedstawi\u0142 dojrzewanie Aleksandra Macedo\u0144skiego do bycia wielkim wodzem.\u00a0<\/div>\n<div dir=\"auto\">Jury w uzasadnieniu podkre\u015bli\u0142o tak\u017ce doskona\u0142\u0105 znajomo\u015b\u0107 historii, jak\u0105 wykaza\u0142 si\u0119 autor.\u00a0<\/div>\n<\/div>\n<div class=\"x11i5rnm xat24cr x1mh8g0r x1vvkbs xtlvy1s x126k92a\">\n<div dir=\"auto\" style=\"text-align: left;\">Serdecznie gratulujemy i \u017cyczymy sukces\u00f3w w kolejnych wyzwaniach konkursowych<span class=\"html-span xexx8yu x4uap5 x18d9i69 xkhd6sd x1hl2dhg x16tdsg8 x1vvkbs x3nfvp2 x1j61x8r x1fcty0u xdj266r xat24cr xgzva0m xhhsvwb xxymvpz xlup9mm x1kky2od\">!<\/span><\/div>\n<\/div>\n<p><!--more--><\/p>\n<div dir=\"auto\" style=\"text-align: center;\">\r\n<div class=\"ngg-galleryoverview\" id=\"ngg-gallery-1039-9390\">\r\n\r\n\t<!-- Slideshow link -->\r\n\t<div class=\"slideshowlink\">\r\n\t\t<a class=\"slideshowlink\" href=\"https:\/\/spbielsk.pl\/?p=9390&amp;show=slide\">\r\n\t\t\t[Show slideshow]\t\t<\/a>\r\n\t<\/div>\r\n\r\n\t\r\n\t<!-- Thumbnails -->\r\n\t\t\r\n\t<div id=\"ngg-image-27266\" class=\"ngg-gallery-thumbnail-box\"  >\r\n\t\t<div class=\"ngg-gallery-thumbnail\" >\r\n\t\t\t<a href=\"https:\/\/spbielsk.pl\/wp-content\/gallery\/przemek-sukcs-listopad-2024\/468185276_1093188965932089_5404632817709952114_n.jpg\" title=\" \"   rel=\"lightbox[9390]\">\r\n\t\t\t\t\t\t\t\t<img decoding=\"async\" title=\"468185276_1093188965932089_5404632817709952114_n\" alt=\"468185276_1093188965932089_5404632817709952114_n\" src=\"https:\/\/spbielsk.pl\/wp-content\/gallery\/przemek-sukcs-listopad-2024\/thumbs\/thumbs_468185276_1093188965932089_5404632817709952114_n.jpg\" width=\"120\" height=\"90\" \/>\r\n\t\t\t\t\t\t\t<\/a>\r\n\t\t<\/div>\r\n\t<\/div>\r\n\t\r\n\t\t\r\n \t\t\r\n\t<div id=\"ngg-image-27267\" class=\"ngg-gallery-thumbnail-box\"  >\r\n\t\t<div class=\"ngg-gallery-thumbnail\" >\r\n\t\t\t<a href=\"https:\/\/spbielsk.pl\/wp-content\/gallery\/przemek-sukcs-listopad-2024\/468186356_1093188952598757_497628691955369966_n.jpg\" title=\" \"   rel=\"lightbox[9390]\">\r\n\t\t\t\t\t\t\t\t<img decoding=\"async\" title=\"468186356_1093188952598757_497628691955369966_n\" alt=\"468186356_1093188952598757_497628691955369966_n\" src=\"https:\/\/spbielsk.pl\/wp-content\/gallery\/przemek-sukcs-listopad-2024\/thumbs\/thumbs_468186356_1093188952598757_497628691955369966_n.jpg\" width=\"120\" height=\"90\" \/>\r\n\t\t\t\t\t\t\t<\/a>\r\n\t\t<\/div>\r\n\t<\/div>\r\n\t\r\n\t\t\r\n \t\t\r\n\t<div id=\"ngg-image-27268\" class=\"ngg-gallery-thumbnail-box\"  >\r\n\t\t<div class=\"ngg-gallery-thumbnail\" >\r\n\t\t\t<a href=\"https:\/\/spbielsk.pl\/wp-content\/gallery\/przemek-sukcs-listopad-2024\/468300630_1093188872598765_2517643044276744332_n.jpg\" title=\" \"   rel=\"lightbox[9390]\">\r\n\t\t\t\t\t\t\t\t<img decoding=\"async\" title=\"468300630_1093188872598765_2517643044276744332_n\" alt=\"468300630_1093188872598765_2517643044276744332_n\" src=\"https:\/\/spbielsk.pl\/wp-content\/gallery\/przemek-sukcs-listopad-2024\/thumbs\/thumbs_468300630_1093188872598765_2517643044276744332_n.jpg\" width=\"120\" height=\"90\" \/>\r\n\t\t\t\t\t\t\t<\/a>\r\n\t\t<\/div>\r\n\t<\/div>\r\n\t\r\n\t\t\r\n \t\t\r\n\t<div id=\"ngg-image-27269\" class=\"ngg-gallery-thumbnail-box\"  >\r\n\t\t<div class=\"ngg-gallery-thumbnail\" >\r\n\t\t\t<a href=\"https:\/\/spbielsk.pl\/wp-content\/gallery\/przemek-sukcs-listopad-2024\/468403176_1093188942598758_1791346065393261016_n.jpg\" title=\" \"   rel=\"lightbox[9390]\">\r\n\t\t\t\t\t\t\t\t<img loading=\"lazy\" decoding=\"async\" title=\"468403176_1093188942598758_1791346065393261016_n\" alt=\"468403176_1093188942598758_1791346065393261016_n\" src=\"https:\/\/spbielsk.pl\/wp-content\/gallery\/przemek-sukcs-listopad-2024\/thumbs\/thumbs_468403176_1093188942598758_1791346065393261016_n.jpg\" width=\"120\" height=\"90\" \/>\r\n\t\t\t\t\t\t\t<\/a>\r\n\t\t<\/div>\r\n\t<\/div>\r\n\t\r\n\t\t\r\n \t\t\r\n\t<div id=\"ngg-image-27270\" class=\"ngg-gallery-thumbnail-box\"  >\r\n\t\t<div class=\"ngg-gallery-thumbnail\" >\r\n\t\t\t<a href=\"https:\/\/spbielsk.pl\/wp-content\/gallery\/przemek-sukcs-listopad-2024\/468506536_1093188865932099_312740255613131069_n.jpg\" title=\" \"   rel=\"lightbox[9390]\">\r\n\t\t\t\t\t\t\t\t<img loading=\"lazy\" decoding=\"async\" title=\"468506536_1093188865932099_312740255613131069_n\" alt=\"468506536_1093188865932099_312740255613131069_n\" src=\"https:\/\/spbielsk.pl\/wp-content\/gallery\/przemek-sukcs-listopad-2024\/thumbs\/thumbs_468506536_1093188865932099_312740255613131069_n.jpg\" width=\"120\" height=\"90\" \/>\r\n\t\t\t\t\t\t\t<\/a>\r\n\t\t<\/div>\r\n\t<\/div>\r\n\t\r\n\t\t\r\n \t\t\r\n\t<div id=\"ngg-image-27271\" class=\"ngg-gallery-thumbnail-box\"  >\r\n\t\t<div class=\"ngg-gallery-thumbnail\" >\r\n\t\t\t<a href=\"https:\/\/spbielsk.pl\/wp-content\/gallery\/przemek-sukcs-listopad-2024\/468716237_1093188855932100_8785977635770895442_n.jpg\" title=\" \"   rel=\"lightbox[9390]\">\r\n\t\t\t\t\t\t\t\t<img loading=\"lazy\" decoding=\"async\" title=\"468716237_1093188855932100_8785977635770895442_n\" alt=\"468716237_1093188855932100_8785977635770895442_n\" src=\"https:\/\/spbielsk.pl\/wp-content\/gallery\/przemek-sukcs-listopad-2024\/thumbs\/thumbs_468716237_1093188855932100_8785977635770895442_n.jpg\" width=\"120\" height=\"90\" \/>\r\n\t\t\t\t\t\t\t<\/a>\r\n\t\t<\/div>\r\n\t<\/div>\r\n\t\r\n\t\t\r\n \t \t\r\n\t<!-- Pagination -->\r\n \t<div class='ngg-clear'><\/div>\n \t\r\n<\/div>\r\n\r\n<\/div>\n","protected":false},"excerpt":{"rendered":"<p>Mi\u0142o nam poinformowa\u0107, i\u017c Przemys\u0142aw Michalski, ucze\u0144 klasy 7a zaj\u0105\u0142 3 miejsce w konkursie literackim &#8222;Ikarowe Strofy&#8221;. Przemek uhonorowany zosta\u0142 w kategorii proza-m\u0142odzie\u017c do lat 16 za opowiadanie &#8222;Granikos&#8221;, w kt\u00f3rym przedstawi\u0142 dojrzewanie Aleksandra Macedo\u0144skiego do bycia wielkim wodzem.\u00a0 Jury w uzasadnieniu podkre\u015bli\u0142o tak\u017ce doskona\u0142\u0105 znajomo\u015b\u0107 historii, jak\u0105 wykaza\u0142 si\u0119 autor.\u00a0 Serdecznie gratulujemy i \u017cyczymy [&hellip;]<\/p>\n","protected":false},"author":1,"featured_media":9391,"comment_status":"closed","ping_status":"closed","sticky":false,"template":"","format":"standard","meta":{"footnotes":""},"categories":[5],"tags":[],"class_list":["post-9390","post","type-post","status-publish","format-standard","has-post-thumbnail","hentry","category-s-p-bielsk"],"_links":{"self":[{"href":"https:\/\/spbielsk.pl\/index.php?rest_route=\/wp\/v2\/posts\/9390","targetHints":{"allow":["GET"]}}],"collection":[{"href":"https:\/\/spbielsk.pl\/index.php?rest_route=\/wp\/v2\/posts"}],"about":[{"href":"https:\/\/spbielsk.pl\/index.php?rest_route=\/wp\/v2\/types\/post"}],"author":[{"embeddable":true,"href":"https:\/\/spbielsk.pl\/index.php?rest_route=\/wp\/v2\/users\/1"}],"replies":[{"embeddable":true,"href":"https:\/\/spbielsk.pl\/index.php?rest_route=%2Fwp%2Fv2%2Fcomments&post=9390"}],"version-history":[{"count":3,"href":"https:\/\/spbielsk.pl\/index.php?rest_route=\/wp\/v2\/posts\/9390\/revisions"}],"predecessor-version":[{"id":9394,"href":"https:\/\/spbielsk.pl\/index.php?rest_route=\/wp\/v2\/posts\/9390\/revisions\/9394"}],"wp:featuredmedia":[{"embeddable":true,"href":"https:\/\/spbielsk.pl\/index.php?rest_route=\/wp\/v2\/media\/9391"}],"wp:attachment":[{"href":"https:\/\/spbielsk.pl\/index.php?rest_route=%2Fwp%2Fv2%2Fmedia&parent=9390"}],"wp:term":[{"taxonomy":"category","embeddable":true,"href":"https:\/\/spbielsk.pl\/index.php?rest_route=%2Fwp%2Fv2%2Fcategories&post=9390"},{"taxonomy":"post_tag","embeddable":true,"href":"https:\/\/spbielsk.pl\/index.php?rest_route=%2Fwp%2Fv2%2Ftags&post=9390"}],"curies":[{"name":"wp","href":"https:\/\/api.w.org\/{rel}","templated":true}]}}