{"id":9386,"date":"2024-11-28T22:45:00","date_gmt":"2024-11-28T21:45:00","guid":{"rendered":"http:\/\/spbielsk.pl\/?p=9386"},"modified":"2024-11-30T22:52:40","modified_gmt":"2024-11-30T21:52:40","slug":"zwyciestwo-w-meczu-ligi-mistrzow","status":"publish","type":"post","link":"https:\/\/spbielsk.pl\/?p=9386","title":{"rendered":"ZWYCI\u0118STWO W MECZU LIGI MISTRZ\u00d3W!"},"content":{"rendered":"\n<p style=\"text-align: justify;\">28 listopada, ponad 40 sobowa grupa uczni\u00f3w i opiekun\u00f3w naszej szko\u0142y uczestniczy\u0142a w meczu pi\u0142ki r\u0119cznej ORLEN Wis\u0142a P\u0142ock w ramach rozgrywek EHF Champions League &#8211; Liga Mistrz\u00f3w.<br \/>Naszym przeciwnikiem by\u0142a dru\u017cyna wicemistrz\u00f3w Danii, Federicia Handboldklub i po pe\u0142nym emocji i zwrot\u00f3w akcji meczu, nasza dru\u017cyna zwyci\u0119\u017cy\u0142a zdecydowanie: 30:21.<br \/>Cieszymy si\u0119, \u017ce mogli\u015bmy uczestniczy\u0107 w sportowym \u015bwi\u0119cie, nie szcz\u0119dz\u0105c garde\u0142 i oklask\u00f3w, a przy okazji uczy\u0107 si\u0119 zasad rywalizacji fair play oraz w\u0142a\u015bciwej kultury kibicowania.<\/p>\n<p style=\"text-align: center;\"><!--more--><\/p>\n<p style=\"text-align: right;\">Marcin Krysiak<br \/>Bogumi\u0142a Krzeszewska<br \/>Damian Gagat<br \/>\u0141ukasz J\u0119drzejewski<br \/>Uczniowie Szko\u0142y Podstawowej w Bielsku<\/p>\n<p style=\"text-align: center;\">\r\n<div class=\"ngg-galleryoverview\" id=\"ngg-gallery-1038-9386\">\r\n\r\n\t<!-- Slideshow link -->\r\n\t<div class=\"slideshowlink\">\r\n\t\t<a class=\"slideshowlink\" href=\"https:\/\/spbielsk.pl\/?p=9386&amp;show=slide\">\r\n\t\t\t[Show slideshow]\t\t<\/a>\r\n\t<\/div>\r\n\r\n\t\r\n\t<!-- Thumbnails -->\r\n\t\t\r\n\t<div id=\"ngg-image-27261\" class=\"ngg-gallery-thumbnail-box\"  >\r\n\t\t<div class=\"ngg-gallery-thumbnail\" >\r\n\t\t\t<a href=\"https:\/\/spbielsk.pl\/wp-content\/gallery\/mecz-wisla-plock-listopad-2024\/465110043_1093052885945697_2754230759660849347_n.jpg\" title=\" \"   rel=\"lightbox[9386]\">\r\n\t\t\t\t\t\t\t\t<img decoding=\"async\" title=\"465110043_1093052885945697_2754230759660849347_n\" alt=\"465110043_1093052885945697_2754230759660849347_n\" src=\"https:\/\/spbielsk.pl\/wp-content\/gallery\/mecz-wisla-plock-listopad-2024\/thumbs\/thumbs_465110043_1093052885945697_2754230759660849347_n.jpg\" width=\"120\" height=\"90\" \/>\r\n\t\t\t\t\t\t\t<\/a>\r\n\t\t<\/div>\r\n\t<\/div>\r\n\t\r\n\t\t\r\n \t\t\r\n\t<div id=\"ngg-image-27262\" class=\"ngg-gallery-thumbnail-box\"  >\r\n\t\t<div class=\"ngg-gallery-thumbnail\" >\r\n\t\t\t<a href=\"https:\/\/spbielsk.pl\/wp-content\/gallery\/mecz-wisla-plock-listopad-2024\/468002623_1093052955945690_2172132307818239644_n.jpg\" title=\" \"   rel=\"lightbox[9386]\">\r\n\t\t\t\t\t\t\t\t<img decoding=\"async\" title=\"468002623_1093052955945690_2172132307818239644_n\" alt=\"468002623_1093052955945690_2172132307818239644_n\" src=\"https:\/\/spbielsk.pl\/wp-content\/gallery\/mecz-wisla-plock-listopad-2024\/thumbs\/thumbs_468002623_1093052955945690_2172132307818239644_n.jpg\" width=\"120\" height=\"90\" \/>\r\n\t\t\t\t\t\t\t<\/a>\r\n\t\t<\/div>\r\n\t<\/div>\r\n\t\r\n\t\t\r\n \t\t\r\n\t<div id=\"ngg-image-27263\" class=\"ngg-gallery-thumbnail-box\"  >\r\n\t\t<div class=\"ngg-gallery-thumbnail\" >\r\n\t\t\t<a href=\"https:\/\/spbielsk.pl\/wp-content\/gallery\/mecz-wisla-plock-listopad-2024\/468102586_1093052932612359_7655342698741469930_n.jpg\" title=\" \"   rel=\"lightbox[9386]\">\r\n\t\t\t\t\t\t\t\t<img decoding=\"async\" title=\"468102586_1093052932612359_7655342698741469930_n\" alt=\"468102586_1093052932612359_7655342698741469930_n\" src=\"https:\/\/spbielsk.pl\/wp-content\/gallery\/mecz-wisla-plock-listopad-2024\/thumbs\/thumbs_468102586_1093052932612359_7655342698741469930_n.jpg\" width=\"120\" height=\"90\" \/>\r\n\t\t\t\t\t\t\t<\/a>\r\n\t\t<\/div>\r\n\t<\/div>\r\n\t\r\n\t\t\r\n \t\t\r\n\t<div id=\"ngg-image-27264\" class=\"ngg-gallery-thumbnail-box\"  >\r\n\t\t<div class=\"ngg-gallery-thumbnail\" >\r\n\t\t\t<a href=\"https:\/\/spbielsk.pl\/wp-content\/gallery\/mecz-wisla-plock-listopad-2024\/468402068_1093052972612355_5861205391500798130_n.jpg\" title=\" \"   rel=\"lightbox[9386]\">\r\n\t\t\t\t\t\t\t\t<img loading=\"lazy\" decoding=\"async\" title=\"468402068_1093052972612355_5861205391500798130_n\" alt=\"468402068_1093052972612355_5861205391500798130_n\" src=\"https:\/\/spbielsk.pl\/wp-content\/gallery\/mecz-wisla-plock-listopad-2024\/thumbs\/thumbs_468402068_1093052972612355_5861205391500798130_n.jpg\" width=\"120\" height=\"90\" \/>\r\n\t\t\t\t\t\t\t<\/a>\r\n\t\t<\/div>\r\n\t<\/div>\r\n\t\r\n\t\t\r\n \t\t\r\n\t<div id=\"ngg-image-27265\" class=\"ngg-gallery-thumbnail-box\"  >\r\n\t\t<div class=\"ngg-gallery-thumbnail\" >\r\n\t\t\t<a href=\"https:\/\/spbielsk.pl\/wp-content\/gallery\/mecz-wisla-plock-listopad-2024\/468651455_1093052882612364_4276197221846171583_n.jpg\" title=\" \"   rel=\"lightbox[9386]\">\r\n\t\t\t\t\t\t\t\t<img loading=\"lazy\" decoding=\"async\" title=\"468651455_1093052882612364_4276197221846171583_n\" alt=\"468651455_1093052882612364_4276197221846171583_n\" src=\"https:\/\/spbielsk.pl\/wp-content\/gallery\/mecz-wisla-plock-listopad-2024\/thumbs\/thumbs_468651455_1093052882612364_4276197221846171583_n.jpg\" width=\"120\" height=\"90\" \/>\r\n\t\t\t\t\t\t\t<\/a>\r\n\t\t<\/div>\r\n\t<\/div>\r\n\t\r\n\t\t\r\n \t \t\r\n\t<!-- Pagination -->\r\n \t<div class='ngg-clear'><\/div>\n \t\r\n<\/div>\r\n\r\n<\/p>\n","protected":false},"excerpt":{"rendered":"<p>28 listopada, ponad 40 sobowa grupa uczni\u00f3w i opiekun\u00f3w naszej szko\u0142y uczestniczy\u0142a w meczu pi\u0142ki r\u0119cznej ORLEN Wis\u0142a P\u0142ock w ramach rozgrywek EHF Champions League &#8211; Liga Mistrz\u00f3w.Naszym przeciwnikiem by\u0142a dru\u017cyna wicemistrz\u00f3w Danii, Federicia Handboldklub i po pe\u0142nym emocji i zwrot\u00f3w akcji meczu, nasza dru\u017cyna zwyci\u0119\u017cy\u0142a zdecydowanie: 30:21.Cieszymy si\u0119, \u017ce mogli\u015bmy uczestniczy\u0107 w sportowym \u015bwi\u0119cie, [&hellip;]<\/p>\n","protected":false},"author":1,"featured_media":9388,"comment_status":"closed","ping_status":"closed","sticky":false,"template":"","format":"standard","meta":{"footnotes":""},"categories":[5],"tags":[],"class_list":["post-9386","post","type-post","status-publish","format-standard","has-post-thumbnail","hentry","category-s-p-bielsk"],"_links":{"self":[{"href":"https:\/\/spbielsk.pl\/index.php?rest_route=\/wp\/v2\/posts\/9386","targetHints":{"allow":["GET"]}}],"collection":[{"href":"https:\/\/spbielsk.pl\/index.php?rest_route=\/wp\/v2\/posts"}],"about":[{"href":"https:\/\/spbielsk.pl\/index.php?rest_route=\/wp\/v2\/types\/post"}],"author":[{"embeddable":true,"href":"https:\/\/spbielsk.pl\/index.php?rest_route=\/wp\/v2\/users\/1"}],"replies":[{"embeddable":true,"href":"https:\/\/spbielsk.pl\/index.php?rest_route=%2Fwp%2Fv2%2Fcomments&post=9386"}],"version-history":[{"count":1,"href":"https:\/\/spbielsk.pl\/index.php?rest_route=\/wp\/v2\/posts\/9386\/revisions"}],"predecessor-version":[{"id":9389,"href":"https:\/\/spbielsk.pl\/index.php?rest_route=\/wp\/v2\/posts\/9386\/revisions\/9389"}],"wp:featuredmedia":[{"embeddable":true,"href":"https:\/\/spbielsk.pl\/index.php?rest_route=\/wp\/v2\/media\/9388"}],"wp:attachment":[{"href":"https:\/\/spbielsk.pl\/index.php?rest_route=%2Fwp%2Fv2%2Fmedia&parent=9386"}],"wp:term":[{"taxonomy":"category","embeddable":true,"href":"https:\/\/spbielsk.pl\/index.php?rest_route=%2Fwp%2Fv2%2Fcategories&post=9386"},{"taxonomy":"post_tag","embeddable":true,"href":"https:\/\/spbielsk.pl\/index.php?rest_route=%2Fwp%2Fv2%2Ftags&post=9386"}],"curies":[{"name":"wp","href":"https:\/\/api.w.org\/{rel}","templated":true}]}}