{"id":9377,"date":"2024-11-28T08:43:40","date_gmt":"2024-11-28T07:43:40","guid":{"rendered":"http:\/\/spbielsk.pl\/?p=9377"},"modified":"2024-11-28T08:43:42","modified_gmt":"2024-11-28T07:43:42","slug":"dzien-pluszowego-misia-w-bibliotece-2","status":"publish","type":"post","link":"https:\/\/spbielsk.pl\/?p=9377","title":{"rendered":"DZIE\u0143 PLUSZOWEGO MISIA W BIBLIOTECE"},"content":{"rendered":"\n<p style=\"text-align: justify;\">25 listopada obchodzony jest Dzie\u0144 Pluszowego Misia i w zwi\u0105zku z tym \u015bwi\u0119towali\u015bmy r\u00f3wnie\u017c w bibliotece. W czasie przerw uczniowie mogli obejrze\u0107 gazetk\u0119 przedstawiaj\u0105c\u0105 znane i mniej znane misie, pozna\u0107 utwory, kt\u00f3rych bohaterem jest mi\u015b, a tak\u017ce zrobi\u0107 sobie zabawne zdj\u0119cie. Ch\u0119tni mogli wykona\u0107 prace plastyczne, by\u0142y te\u017c kolorowanki, misiowe labirynty i \u0142amig\u0142\u00f3wki.<\/p>\n<p style=\"text-align: center;\"><!--more--><\/p>\n<p style=\"text-align: center;\">\r\n<div class=\"ngg-galleryoverview\" id=\"ngg-gallery-1035-9377\">\r\n\r\n\t<!-- Slideshow link -->\r\n\t<div class=\"slideshowlink\">\r\n\t\t<a class=\"slideshowlink\" href=\"https:\/\/spbielsk.pl\/?p=9377&amp;show=slide\">\r\n\t\t\t[Show slideshow]\t\t<\/a>\r\n\t<\/div>\r\n\r\n\t\r\n\t<!-- Thumbnails -->\r\n\t\t\r\n\t<div id=\"ngg-image-27218\" class=\"ngg-gallery-thumbnail-box\"  >\r\n\t\t<div class=\"ngg-gallery-thumbnail\" >\r\n\t\t\t<a href=\"https:\/\/spbielsk.pl\/wp-content\/gallery\/dzien-misia-listopad-2024\/1.jpg\" title=\" \"   rel=\"lightbox[9377]\">\r\n\t\t\t\t\t\t\t\t<img decoding=\"async\" title=\"1\" alt=\"1\" src=\"https:\/\/spbielsk.pl\/wp-content\/gallery\/dzien-misia-listopad-2024\/thumbs\/thumbs_1.jpg\" width=\"120\" height=\"90\" \/>\r\n\t\t\t\t\t\t\t<\/a>\r\n\t\t<\/div>\r\n\t<\/div>\r\n\t\r\n\t\t\r\n \t\t\r\n\t<div id=\"ngg-image-27219\" class=\"ngg-gallery-thumbnail-box\"  >\r\n\t\t<div class=\"ngg-gallery-thumbnail\" >\r\n\t\t\t<a href=\"https:\/\/spbielsk.pl\/wp-content\/gallery\/dzien-misia-listopad-2024\/10.jpg\" title=\" \"   rel=\"lightbox[9377]\">\r\n\t\t\t\t\t\t\t\t<img decoding=\"async\" title=\"10\" alt=\"10\" src=\"https:\/\/spbielsk.pl\/wp-content\/gallery\/dzien-misia-listopad-2024\/thumbs\/thumbs_10.jpg\" width=\"120\" height=\"90\" \/>\r\n\t\t\t\t\t\t\t<\/a>\r\n\t\t<\/div>\r\n\t<\/div>\r\n\t\r\n\t\t\r\n \t\t\r\n\t<div id=\"ngg-image-27220\" class=\"ngg-gallery-thumbnail-box\"  >\r\n\t\t<div class=\"ngg-gallery-thumbnail\" >\r\n\t\t\t<a href=\"https:\/\/spbielsk.pl\/wp-content\/gallery\/dzien-misia-listopad-2024\/11.jpg\" title=\" \"   rel=\"lightbox[9377]\">\r\n\t\t\t\t\t\t\t\t<img decoding=\"async\" title=\"11\" alt=\"11\" src=\"https:\/\/spbielsk.pl\/wp-content\/gallery\/dzien-misia-listopad-2024\/thumbs\/thumbs_11.jpg\" width=\"120\" height=\"90\" \/>\r\n\t\t\t\t\t\t\t<\/a>\r\n\t\t<\/div>\r\n\t<\/div>\r\n\t\r\n\t\t\r\n \t\t\r\n\t<div id=\"ngg-image-27221\" class=\"ngg-gallery-thumbnail-box\"  >\r\n\t\t<div class=\"ngg-gallery-thumbnail\" >\r\n\t\t\t<a href=\"https:\/\/spbielsk.pl\/wp-content\/gallery\/dzien-misia-listopad-2024\/12.jpg\" title=\" \"   rel=\"lightbox[9377]\">\r\n\t\t\t\t\t\t\t\t<img loading=\"lazy\" decoding=\"async\" title=\"12\" alt=\"12\" src=\"https:\/\/spbielsk.pl\/wp-content\/gallery\/dzien-misia-listopad-2024\/thumbs\/thumbs_12.jpg\" width=\"120\" height=\"90\" \/>\r\n\t\t\t\t\t\t\t<\/a>\r\n\t\t<\/div>\r\n\t<\/div>\r\n\t\r\n\t\t\r\n \t\t\r\n\t<div id=\"ngg-image-27222\" class=\"ngg-gallery-thumbnail-box\"  >\r\n\t\t<div class=\"ngg-gallery-thumbnail\" >\r\n\t\t\t<a href=\"https:\/\/spbielsk.pl\/wp-content\/gallery\/dzien-misia-listopad-2024\/2.jpg\" title=\" \"   rel=\"lightbox[9377]\">\r\n\t\t\t\t\t\t\t\t<img loading=\"lazy\" decoding=\"async\" title=\"2\" alt=\"2\" src=\"https:\/\/spbielsk.pl\/wp-content\/gallery\/dzien-misia-listopad-2024\/thumbs\/thumbs_2.jpg\" width=\"120\" height=\"90\" \/>\r\n\t\t\t\t\t\t\t<\/a>\r\n\t\t<\/div>\r\n\t<\/div>\r\n\t\r\n\t\t\r\n \t\t\r\n\t<div id=\"ngg-image-27223\" class=\"ngg-gallery-thumbnail-box\"  >\r\n\t\t<div class=\"ngg-gallery-thumbnail\" >\r\n\t\t\t<a href=\"https:\/\/spbielsk.pl\/wp-content\/gallery\/dzien-misia-listopad-2024\/3.jpg\" title=\" \"   rel=\"lightbox[9377]\">\r\n\t\t\t\t\t\t\t\t<img loading=\"lazy\" decoding=\"async\" title=\"3\" alt=\"3\" src=\"https:\/\/spbielsk.pl\/wp-content\/gallery\/dzien-misia-listopad-2024\/thumbs\/thumbs_3.jpg\" width=\"120\" height=\"90\" \/>\r\n\t\t\t\t\t\t\t<\/a>\r\n\t\t<\/div>\r\n\t<\/div>\r\n\t\r\n\t\t\r\n \t\t\r\n\t<div id=\"ngg-image-27224\" class=\"ngg-gallery-thumbnail-box\"  >\r\n\t\t<div class=\"ngg-gallery-thumbnail\" >\r\n\t\t\t<a href=\"https:\/\/spbielsk.pl\/wp-content\/gallery\/dzien-misia-listopad-2024\/4.jpg\" title=\" \"   rel=\"lightbox[9377]\">\r\n\t\t\t\t\t\t\t\t<img loading=\"lazy\" decoding=\"async\" title=\"4\" alt=\"4\" src=\"https:\/\/spbielsk.pl\/wp-content\/gallery\/dzien-misia-listopad-2024\/thumbs\/thumbs_4.jpg\" width=\"120\" height=\"90\" \/>\r\n\t\t\t\t\t\t\t<\/a>\r\n\t\t<\/div>\r\n\t<\/div>\r\n\t\r\n\t\t\r\n \t\t\r\n\t<div id=\"ngg-image-27225\" class=\"ngg-gallery-thumbnail-box\"  >\r\n\t\t<div class=\"ngg-gallery-thumbnail\" >\r\n\t\t\t<a href=\"https:\/\/spbielsk.pl\/wp-content\/gallery\/dzien-misia-listopad-2024\/5.jpg\" title=\" \"   rel=\"lightbox[9377]\">\r\n\t\t\t\t\t\t\t\t<img loading=\"lazy\" decoding=\"async\" title=\"5\" alt=\"5\" src=\"https:\/\/spbielsk.pl\/wp-content\/gallery\/dzien-misia-listopad-2024\/thumbs\/thumbs_5.jpg\" width=\"120\" height=\"90\" \/>\r\n\t\t\t\t\t\t\t<\/a>\r\n\t\t<\/div>\r\n\t<\/div>\r\n\t\r\n\t\t\r\n \t\t\r\n\t<div id=\"ngg-image-27226\" class=\"ngg-gallery-thumbnail-box\"  >\r\n\t\t<div class=\"ngg-gallery-thumbnail\" >\r\n\t\t\t<a href=\"https:\/\/spbielsk.pl\/wp-content\/gallery\/dzien-misia-listopad-2024\/6.jpg\" title=\" \"   rel=\"lightbox[9377]\">\r\n\t\t\t\t\t\t\t\t<img loading=\"lazy\" decoding=\"async\" title=\"6\" alt=\"6\" src=\"https:\/\/spbielsk.pl\/wp-content\/gallery\/dzien-misia-listopad-2024\/thumbs\/thumbs_6.jpg\" width=\"120\" height=\"90\" \/>\r\n\t\t\t\t\t\t\t<\/a>\r\n\t\t<\/div>\r\n\t<\/div>\r\n\t\r\n\t\t\r\n \t\t\r\n\t<div id=\"ngg-image-27227\" class=\"ngg-gallery-thumbnail-box\"  >\r\n\t\t<div class=\"ngg-gallery-thumbnail\" >\r\n\t\t\t<a href=\"https:\/\/spbielsk.pl\/wp-content\/gallery\/dzien-misia-listopad-2024\/7.jpg\" title=\" \"   rel=\"lightbox[9377]\">\r\n\t\t\t\t\t\t\t\t<img loading=\"lazy\" decoding=\"async\" title=\"7\" alt=\"7\" src=\"https:\/\/spbielsk.pl\/wp-content\/gallery\/dzien-misia-listopad-2024\/thumbs\/thumbs_7.jpg\" width=\"120\" height=\"90\" \/>\r\n\t\t\t\t\t\t\t<\/a>\r\n\t\t<\/div>\r\n\t<\/div>\r\n\t\r\n\t\t\r\n \t\t\r\n\t<div id=\"ngg-image-27228\" class=\"ngg-gallery-thumbnail-box\"  >\r\n\t\t<div class=\"ngg-gallery-thumbnail\" >\r\n\t\t\t<a href=\"https:\/\/spbielsk.pl\/wp-content\/gallery\/dzien-misia-listopad-2024\/8.jpg\" title=\" \"   rel=\"lightbox[9377]\">\r\n\t\t\t\t\t\t\t\t<img loading=\"lazy\" decoding=\"async\" title=\"8\" alt=\"8\" src=\"https:\/\/spbielsk.pl\/wp-content\/gallery\/dzien-misia-listopad-2024\/thumbs\/thumbs_8.jpg\" width=\"120\" height=\"90\" \/>\r\n\t\t\t\t\t\t\t<\/a>\r\n\t\t<\/div>\r\n\t<\/div>\r\n\t\r\n\t\t\r\n \t\t\r\n\t<div id=\"ngg-image-27229\" class=\"ngg-gallery-thumbnail-box\"  >\r\n\t\t<div class=\"ngg-gallery-thumbnail\" >\r\n\t\t\t<a href=\"https:\/\/spbielsk.pl\/wp-content\/gallery\/dzien-misia-listopad-2024\/9.jpg\" title=\" \"   rel=\"lightbox[9377]\">\r\n\t\t\t\t\t\t\t\t<img loading=\"lazy\" decoding=\"async\" title=\"9\" alt=\"9\" src=\"https:\/\/spbielsk.pl\/wp-content\/gallery\/dzien-misia-listopad-2024\/thumbs\/thumbs_9.jpg\" width=\"120\" height=\"90\" \/>\r\n\t\t\t\t\t\t\t<\/a>\r\n\t\t<\/div>\r\n\t<\/div>\r\n\t\r\n\t\t\r\n \t \t\r\n\t<!-- Pagination -->\r\n \t<div class='ngg-clear'><\/div>\n \t\r\n<\/div>\r\n\r\n<\/p>\n","protected":false},"excerpt":{"rendered":"<p>25 listopada obchodzony jest Dzie\u0144 Pluszowego Misia i w zwi\u0105zku z tym \u015bwi\u0119towali\u015bmy r\u00f3wnie\u017c w bibliotece. W czasie przerw uczniowie mogli obejrze\u0107 gazetk\u0119 przedstawiaj\u0105c\u0105 znane i mniej znane misie, pozna\u0107 utwory, kt\u00f3rych bohaterem jest mi\u015b, a tak\u017ce zrobi\u0107 sobie zabawne zdj\u0119cie. Ch\u0119tni mogli wykona\u0107 prace plastyczne, by\u0142y te\u017c kolorowanki, misiowe labirynty i \u0142amig\u0142\u00f3wki.<\/p>\n","protected":false},"author":1,"featured_media":9378,"comment_status":"closed","ping_status":"closed","sticky":false,"template":"","format":"standard","meta":{"footnotes":""},"categories":[5],"tags":[],"class_list":["post-9377","post","type-post","status-publish","format-standard","has-post-thumbnail","hentry","category-s-p-bielsk"],"_links":{"self":[{"href":"https:\/\/spbielsk.pl\/index.php?rest_route=\/wp\/v2\/posts\/9377","targetHints":{"allow":["GET"]}}],"collection":[{"href":"https:\/\/spbielsk.pl\/index.php?rest_route=\/wp\/v2\/posts"}],"about":[{"href":"https:\/\/spbielsk.pl\/index.php?rest_route=\/wp\/v2\/types\/post"}],"author":[{"embeddable":true,"href":"https:\/\/spbielsk.pl\/index.php?rest_route=\/wp\/v2\/users\/1"}],"replies":[{"embeddable":true,"href":"https:\/\/spbielsk.pl\/index.php?rest_route=%2Fwp%2Fv2%2Fcomments&post=9377"}],"version-history":[{"count":1,"href":"https:\/\/spbielsk.pl\/index.php?rest_route=\/wp\/v2\/posts\/9377\/revisions"}],"predecessor-version":[{"id":9379,"href":"https:\/\/spbielsk.pl\/index.php?rest_route=\/wp\/v2\/posts\/9377\/revisions\/9379"}],"wp:featuredmedia":[{"embeddable":true,"href":"https:\/\/spbielsk.pl\/index.php?rest_route=\/wp\/v2\/media\/9378"}],"wp:attachment":[{"href":"https:\/\/spbielsk.pl\/index.php?rest_route=%2Fwp%2Fv2%2Fmedia&parent=9377"}],"wp:term":[{"taxonomy":"category","embeddable":true,"href":"https:\/\/spbielsk.pl\/index.php?rest_route=%2Fwp%2Fv2%2Fcategories&post=9377"},{"taxonomy":"post_tag","embeddable":true,"href":"https:\/\/spbielsk.pl\/index.php?rest_route=%2Fwp%2Fv2%2Ftags&post=9377"}],"curies":[{"name":"wp","href":"https:\/\/api.w.org\/{rel}","templated":true}]}}