{"id":9353,"date":"2024-11-21T16:15:18","date_gmt":"2024-11-21T15:15:18","guid":{"rendered":"http:\/\/spbielsk.pl\/?p=9353"},"modified":"2024-11-21T16:15:36","modified_gmt":"2024-11-21T15:15:36","slug":"dyskoteka-andrzejkowa-5","status":"publish","type":"post","link":"https:\/\/spbielsk.pl\/?p=9353","title":{"rendered":"Dyskoteka Andrzejkowa"},"content":{"rendered":"\n<p><a href=\"http:\/\/spbielsk.pl\/wp-content\/uploads\/2024\/11\/1.jpg\" rel=\"lightbox[9353]\"><img fetchpriority=\"high\" decoding=\"async\" class=\"aligncenter wp-image-9354 size-medium\" src=\"http:\/\/spbielsk.pl\/wp-content\/uploads\/2024\/11\/1-214x300.jpg\" alt=\"\" width=\"214\" height=\"300\" srcset=\"https:\/\/spbielsk.pl\/wp-content\/uploads\/2024\/11\/1-214x300.jpg 214w, https:\/\/spbielsk.pl\/wp-content\/uploads\/2024\/11\/1.jpg 731w\" sizes=\"(max-width: 214px) 100vw, 214px\" \/><\/a><\/p>\n<p>Samorz\u0105d Uczniowski zaprasza na dyskotek\u0119 andrzejkow\u0105, kt\u00f3ra odb\u0119dzie si\u0119 29 listopada 2024 roku w nast\u0119puj\u0105cych godzinach:<br \/>&#8211; klasy 1-3 &#8211; 9.50-11.25<br \/>&#8211; klasy 4-8 &#8211; 12.00-13.30<br \/>Temat przewodni: Cekinowy zawr\u00f3t g\u0142owy.<\/p>\n<p>Zapraszamy.<br \/>Opiekunowie SU<\/p>\n","protected":false},"excerpt":{"rendered":"<p>Samorz\u0105d Uczniowski zaprasza na dyskotek\u0119 andrzejkow\u0105, kt\u00f3ra odb\u0119dzie si\u0119 29 listopada 2024 roku w nast\u0119puj\u0105cych godzinach:&#8211; klasy 1-3 &#8211; 9.50-11.25&#8211; klasy 4-8 &#8211; 12.00-13.30Temat przewodni: Cekinowy zawr\u00f3t g\u0142owy. Zapraszamy.Opiekunowie SU<\/p>\n","protected":false},"author":1,"featured_media":0,"comment_status":"closed","ping_status":"closed","sticky":false,"template":"","format":"standard","meta":{"footnotes":""},"categories":[5],"tags":[],"class_list":["post-9353","post","type-post","status-publish","format-standard","hentry","category-s-p-bielsk"],"_links":{"self":[{"href":"https:\/\/spbielsk.pl\/index.php?rest_route=\/wp\/v2\/posts\/9353","targetHints":{"allow":["GET"]}}],"collection":[{"href":"https:\/\/spbielsk.pl\/index.php?rest_route=\/wp\/v2\/posts"}],"about":[{"href":"https:\/\/spbielsk.pl\/index.php?rest_route=\/wp\/v2\/types\/post"}],"author":[{"embeddable":true,"href":"https:\/\/spbielsk.pl\/index.php?rest_route=\/wp\/v2\/users\/1"}],"replies":[{"embeddable":true,"href":"https:\/\/spbielsk.pl\/index.php?rest_route=%2Fwp%2Fv2%2Fcomments&post=9353"}],"version-history":[{"count":2,"href":"https:\/\/spbielsk.pl\/index.php?rest_route=\/wp\/v2\/posts\/9353\/revisions"}],"predecessor-version":[{"id":9356,"href":"https:\/\/spbielsk.pl\/index.php?rest_route=\/wp\/v2\/posts\/9353\/revisions\/9356"}],"wp:attachment":[{"href":"https:\/\/spbielsk.pl\/index.php?rest_route=%2Fwp%2Fv2%2Fmedia&parent=9353"}],"wp:term":[{"taxonomy":"category","embeddable":true,"href":"https:\/\/spbielsk.pl\/index.php?rest_route=%2Fwp%2Fv2%2Fcategories&post=9353"},{"taxonomy":"post_tag","embeddable":true,"href":"https:\/\/spbielsk.pl\/index.php?rest_route=%2Fwp%2Fv2%2Ftags&post=9353"}],"curies":[{"name":"wp","href":"https:\/\/api.w.org\/{rel}","templated":true}]}}