{"id":9347,"date":"2024-11-15T17:02:45","date_gmt":"2024-11-15T16:02:45","guid":{"rendered":"http:\/\/spbielsk.pl\/?p=9347"},"modified":"2024-11-15T17:02:47","modified_gmt":"2024-11-15T16:02:47","slug":"jesienne-biegi-przelajowe-z-okazji-dnia-niepodleglosci-2","status":"publish","type":"post","link":"https:\/\/spbielsk.pl\/?p=9347","title":{"rendered":"JESIENNE BIEGI PRZE\u0141AJOWE Z OKAZJI DNIA NIEPODLEG\u0141O\u015aCI"},"content":{"rendered":"\n<div class=\"x11i5rnm xat24cr x1mh8g0r x1vvkbs xtlvy1s x126k92a\">\n<div dir=\"auto\" style=\"text-align: justify;\">8 listopada br. odby\u0142y si\u0119 XXIX Jesienne Biegi Prze\u0142ajowe z okazji Dnia Niepodleg\u0142o\u015bci w Podg\u00f3rzu.<\/div>\n<\/div>\n<div class=\"x11i5rnm xat24cr x1mh8g0r x1vvkbs xtlvy1s x126k92a\">\n<div dir=\"auto\" style=\"text-align: justify;\">Nasz\u0105 szko\u0142\u0119 reprezentowa\u0142o \u0142\u0105cznie 42 uczni\u00f3w z klas 4-8, rywalizuj\u0105cych w r\u00f3\u017cnych kategoriach wiekowych.<\/div>\n<\/div>\n<div class=\"x11i5rnm xat24cr x1mh8g0r x1vvkbs xtlvy1s x126k92a\">\n<div dir=\"auto\">Zar\u00f3wno dru\u017cynowo jak i indywidualnie, nasi uczniowie osi\u0105gn\u0119li bardzo dobre wyniki:<\/div>\n<\/div>\n<p><!--more--><\/p>\n<div class=\"x11i5rnm xat24cr x1mh8g0r x1vvkbs xtlvy1s x126k92a\">\n<div dir=\"auto\"><span class=\"html-span xexx8yu x4uap5 x18d9i69 xkhd6sd x1hl2dhg x16tdsg8 x1vvkbs x3nfvp2 x1j61x8r x1fcty0u xdj266r xat24cr xgzva0m xhhsvwb xxymvpz xlup9mm x1kky2od\">1 <\/span>miejsce w kategorii Ch\u0142opc\u00f3w Starszych klas 7-8<\/div>\n<div dir=\"auto\"><span class=\"html-span xexx8yu x4uap5 x18d9i69 xkhd6sd x1hl2dhg x16tdsg8 x1vvkbs x3nfvp2 x1j61x8r x1fcty0u xdj266r xat24cr xgzva0m xhhsvwb xxymvpz xlup9mm x1kky2od\">3 <\/span>miejsce w kategorii Ch\u0142opc\u00f3w M\u0142odszych klas 4-6<\/div>\n<div dir=\"auto\"><span class=\"html-span xexx8yu x4uap5 x18d9i69 xkhd6sd x1hl2dhg x16tdsg8 x1vvkbs x3nfvp2 x1j61x8r x1fcty0u xdj266r xat24cr xgzva0m xhhsvwb xxymvpz xlup9mm x1kky2od\">3 <\/span>miejsce w kategorii Dziewcz\u0105t M\u0142odszych klas 4-6<\/div>\n<\/div>\n<div class=\"x11i5rnm xat24cr x1mh8g0r x1vvkbs xtlvy1s x126k92a\">\n<div dir=\"auto\">Indywidualnie najlepsze wyniki w swoich kategoriach wiekowych osi\u0105gn\u0119li:<\/div>\n<\/div>\n<div class=\"x11i5rnm xat24cr x1mh8g0r x1vvkbs xtlvy1s x126k92a\">\n<div dir=\"auto\"><span class=\"html-span xexx8yu x4uap5 x18d9i69 xkhd6sd x1hl2dhg x16tdsg8 x1vvkbs x3nfvp2 x1j61x8r x1fcty0u xdj266r xat24cr xgzva0m xhhsvwb xxymvpz xlup9mm x1kky2od\">1 <\/span>miejsce &#8211; Gapi\u0144ska Aleksandra, klasa 4a<\/div>\n<div dir=\"auto\"><span class=\"html-span xexx8yu x4uap5 x18d9i69 xkhd6sd x1hl2dhg x16tdsg8 x1vvkbs x3nfvp2 x1j61x8r x1fcty0u xdj266r xat24cr xgzva0m xhhsvwb xxymvpz xlup9mm x1kky2od\">2 <\/span>miejsce &#8211; Chorzewski Adam, klasa 4b<\/div>\n<div dir=\"auto\"><span class=\"html-span xexx8yu x4uap5 x18d9i69 xkhd6sd x1hl2dhg x16tdsg8 x1vvkbs x3nfvp2 x1j61x8r x1fcty0u xdj266r xat24cr xgzva0m xhhsvwb xxymvpz xlup9mm x1kky2od\">2 <\/span>miejsce &#8211; Zi\u00f3\u0142kowski Adam, klasa 5b<\/div>\n<div dir=\"auto\"><span class=\"html-span xexx8yu x4uap5 x18d9i69 xkhd6sd x1hl2dhg x16tdsg8 x1vvkbs x3nfvp2 x1j61x8r x1fcty0u xdj266r xat24cr xgzva0m xhhsvwb xxymvpz xlup9mm x1kky2od\">2 <\/span>miejsce &#8211; Marczewski Filip, klasa 7c<\/div>\n<div dir=\"auto\"><span class=\"html-span xexx8yu x4uap5 x18d9i69 xkhd6sd x1hl2dhg x16tdsg8 x1vvkbs x3nfvp2 x1j61x8r x1fcty0u xdj266r xat24cr xgzva0m xhhsvwb xxymvpz xlup9mm x1kky2od\">3 <\/span>miejsce &#8211; Pa\u0107kowski Julian, klasa 7c<\/div>\n<div dir=\"auto\"><span class=\"html-span xexx8yu x4uap5 x18d9i69 xkhd6sd x1hl2dhg x16tdsg8 x1vvkbs x3nfvp2 x1j61x8r x1fcty0u xdj266r xat24cr xgzva0m xhhsvwb xxymvpz xlup9mm x1kky2od\">4 <\/span>miejsce &#8211; Pryczy\u0144ski Jakub, klasa 5b<\/div>\n<div dir=\"auto\"><span class=\"html-span xexx8yu x4uap5 x18d9i69 xkhd6sd x1hl2dhg x16tdsg8 x1vvkbs x3nfvp2 x1j61x8r x1fcty0u xdj266r xat24cr xgzva0m xhhsvwb xxymvpz xlup9mm x1kky2od\">4 <\/span>miejsce &#8211; Sobczy\u0144ska Julia, klasa 5c<\/div>\n<div dir=\"auto\"><span class=\"html-span xexx8yu x4uap5 x18d9i69 xkhd6sd x1hl2dhg x16tdsg8 x1vvkbs x3nfvp2 x1j61x8r x1fcty0u xdj266r xat24cr xgzva0m xhhsvwb xxymvpz xlup9mm x1kky2od\">4 <\/span>miejsce &#8211; Budnicki Marcel, klasa 7a<\/div>\n<div dir=\"auto\"><span class=\"html-span xexx8yu x4uap5 x18d9i69 xkhd6sd x1hl2dhg x16tdsg8 x1vvkbs x3nfvp2 x1j61x8r x1fcty0u xdj266r xat24cr xgzva0m xhhsvwb xxymvpz xlup9mm x1kky2od\">5 <\/span>miejsce &#8211; Tercjak \u0141ukasz, klasa 7a<\/div>\n<\/div>\n<div class=\"x11i5rnm xat24cr x1mh8g0r x1vvkbs xtlvy1s x126k92a\">\n<div dir=\"auto\" style=\"text-align: right;\">Wszystkim serdecznie gratulujemy i \u017cyczymy dalszych sukces\u00f3w sportowych<span class=\"html-span xexx8yu x4uap5 x18d9i69 xkhd6sd x1hl2dhg x16tdsg8 x1vvkbs x3nfvp2 x1j61x8r x1fcty0u xdj266r xat24cr xgzva0m xhhsvwb xxymvpz xlup9mm x1kky2od\">!<\/span><\/div>\n<div dir=\"auto\" style=\"text-align: center;\">\r\n<div class=\"ngg-galleryoverview\" id=\"ngg-gallery-1027-9347\">\r\n\r\n\t<!-- Slideshow link -->\r\n\t<div class=\"slideshowlink\">\r\n\t\t<a class=\"slideshowlink\" href=\"https:\/\/spbielsk.pl\/?p=9347&amp;show=slide\">\r\n\t\t\t[Show slideshow]\t\t<\/a>\r\n\t<\/div>\r\n\r\n\t\r\n\t<!-- Thumbnails -->\r\n\t\t\r\n\t<div id=\"ngg-image-27104\" class=\"ngg-gallery-thumbnail-box\"  >\r\n\t\t<div class=\"ngg-gallery-thumbnail\" >\r\n\t\t\t<a href=\"https:\/\/spbielsk.pl\/wp-content\/gallery\/biegi-przelajowe-listopad-2024\/465678350_1082680000316319_2605628650785558863_n.jpg\" title=\" \"   rel=\"lightbox[9347]\">\r\n\t\t\t\t\t\t\t\t<img decoding=\"async\" title=\"465678350_1082680000316319_2605628650785558863_n\" alt=\"465678350_1082680000316319_2605628650785558863_n\" src=\"https:\/\/spbielsk.pl\/wp-content\/gallery\/biegi-przelajowe-listopad-2024\/thumbs\/thumbs_465678350_1082680000316319_2605628650785558863_n.jpg\" width=\"120\" height=\"90\" \/>\r\n\t\t\t\t\t\t\t<\/a>\r\n\t\t<\/div>\r\n\t<\/div>\r\n\t\r\n\t\t\r\n \t\t\r\n\t<div id=\"ngg-image-27105\" class=\"ngg-gallery-thumbnail-box\"  >\r\n\t\t<div class=\"ngg-gallery-thumbnail\" >\r\n\t\t\t<a href=\"https:\/\/spbielsk.pl\/wp-content\/gallery\/biegi-przelajowe-listopad-2024\/465727325_1082680003649652_661475902797383988_n.jpg\" title=\" \"   rel=\"lightbox[9347]\">\r\n\t\t\t\t\t\t\t\t<img decoding=\"async\" title=\"465727325_1082680003649652_661475902797383988_n\" alt=\"465727325_1082680003649652_661475902797383988_n\" src=\"https:\/\/spbielsk.pl\/wp-content\/gallery\/biegi-przelajowe-listopad-2024\/thumbs\/thumbs_465727325_1082680003649652_661475902797383988_n.jpg\" width=\"120\" height=\"90\" \/>\r\n\t\t\t\t\t\t\t<\/a>\r\n\t\t<\/div>\r\n\t<\/div>\r\n\t\r\n\t\t\r\n \t\t\r\n\t<div id=\"ngg-image-27106\" class=\"ngg-gallery-thumbnail-box\"  >\r\n\t\t<div class=\"ngg-gallery-thumbnail\" >\r\n\t\t\t<a href=\"https:\/\/spbielsk.pl\/wp-content\/gallery\/biegi-przelajowe-listopad-2024\/465735929_1082680163649636_8645041949017949985_n.jpg\" title=\" \"   rel=\"lightbox[9347]\">\r\n\t\t\t\t\t\t\t\t<img decoding=\"async\" title=\"465735929_1082680163649636_8645041949017949985_n\" alt=\"465735929_1082680163649636_8645041949017949985_n\" src=\"https:\/\/spbielsk.pl\/wp-content\/gallery\/biegi-przelajowe-listopad-2024\/thumbs\/thumbs_465735929_1082680163649636_8645041949017949985_n.jpg\" width=\"120\" height=\"90\" \/>\r\n\t\t\t\t\t\t\t<\/a>\r\n\t\t<\/div>\r\n\t<\/div>\r\n\t\r\n\t\t\r\n \t\t\r\n\t<div id=\"ngg-image-27107\" class=\"ngg-gallery-thumbnail-box\"  >\r\n\t\t<div class=\"ngg-gallery-thumbnail\" >\r\n\t\t\t<a href=\"https:\/\/spbielsk.pl\/wp-content\/gallery\/biegi-przelajowe-listopad-2024\/465929208_1082679996982986_6995857175812043238_n.jpg\" title=\" \"   rel=\"lightbox[9347]\">\r\n\t\t\t\t\t\t\t\t<img loading=\"lazy\" decoding=\"async\" title=\"465929208_1082679996982986_6995857175812043238_n\" alt=\"465929208_1082679996982986_6995857175812043238_n\" src=\"https:\/\/spbielsk.pl\/wp-content\/gallery\/biegi-przelajowe-listopad-2024\/thumbs\/thumbs_465929208_1082679996982986_6995857175812043238_n.jpg\" width=\"120\" height=\"90\" \/>\r\n\t\t\t\t\t\t\t<\/a>\r\n\t\t<\/div>\r\n\t<\/div>\r\n\t\r\n\t\t\r\n \t\t\r\n\t<div id=\"ngg-image-27108\" class=\"ngg-gallery-thumbnail-box\"  >\r\n\t\t<div class=\"ngg-gallery-thumbnail\" >\r\n\t\t\t<a href=\"https:\/\/spbielsk.pl\/wp-content\/gallery\/biegi-przelajowe-listopad-2024\/466736503_1082680086982977_5997626244077679428_n.jpg\" title=\" \"   rel=\"lightbox[9347]\">\r\n\t\t\t\t\t\t\t\t<img loading=\"lazy\" decoding=\"async\" title=\"466736503_1082680086982977_5997626244077679428_n\" alt=\"466736503_1082680086982977_5997626244077679428_n\" src=\"https:\/\/spbielsk.pl\/wp-content\/gallery\/biegi-przelajowe-listopad-2024\/thumbs\/thumbs_466736503_1082680086982977_5997626244077679428_n.jpg\" width=\"120\" height=\"90\" \/>\r\n\t\t\t\t\t\t\t<\/a>\r\n\t\t<\/div>\r\n\t<\/div>\r\n\t\r\n\t\t\r\n \t\t\r\n\t<div id=\"ngg-image-27109\" class=\"ngg-gallery-thumbnail-box\"  >\r\n\t\t<div class=\"ngg-gallery-thumbnail\" >\r\n\t\t\t<a href=\"https:\/\/spbielsk.pl\/wp-content\/gallery\/biegi-przelajowe-listopad-2024\/466799413_1082680060316313_1178358834120572097_n.jpg\" title=\" \"   rel=\"lightbox[9347]\">\r\n\t\t\t\t\t\t\t\t<img loading=\"lazy\" decoding=\"async\" title=\"466799413_1082680060316313_1178358834120572097_n\" alt=\"466799413_1082680060316313_1178358834120572097_n\" src=\"https:\/\/spbielsk.pl\/wp-content\/gallery\/biegi-przelajowe-listopad-2024\/thumbs\/thumbs_466799413_1082680060316313_1178358834120572097_n.jpg\" width=\"120\" height=\"90\" \/>\r\n\t\t\t\t\t\t\t<\/a>\r\n\t\t<\/div>\r\n\t<\/div>\r\n\t\r\n\t\t\r\n \t\t\r\n\t<div id=\"ngg-image-27110\" class=\"ngg-gallery-thumbnail-box\"  >\r\n\t\t<div class=\"ngg-gallery-thumbnail\" >\r\n\t\t\t<a href=\"https:\/\/spbielsk.pl\/wp-content\/gallery\/biegi-przelajowe-listopad-2024\/466861017_1082680080316311_6733657853089050482_n.jpg\" title=\" \"   rel=\"lightbox[9347]\">\r\n\t\t\t\t\t\t\t\t<img loading=\"lazy\" decoding=\"async\" title=\"466861017_1082680080316311_6733657853089050482_n\" alt=\"466861017_1082680080316311_6733657853089050482_n\" src=\"https:\/\/spbielsk.pl\/wp-content\/gallery\/biegi-przelajowe-listopad-2024\/thumbs\/thumbs_466861017_1082680080316311_6733657853089050482_n.jpg\" width=\"120\" height=\"90\" \/>\r\n\t\t\t\t\t\t\t<\/a>\r\n\t\t<\/div>\r\n\t<\/div>\r\n\t\r\n\t\t\r\n \t\t\r\n\t<div id=\"ngg-image-27111\" class=\"ngg-gallery-thumbnail-box\"  >\r\n\t\t<div class=\"ngg-gallery-thumbnail\" >\r\n\t\t\t<a href=\"https:\/\/spbielsk.pl\/wp-content\/gallery\/biegi-przelajowe-listopad-2024\/466972328_1082709450313374_6600089228471680506_n.jpg\" title=\" \"   rel=\"lightbox[9347]\">\r\n\t\t\t\t\t\t\t\t<img loading=\"lazy\" decoding=\"async\" title=\"466972328_1082709450313374_6600089228471680506_n\" alt=\"466972328_1082709450313374_6600089228471680506_n\" src=\"https:\/\/spbielsk.pl\/wp-content\/gallery\/biegi-przelajowe-listopad-2024\/thumbs\/thumbs_466972328_1082709450313374_6600089228471680506_n.jpg\" width=\"120\" height=\"90\" \/>\r\n\t\t\t\t\t\t\t<\/a>\r\n\t\t<\/div>\r\n\t<\/div>\r\n\t\r\n\t\t\r\n \t\t\r\n\t<div id=\"ngg-image-27112\" class=\"ngg-gallery-thumbnail-box\"  >\r\n\t\t<div class=\"ngg-gallery-thumbnail\" >\r\n\t\t\t<a href=\"https:\/\/spbielsk.pl\/wp-content\/gallery\/biegi-przelajowe-listopad-2024\/466993077_1082680143649638_567781109869037470_n.jpg\" title=\" \"   rel=\"lightbox[9347]\">\r\n\t\t\t\t\t\t\t\t<img loading=\"lazy\" decoding=\"async\" title=\"466993077_1082680143649638_567781109869037470_n\" alt=\"466993077_1082680143649638_567781109869037470_n\" src=\"https:\/\/spbielsk.pl\/wp-content\/gallery\/biegi-przelajowe-listopad-2024\/thumbs\/thumbs_466993077_1082680143649638_567781109869037470_n.jpg\" width=\"120\" height=\"90\" \/>\r\n\t\t\t\t\t\t\t<\/a>\r\n\t\t<\/div>\r\n\t<\/div>\r\n\t\r\n\t\t\r\n \t \t\r\n\t<!-- Pagination -->\r\n \t<div class='ngg-clear'><\/div>\n \t\r\n<\/div>\r\n\r\n<\/div>\n<\/div>\n","protected":false},"excerpt":{"rendered":"<p>8 listopada br. odby\u0142y si\u0119 XXIX Jesienne Biegi Prze\u0142ajowe z okazji Dnia Niepodleg\u0142o\u015bci w Podg\u00f3rzu. Nasz\u0105 szko\u0142\u0119 reprezentowa\u0142o \u0142\u0105cznie 42 uczni\u00f3w z klas 4-8, rywalizuj\u0105cych w r\u00f3\u017cnych kategoriach wiekowych. Zar\u00f3wno dru\u017cynowo jak i indywidualnie, nasi uczniowie osi\u0105gn\u0119li bardzo dobre wyniki:<\/p>\n","protected":false},"author":1,"featured_media":9143,"comment_status":"closed","ping_status":"closed","sticky":false,"template":"","format":"standard","meta":{"footnotes":""},"categories":[5],"tags":[],"class_list":["post-9347","post","type-post","status-publish","format-standard","has-post-thumbnail","hentry","category-s-p-bielsk"],"_links":{"self":[{"href":"https:\/\/spbielsk.pl\/index.php?rest_route=\/wp\/v2\/posts\/9347","targetHints":{"allow":["GET"]}}],"collection":[{"href":"https:\/\/spbielsk.pl\/index.php?rest_route=\/wp\/v2\/posts"}],"about":[{"href":"https:\/\/spbielsk.pl\/index.php?rest_route=\/wp\/v2\/types\/post"}],"author":[{"embeddable":true,"href":"https:\/\/spbielsk.pl\/index.php?rest_route=\/wp\/v2\/users\/1"}],"replies":[{"embeddable":true,"href":"https:\/\/spbielsk.pl\/index.php?rest_route=%2Fwp%2Fv2%2Fcomments&post=9347"}],"version-history":[{"count":1,"href":"https:\/\/spbielsk.pl\/index.php?rest_route=\/wp\/v2\/posts\/9347\/revisions"}],"predecessor-version":[{"id":9348,"href":"https:\/\/spbielsk.pl\/index.php?rest_route=\/wp\/v2\/posts\/9347\/revisions\/9348"}],"wp:featuredmedia":[{"embeddable":true,"href":"https:\/\/spbielsk.pl\/index.php?rest_route=\/wp\/v2\/media\/9143"}],"wp:attachment":[{"href":"https:\/\/spbielsk.pl\/index.php?rest_route=%2Fwp%2Fv2%2Fmedia&parent=9347"}],"wp:term":[{"taxonomy":"category","embeddable":true,"href":"https:\/\/spbielsk.pl\/index.php?rest_route=%2Fwp%2Fv2%2Fcategories&post=9347"},{"taxonomy":"post_tag","embeddable":true,"href":"https:\/\/spbielsk.pl\/index.php?rest_route=%2Fwp%2Fv2%2Ftags&post=9347"}],"curies":[{"name":"wp","href":"https:\/\/api.w.org\/{rel}","templated":true}]}}