{"id":9326,"date":"2024-11-13T13:12:06","date_gmt":"2024-11-13T12:12:06","guid":{"rendered":"http:\/\/spbielsk.pl\/?p=9326"},"modified":"2024-11-13T15:05:59","modified_gmt":"2024-11-13T14:05:59","slug":"akcja-menstruacja-w-naszej-szkole","status":"publish","type":"post","link":"https:\/\/spbielsk.pl\/?p=9326","title":{"rendered":"Akcja Menstruacja w naszej szkole"},"content":{"rendered":"\n<p style=\"text-align: justify;\">Mi\u0142o nam poinformowa\u0107, \u017ce nasza szko\u0142a zakwalifikowa\u0142a si\u0119 do programu \u201eAkcja Menstruacja w Twojej szkole\u201d. Ma on na celu walk\u0119 z ub\u00f3stwem menstruacyjnym oraz przeciwdzia\u0142anie wykluczeniu edukacyjnemu zwi\u0105zanemu z menstruacj\u0105 w\u015br\u00f3d os\u00f3b ucz\u0105cych si\u0119 poprzez zapewnienie dost\u0119pu do bezp\u0142atnych \u015brodk\u00f3w higienicznych. Akcja zosta\u0142a bardzo entuzjastycznie odebrana przez uczennice naszej szko\u0142y. Szczeg\u00f3lnie wa\u017cny jest jej spo\u0142eczny wyd\u017awi\u0119k w \u015brodowisku szkolnym.\u00a0<br \/>Artyku\u0142y higieniczne umieszczone zosta\u0142y w toaletach dla dziewcz\u0105t w oznaczonych pojemnikach. Korzysta\u0107 z nich mo\u017cna w dowolnej chwili, w razie potrzeby.<\/p>\n<p style=\"text-align: center;\"><!--more--><\/p>\n<p style=\"text-align: right;\">Dzi\u0119kujemy Fundacji Akcja Menstruacja!<\/p>\n<p style=\"text-align: center;\"><a href=\"http:\/\/spbielsk.pl\/wp-content\/uploads\/2024\/11\/am_szkola_instagram.jpg\" rel=\"lightbox[9326]\"><img fetchpriority=\"high\" decoding=\"async\" class=\"aligncenter wp-image-9334 size-medium\" src=\"http:\/\/spbielsk.pl\/wp-content\/uploads\/2024\/11\/am_szkola_instagram-300x300.jpg\" alt=\"\" width=\"300\" height=\"300\" srcset=\"https:\/\/spbielsk.pl\/wp-content\/uploads\/2024\/11\/am_szkola_instagram-300x300.jpg 300w, https:\/\/spbielsk.pl\/wp-content\/uploads\/2024\/11\/am_szkola_instagram-100x100.jpg 100w, https:\/\/spbielsk.pl\/wp-content\/uploads\/2024\/11\/am_szkola_instagram.jpg 600w\" sizes=\"(max-width: 300px) 100vw, 300px\" \/><\/a><\/p>\n<p style=\"text-align: center;\"><a href=\"https:\/\/drive.google.com\/file\/d\/1LQA1YZTmXxibweRwEX7tt1DEF7YtGPDg\/view?usp=sharing\"><strong>&gt;&gt;&gt;AKCJA MENSTRUACJA (PLAKAT)&lt;&lt;&lt;<\/strong><\/a><\/p>\n","protected":false},"excerpt":{"rendered":"<p>Mi\u0142o nam poinformowa\u0107, \u017ce nasza szko\u0142a zakwalifikowa\u0142a si\u0119 do programu \u201eAkcja Menstruacja w Twojej szkole\u201d. Ma on na celu walk\u0119 z ub\u00f3stwem menstruacyjnym oraz przeciwdzia\u0142anie wykluczeniu edukacyjnemu zwi\u0105zanemu z menstruacj\u0105 w\u015br\u00f3d os\u00f3b ucz\u0105cych si\u0119 poprzez zapewnienie dost\u0119pu do bezp\u0142atnych \u015brodk\u00f3w higienicznych. Akcja zosta\u0142a bardzo entuzjastycznie odebrana przez uczennice naszej szko\u0142y. Szczeg\u00f3lnie wa\u017cny jest jej spo\u0142eczny [&hellip;]<\/p>\n","protected":false},"author":1,"featured_media":9327,"comment_status":"closed","ping_status":"closed","sticky":false,"template":"","format":"standard","meta":{"footnotes":""},"categories":[5],"tags":[],"class_list":["post-9326","post","type-post","status-publish","format-standard","has-post-thumbnail","hentry","category-s-p-bielsk"],"_links":{"self":[{"href":"https:\/\/spbielsk.pl\/index.php?rest_route=\/wp\/v2\/posts\/9326","targetHints":{"allow":["GET"]}}],"collection":[{"href":"https:\/\/spbielsk.pl\/index.php?rest_route=\/wp\/v2\/posts"}],"about":[{"href":"https:\/\/spbielsk.pl\/index.php?rest_route=\/wp\/v2\/types\/post"}],"author":[{"embeddable":true,"href":"https:\/\/spbielsk.pl\/index.php?rest_route=\/wp\/v2\/users\/1"}],"replies":[{"embeddable":true,"href":"https:\/\/spbielsk.pl\/index.php?rest_route=%2Fwp%2Fv2%2Fcomments&post=9326"}],"version-history":[{"count":3,"href":"https:\/\/spbielsk.pl\/index.php?rest_route=\/wp\/v2\/posts\/9326\/revisions"}],"predecessor-version":[{"id":9335,"href":"https:\/\/spbielsk.pl\/index.php?rest_route=\/wp\/v2\/posts\/9326\/revisions\/9335"}],"wp:featuredmedia":[{"embeddable":true,"href":"https:\/\/spbielsk.pl\/index.php?rest_route=\/wp\/v2\/media\/9327"}],"wp:attachment":[{"href":"https:\/\/spbielsk.pl\/index.php?rest_route=%2Fwp%2Fv2%2Fmedia&parent=9326"}],"wp:term":[{"taxonomy":"category","embeddable":true,"href":"https:\/\/spbielsk.pl\/index.php?rest_route=%2Fwp%2Fv2%2Fcategories&post=9326"},{"taxonomy":"post_tag","embeddable":true,"href":"https:\/\/spbielsk.pl\/index.php?rest_route=%2Fwp%2Fv2%2Ftags&post=9326"}],"curies":[{"name":"wp","href":"https:\/\/api.w.org\/{rel}","templated":true}]}}