{"id":8841,"date":"2024-05-12T12:02:44","date_gmt":"2024-05-12T11:02:44","guid":{"rendered":"http:\/\/spbielsk.pl\/?p=8841"},"modified":"2024-05-12T12:02:45","modified_gmt":"2024-05-12T11:02:45","slug":"wyniki-konkursu-plastycznego-okladka-mojej-ulubionej-ksiazki","status":"publish","type":"post","link":"https:\/\/spbielsk.pl\/?p=8841","title":{"rendered":"WYNIKI KONKURSU PLASTYCZNEGO &#8222;OK\u0141ADKA MOJEJ ULUBIONEJ KSI\u0104\u017bKI&#8221;"},"content":{"rendered":"\n<div class=\"x11i5rnm xat24cr x1mh8g0r x1vvkbs xtlvy1s x126k92a\">\n<div dir=\"auto\" style=\"text-align: justify;\"><span class=\"x3nfvp2 x1j61x8r x1fcty0u xdj266r xhhsvwb xat24cr xgzva0m xxymvpz xlup9mm x1kky2od\">7 <\/span>maja odby\u0142o si\u0119 podusmowanie konkursu plastycznego dla uczni\u00f3w klas 1-3 pt. &#8222;Ok\u0142adka mojej ulubionej ksi\u0105\u017cki&#8221;.\u00a0<\/div>\n<\/div>\n<div class=\"x11i5rnm xat24cr x1mh8g0r x1vvkbs xtlvy1s x126k92a\" style=\"text-align: justify;\">\n<div dir=\"auto\">Komisja konkursowa, bior\u0105ca pod uwag\u0119 wk\u0142ad pracy, samodzielno\u015b\u0107 i pomys\u0142owo\u015b\u0107 wykonania, wy\u0142oni\u0142a laureat\u00f3w: 1 miejsce: Wiktoria Zy\u015bk, klasa 1b, 2 miejsce: \u0141ucja Ra\u0107kowska, klasa 1a, 3 miejsce: Zosia Bie\u0144kowska, klasa 2b<\/div>\n<\/div>\n<div class=\"x11i5rnm xat24cr x1mh8g0r x1vvkbs xtlvy1s x126k92a\">\n<div dir=\"auto\" style=\"text-align: justify;\">Zwyci\u0119zcy otrzymali nagrody ksi\u0105\u017ckowe.\u00a0Gratulujemy<span class=\"x3nfvp2 x1j61x8r x1fcty0u xdj266r xhhsvwb xat24cr xgzva0m xxymvpz xlup9mm x1kky2od\">!<\/span><\/div>\n<\/div>\n<p><!--more--><\/p>\n<div dir=\"auto\" style=\"text-align: center;\">\r\n<div class=\"ngg-galleryoverview\" id=\"ngg-gallery-978-8841\">\r\n\r\n\t<!-- Slideshow link -->\r\n\t<div class=\"slideshowlink\">\r\n\t\t<a class=\"slideshowlink\" href=\"https:\/\/spbielsk.pl\/?p=8841&amp;show=slide\">\r\n\t\t\t[Show slideshow]\t\t<\/a>\r\n\t<\/div>\r\n\r\n\t\r\n\t<!-- Thumbnails -->\r\n\t\t\r\n\t<div id=\"ngg-image-25759\" class=\"ngg-gallery-thumbnail-box\"  >\r\n\t\t<div class=\"ngg-gallery-thumbnail\" >\r\n\t\t\t<a href=\"https:\/\/spbielsk.pl\/wp-content\/gallery\/okladka-ksiazki-konkurs-maj-2024\/438081496_956699342914386_2381614837569140605_n.jpg\" title=\" \"   rel=\"lightbox[8841]\">\r\n\t\t\t\t\t\t\t\t<img decoding=\"async\" title=\"438081496_956699342914386_2381614837569140605_n\" alt=\"438081496_956699342914386_2381614837569140605_n\" src=\"https:\/\/spbielsk.pl\/wp-content\/gallery\/okladka-ksiazki-konkurs-maj-2024\/thumbs\/thumbs_438081496_956699342914386_2381614837569140605_n.jpg\" width=\"120\" height=\"90\" \/>\r\n\t\t\t\t\t\t\t<\/a>\r\n\t\t<\/div>\r\n\t<\/div>\r\n\t\r\n\t\t\r\n \t\t\r\n\t<div id=\"ngg-image-25760\" class=\"ngg-gallery-thumbnail-box\"  >\r\n\t\t<div class=\"ngg-gallery-thumbnail\" >\r\n\t\t\t<a href=\"https:\/\/spbielsk.pl\/wp-content\/gallery\/okladka-ksiazki-konkurs-maj-2024\/438108872_956699329581054_914458300147853184_n.jpg\" title=\" \"   rel=\"lightbox[8841]\">\r\n\t\t\t\t\t\t\t\t<img decoding=\"async\" title=\"438108872_956699329581054_914458300147853184_n\" alt=\"438108872_956699329581054_914458300147853184_n\" src=\"https:\/\/spbielsk.pl\/wp-content\/gallery\/okladka-ksiazki-konkurs-maj-2024\/thumbs\/thumbs_438108872_956699329581054_914458300147853184_n.jpg\" width=\"120\" height=\"90\" \/>\r\n\t\t\t\t\t\t\t<\/a>\r\n\t\t<\/div>\r\n\t<\/div>\r\n\t\r\n\t\t\r\n \t\t\r\n\t<div id=\"ngg-image-25761\" class=\"ngg-gallery-thumbnail-box\"  >\r\n\t\t<div class=\"ngg-gallery-thumbnail\" >\r\n\t\t\t<a href=\"https:\/\/spbielsk.pl\/wp-content\/gallery\/okladka-ksiazki-konkurs-maj-2024\/440874928_956699319581055_8289295385989560218_n.jpg\" title=\" \"   rel=\"lightbox[8841]\">\r\n\t\t\t\t\t\t\t\t<img decoding=\"async\" title=\"440874928_956699319581055_8289295385989560218_n\" alt=\"440874928_956699319581055_8289295385989560218_n\" src=\"https:\/\/spbielsk.pl\/wp-content\/gallery\/okladka-ksiazki-konkurs-maj-2024\/thumbs\/thumbs_440874928_956699319581055_8289295385989560218_n.jpg\" width=\"120\" height=\"90\" \/>\r\n\t\t\t\t\t\t\t<\/a>\r\n\t\t<\/div>\r\n\t<\/div>\r\n\t\r\n\t\t\r\n \t \t\r\n\t<!-- Pagination -->\r\n \t<div class='ngg-clear'><\/div>\n \t\r\n<\/div>\r\n\r\n<\/div>\n","protected":false},"excerpt":{"rendered":"<p>7 maja odby\u0142o si\u0119 podusmowanie konkursu plastycznego dla uczni\u00f3w klas 1-3 pt. &#8222;Ok\u0142adka mojej ulubionej ksi\u0105\u017cki&#8221;.\u00a0 Komisja konkursowa, bior\u0105ca pod uwag\u0119 wk\u0142ad pracy, samodzielno\u015b\u0107 i pomys\u0142owo\u015b\u0107 wykonania, wy\u0142oni\u0142a laureat\u00f3w: 1 miejsce: Wiktoria Zy\u015bk, klasa 1b, 2 miejsce: \u0141ucja Ra\u0107kowska, klasa 1a, 3 miejsce: Zosia Bie\u0144kowska, klasa 2b Zwyci\u0119zcy otrzymali nagrody ksi\u0105\u017ckowe.\u00a0Gratulujemy!<\/p>\n","protected":false},"author":1,"featured_media":8842,"comment_status":"closed","ping_status":"closed","sticky":false,"template":"","format":"standard","meta":{"footnotes":""},"categories":[5],"tags":[],"class_list":["post-8841","post","type-post","status-publish","format-standard","has-post-thumbnail","hentry","category-s-p-bielsk"],"_links":{"self":[{"href":"https:\/\/spbielsk.pl\/index.php?rest_route=\/wp\/v2\/posts\/8841","targetHints":{"allow":["GET"]}}],"collection":[{"href":"https:\/\/spbielsk.pl\/index.php?rest_route=\/wp\/v2\/posts"}],"about":[{"href":"https:\/\/spbielsk.pl\/index.php?rest_route=\/wp\/v2\/types\/post"}],"author":[{"embeddable":true,"href":"https:\/\/spbielsk.pl\/index.php?rest_route=\/wp\/v2\/users\/1"}],"replies":[{"embeddable":true,"href":"https:\/\/spbielsk.pl\/index.php?rest_route=%2Fwp%2Fv2%2Fcomments&post=8841"}],"version-history":[{"count":1,"href":"https:\/\/spbielsk.pl\/index.php?rest_route=\/wp\/v2\/posts\/8841\/revisions"}],"predecessor-version":[{"id":8843,"href":"https:\/\/spbielsk.pl\/index.php?rest_route=\/wp\/v2\/posts\/8841\/revisions\/8843"}],"wp:featuredmedia":[{"embeddable":true,"href":"https:\/\/spbielsk.pl\/index.php?rest_route=\/wp\/v2\/media\/8842"}],"wp:attachment":[{"href":"https:\/\/spbielsk.pl\/index.php?rest_route=%2Fwp%2Fv2%2Fmedia&parent=8841"}],"wp:term":[{"taxonomy":"category","embeddable":true,"href":"https:\/\/spbielsk.pl\/index.php?rest_route=%2Fwp%2Fv2%2Fcategories&post=8841"},{"taxonomy":"post_tag","embeddable":true,"href":"https:\/\/spbielsk.pl\/index.php?rest_route=%2Fwp%2Fv2%2Ftags&post=8841"}],"curies":[{"name":"wp","href":"https:\/\/api.w.org\/{rel}","templated":true}]}}