{"id":8809,"date":"2024-04-28T21:08:02","date_gmt":"2024-04-28T20:08:02","guid":{"rendered":"http:\/\/spbielsk.pl\/?p=8809"},"modified":"2024-04-28T21:08:04","modified_gmt":"2024-04-28T20:08:04","slug":"sukces-naszego-absolwenta","status":"publish","type":"post","link":"https:\/\/spbielsk.pl\/?p=8809","title":{"rendered":"Sukces naszego absolwenta!"},"content":{"rendered":"\n<p style=\"text-align: justify;\"><span class=\"x193iq5w xeuugli x13faqbe x1vvkbs x1xmvt09 x1lliihq x1s928wv xhkezso x1gmr53x x1cpjm7i x1fgarty x1943h6x xudqn12 x3x7a5m x6prxxf xvq8zen xo1l8bm xzsf02u x1yc453h\" dir=\"auto\">Serdecznie gratulujemy Kacprowi Cegli\u0144skiemu i ca\u0142ej dru\u017cynie Zespo\u0142u Szk\u00f3\u0142 Zawodowych im. Marii Sk\u0142odowskiej-Curie w P\u0142ocku zaj\u0119cia pierwszego miejsca w etapie rejonowym XXX og\u00f3lnopolskich mistrzostw pierwszej pomocy Polskiego Czerwonego Krzy\u017ca, \u017cycz\u0105c powodzenia w kolejnym etapie zmaga\u0144.\u00a0Jeste\u015bmy dumni z naszych absolwent\u00f3w.\u00a0<\/span><\/p>\n<p style=\"text-align: center;\"><!--more--><\/p>\n<p style=\"text-align: center;\">\r\n<div class=\"ngg-galleryoverview\" id=\"ngg-gallery-969-8809\">\r\n\r\n\t<!-- Slideshow link -->\r\n\t<div class=\"slideshowlink\">\r\n\t\t<a class=\"slideshowlink\" href=\"https:\/\/spbielsk.pl\/?p=8809&amp;show=slide\">\r\n\t\t\t[Show slideshow]\t\t<\/a>\r\n\t<\/div>\r\n\r\n\t\r\n\t<!-- Thumbnails -->\r\n\t\t\r\n\t<div id=\"ngg-image-25583\" class=\"ngg-gallery-thumbnail-box\"  >\r\n\t\t<div class=\"ngg-gallery-thumbnail\" >\r\n\t\t\t<a href=\"https:\/\/spbielsk.pl\/wp-content\/gallery\/pierwsza-pomoc-kwiecien-2024\/437658769_976566064476492_7285853066219524054_n.jpg\" title=\" \"   rel=\"lightbox[8809]\">\r\n\t\t\t\t\t\t\t\t<img decoding=\"async\" title=\"437658769_976566064476492_7285853066219524054_n\" alt=\"437658769_976566064476492_7285853066219524054_n\" src=\"https:\/\/spbielsk.pl\/wp-content\/gallery\/pierwsza-pomoc-kwiecien-2024\/thumbs\/thumbs_437658769_976566064476492_7285853066219524054_n.jpg\" width=\"120\" height=\"90\" \/>\r\n\t\t\t\t\t\t\t<\/a>\r\n\t\t<\/div>\r\n\t<\/div>\r\n\t\r\n\t\t\r\n \t\t\r\n\t<div id=\"ngg-image-25584\" class=\"ngg-gallery-thumbnail-box\"  >\r\n\t\t<div class=\"ngg-gallery-thumbnail\" >\r\n\t\t\t<a href=\"https:\/\/spbielsk.pl\/wp-content\/gallery\/pierwsza-pomoc-kwiecien-2024\/438078825_976566087809823_4421215198582080769_n.jpg\" title=\" \"   rel=\"lightbox[8809]\">\r\n\t\t\t\t\t\t\t\t<img decoding=\"async\" title=\"438078825_976566087809823_4421215198582080769_n\" alt=\"438078825_976566087809823_4421215198582080769_n\" src=\"https:\/\/spbielsk.pl\/wp-content\/gallery\/pierwsza-pomoc-kwiecien-2024\/thumbs\/thumbs_438078825_976566087809823_4421215198582080769_n.jpg\" width=\"120\" height=\"90\" \/>\r\n\t\t\t\t\t\t\t<\/a>\r\n\t\t<\/div>\r\n\t<\/div>\r\n\t\r\n\t\t\r\n \t\t\r\n\t<div id=\"ngg-image-25585\" class=\"ngg-gallery-thumbnail-box\"  >\r\n\t\t<div class=\"ngg-gallery-thumbnail\" >\r\n\t\t\t<a href=\"https:\/\/spbielsk.pl\/wp-content\/gallery\/pierwsza-pomoc-kwiecien-2024\/438098166_976566167809815_2877429941164444314_n.jpg\" title=\" \"   rel=\"lightbox[8809]\">\r\n\t\t\t\t\t\t\t\t<img decoding=\"async\" title=\"438098166_976566167809815_2877429941164444314_n\" alt=\"438098166_976566167809815_2877429941164444314_n\" src=\"https:\/\/spbielsk.pl\/wp-content\/gallery\/pierwsza-pomoc-kwiecien-2024\/thumbs\/thumbs_438098166_976566167809815_2877429941164444314_n.jpg\" width=\"120\" height=\"90\" \/>\r\n\t\t\t\t\t\t\t<\/a>\r\n\t\t<\/div>\r\n\t<\/div>\r\n\t\r\n\t\t\r\n \t \t\r\n\t<!-- Pagination -->\r\n \t<div class='ngg-clear'><\/div>\n \t\r\n<\/div>\r\n\r\n<\/p>\n<p>\u00a0<\/p>\n","protected":false},"excerpt":{"rendered":"<p>Serdecznie gratulujemy Kacprowi Cegli\u0144skiemu i ca\u0142ej dru\u017cynie Zespo\u0142u Szk\u00f3\u0142 Zawodowych im. Marii Sk\u0142odowskiej-Curie w P\u0142ocku zaj\u0119cia pierwszego miejsca w etapie rejonowym XXX og\u00f3lnopolskich mistrzostw pierwszej pomocy Polskiego Czerwonego Krzy\u017ca, \u017cycz\u0105c powodzenia w kolejnym etapie zmaga\u0144.\u00a0Jeste\u015bmy dumni z naszych absolwent\u00f3w.\u00a0<\/p>\n","protected":false},"author":1,"featured_media":8810,"comment_status":"closed","ping_status":"closed","sticky":false,"template":"","format":"standard","meta":{"footnotes":""},"categories":[5],"tags":[],"class_list":["post-8809","post","type-post","status-publish","format-standard","has-post-thumbnail","hentry","category-s-p-bielsk"],"_links":{"self":[{"href":"https:\/\/spbielsk.pl\/index.php?rest_route=\/wp\/v2\/posts\/8809","targetHints":{"allow":["GET"]}}],"collection":[{"href":"https:\/\/spbielsk.pl\/index.php?rest_route=\/wp\/v2\/posts"}],"about":[{"href":"https:\/\/spbielsk.pl\/index.php?rest_route=\/wp\/v2\/types\/post"}],"author":[{"embeddable":true,"href":"https:\/\/spbielsk.pl\/index.php?rest_route=\/wp\/v2\/users\/1"}],"replies":[{"embeddable":true,"href":"https:\/\/spbielsk.pl\/index.php?rest_route=%2Fwp%2Fv2%2Fcomments&post=8809"}],"version-history":[{"count":1,"href":"https:\/\/spbielsk.pl\/index.php?rest_route=\/wp\/v2\/posts\/8809\/revisions"}],"predecessor-version":[{"id":8811,"href":"https:\/\/spbielsk.pl\/index.php?rest_route=\/wp\/v2\/posts\/8809\/revisions\/8811"}],"wp:featuredmedia":[{"embeddable":true,"href":"https:\/\/spbielsk.pl\/index.php?rest_route=\/wp\/v2\/media\/8810"}],"wp:attachment":[{"href":"https:\/\/spbielsk.pl\/index.php?rest_route=%2Fwp%2Fv2%2Fmedia&parent=8809"}],"wp:term":[{"taxonomy":"category","embeddable":true,"href":"https:\/\/spbielsk.pl\/index.php?rest_route=%2Fwp%2Fv2%2Fcategories&post=8809"},{"taxonomy":"post_tag","embeddable":true,"href":"https:\/\/spbielsk.pl\/index.php?rest_route=%2Fwp%2Fv2%2Ftags&post=8809"}],"curies":[{"name":"wp","href":"https:\/\/api.w.org\/{rel}","templated":true}]}}