{"id":8803,"date":"2024-04-25T15:26:23","date_gmt":"2024-04-25T14:26:23","guid":{"rendered":"http:\/\/spbielsk.pl\/?p=8803"},"modified":"2024-04-25T15:26:24","modified_gmt":"2024-04-25T14:26:24","slug":"wiosenny-koncert","status":"publish","type":"post","link":"https:\/\/spbielsk.pl\/?p=8803","title":{"rendered":"Wiosenny koncert"},"content":{"rendered":"\n<p style=\"text-align: justify;\">Dnia 24.04.2024 r. w naszej szkole odby\u0142 si\u0119 koncert wiosenny w wykonaniu uczni\u00f3w Pa\u0144stwowej Szko\u0142y Muzycznej I i II stopnia im. K. Szymanowskiego w P\u0142ocku.<br \/>Wszystkich zgromadzonych uczestnik\u00f3w koncertu przywita\u0142a pani dyrektor Maria Kluge. Wyrazi\u0142a swoje zadowolenie, \u017ce mogli\u015bmy go\u015bci\u0107 artyst\u00f3w w murach naszej szko\u0142y. Dla uczni\u00f3w i nauczycieli szko\u0142y by\u0142o to szczeg\u00f3lnie wa\u017cne wydarzenie, gdy\u017c mogli\u015bmy na \u017cywo wys\u0142ucha\u0107 pi\u0119knej muzyki, pozna\u0107 nowe instrumenty oraz obcowa\u0107 z kultur\u0105.<\/p>\n<p style=\"text-align: center;\"><!--more--><\/p>\n<p style=\"text-align: justify;\">Pan Grzegorz D\u0119bski rozpoczynaj\u0105c koncert, przedstawi\u0142 uczni\u00f3w, kt\u00f3rzy zaszczycili nas swoj\u0105 obecno\u015bci\u0105. Zaprezentowane utwory to zar\u00f3wno muzyka klasyczna jak i wsp\u00f3\u0142czesna. <br \/>Serdecznie dzi\u0119kujemy za koncert m\u0142odym artystom, a szczeg\u00f3lnie panu Grzegorzowi D\u0119bskiemu &#8211; wicedyrektorowi Pa\u0144stwowej Szko\u0142y Muzycznej I i II stopnia im. K. Szymanowskiego w P\u0142ocku, za pozytywn\u0105 odpowied\u017a na nasze zapotrzebowanie na kultur\u0119 wysok\u0105. <br \/>Obecnie trwa rekrutacja do p\u0142ockiej szko\u0142y muzycznej. Dzieci mog\u0105 tam ciekawie i tw\u00f3rczo sp\u0119dzi\u0107 czas, rozwija\u0107 swoje pasje i talenty pod profesjonalnym kierownictwem.<\/p>\n<p style=\"text-align: justify;\">Liczymy na dalsz\u0105 wsp\u00f3\u0142prac\u0119 mi\u0119dzyszkoln\u0105.<\/p>\n<p style=\"text-align: right;\">Samorz\u0105d Uczniowski<\/p>\n<p style=\"text-align: center;\">\r\n<div class=\"ngg-galleryoverview\" id=\"ngg-gallery-968-8803\">\r\n\r\n\t<!-- Slideshow link -->\r\n\t<div class=\"slideshowlink\">\r\n\t\t<a class=\"slideshowlink\" href=\"https:\/\/spbielsk.pl\/?p=8803&amp;show=slide\">\r\n\t\t\t[Show slideshow]\t\t<\/a>\r\n\t<\/div>\r\n\r\n\t\r\n\t<!-- Thumbnails -->\r\n\t\t\r\n\t<div id=\"ngg-image-25541\" class=\"ngg-gallery-thumbnail-box\"  >\r\n\t\t<div class=\"ngg-gallery-thumbnail\" >\r\n\t\t\t<a href=\"https:\/\/spbielsk.pl\/wp-content\/gallery\/wiosenny-koncert-szkola-muzyczna-kwiecien-2024\/438078940_946214493962871_1431272958157073150_n.jpg\" title=\" \"   rel=\"lightbox[8803]\">\r\n\t\t\t\t\t\t\t\t<img decoding=\"async\" title=\"438078940_946214493962871_1431272958157073150_n\" alt=\"438078940_946214493962871_1431272958157073150_n\" src=\"https:\/\/spbielsk.pl\/wp-content\/gallery\/wiosenny-koncert-szkola-muzyczna-kwiecien-2024\/thumbs\/thumbs_438078940_946214493962871_1431272958157073150_n.jpg\" width=\"120\" height=\"90\" \/>\r\n\t\t\t\t\t\t\t<\/a>\r\n\t\t<\/div>\r\n\t<\/div>\r\n\t\r\n\t\t\r\n \t\t\r\n\t<div id=\"ngg-image-25542\" class=\"ngg-gallery-thumbnail-box\"  >\r\n\t\t<div class=\"ngg-gallery-thumbnail\" >\r\n\t\t\t<a href=\"https:\/\/spbielsk.pl\/wp-content\/gallery\/wiosenny-koncert-szkola-muzyczna-kwiecien-2024\/438082587_946215620629425_5630155878705503648_n.jpg\" title=\" \"   rel=\"lightbox[8803]\">\r\n\t\t\t\t\t\t\t\t<img decoding=\"async\" title=\"438082587_946215620629425_5630155878705503648_n\" alt=\"438082587_946215620629425_5630155878705503648_n\" src=\"https:\/\/spbielsk.pl\/wp-content\/gallery\/wiosenny-koncert-szkola-muzyczna-kwiecien-2024\/thumbs\/thumbs_438082587_946215620629425_5630155878705503648_n.jpg\" width=\"120\" height=\"90\" \/>\r\n\t\t\t\t\t\t\t<\/a>\r\n\t\t<\/div>\r\n\t<\/div>\r\n\t\r\n\t\t\r\n \t\t\r\n\t<div id=\"ngg-image-25543\" class=\"ngg-gallery-thumbnail-box\"  >\r\n\t\t<div class=\"ngg-gallery-thumbnail\" >\r\n\t\t\t<a href=\"https:\/\/spbielsk.pl\/wp-content\/gallery\/wiosenny-koncert-szkola-muzyczna-kwiecien-2024\/438085724_946214803962840_2496173503406061207_n.jpg\" title=\" \"   rel=\"lightbox[8803]\">\r\n\t\t\t\t\t\t\t\t<img decoding=\"async\" title=\"438085724_946214803962840_2496173503406061207_n\" alt=\"438085724_946214803962840_2496173503406061207_n\" src=\"https:\/\/spbielsk.pl\/wp-content\/gallery\/wiosenny-koncert-szkola-muzyczna-kwiecien-2024\/thumbs\/thumbs_438085724_946214803962840_2496173503406061207_n.jpg\" width=\"120\" height=\"90\" \/>\r\n\t\t\t\t\t\t\t<\/a>\r\n\t\t<\/div>\r\n\t<\/div>\r\n\t\r\n\t\t\r\n \t\t\r\n\t<div id=\"ngg-image-25544\" class=\"ngg-gallery-thumbnail-box\"  >\r\n\t\t<div class=\"ngg-gallery-thumbnail\" >\r\n\t\t\t<a href=\"https:\/\/spbielsk.pl\/wp-content\/gallery\/wiosenny-koncert-szkola-muzyczna-kwiecien-2024\/438087000_946215147296139_5335727937562666410_n.jpg\" title=\" \"   rel=\"lightbox[8803]\">\r\n\t\t\t\t\t\t\t\t<img loading=\"lazy\" decoding=\"async\" title=\"438087000_946215147296139_5335727937562666410_n\" alt=\"438087000_946215147296139_5335727937562666410_n\" src=\"https:\/\/spbielsk.pl\/wp-content\/gallery\/wiosenny-koncert-szkola-muzyczna-kwiecien-2024\/thumbs\/thumbs_438087000_946215147296139_5335727937562666410_n.jpg\" width=\"120\" height=\"90\" \/>\r\n\t\t\t\t\t\t\t<\/a>\r\n\t\t<\/div>\r\n\t<\/div>\r\n\t\r\n\t\t\r\n \t\t\r\n\t<div id=\"ngg-image-25545\" class=\"ngg-gallery-thumbnail-box\"  >\r\n\t\t<div class=\"ngg-gallery-thumbnail\" >\r\n\t\t\t<a href=\"https:\/\/spbielsk.pl\/wp-content\/gallery\/wiosenny-koncert-szkola-muzyczna-kwiecien-2024\/438087159_946215030629484_6795266454077826769_n.jpg\" title=\" \"   rel=\"lightbox[8803]\">\r\n\t\t\t\t\t\t\t\t<img loading=\"lazy\" decoding=\"async\" title=\"438087159_946215030629484_6795266454077826769_n\" alt=\"438087159_946215030629484_6795266454077826769_n\" src=\"https:\/\/spbielsk.pl\/wp-content\/gallery\/wiosenny-koncert-szkola-muzyczna-kwiecien-2024\/thumbs\/thumbs_438087159_946215030629484_6795266454077826769_n.jpg\" width=\"120\" height=\"90\" \/>\r\n\t\t\t\t\t\t\t<\/a>\r\n\t\t<\/div>\r\n\t<\/div>\r\n\t\r\n\t\t\r\n \t\t\r\n\t<div id=\"ngg-image-25546\" class=\"ngg-gallery-thumbnail-box\"  >\r\n\t\t<div class=\"ngg-gallery-thumbnail\" >\r\n\t\t\t<a href=\"https:\/\/spbielsk.pl\/wp-content\/gallery\/wiosenny-koncert-szkola-muzyczna-kwiecien-2024\/438087864_946215507296103_8634878679084431576_n.jpg\" title=\" \"   rel=\"lightbox[8803]\">\r\n\t\t\t\t\t\t\t\t<img loading=\"lazy\" decoding=\"async\" title=\"438087864_946215507296103_8634878679084431576_n\" alt=\"438087864_946215507296103_8634878679084431576_n\" src=\"https:\/\/spbielsk.pl\/wp-content\/gallery\/wiosenny-koncert-szkola-muzyczna-kwiecien-2024\/thumbs\/thumbs_438087864_946215507296103_8634878679084431576_n.jpg\" width=\"120\" height=\"90\" \/>\r\n\t\t\t\t\t\t\t<\/a>\r\n\t\t<\/div>\r\n\t<\/div>\r\n\t\r\n\t\t\r\n \t\t\r\n\t<div id=\"ngg-image-25547\" class=\"ngg-gallery-thumbnail-box\"  >\r\n\t\t<div class=\"ngg-gallery-thumbnail\" >\r\n\t\t\t<a href=\"https:\/\/spbielsk.pl\/wp-content\/gallery\/wiosenny-koncert-szkola-muzyczna-kwiecien-2024\/438088267_946214557296198_4720806948637926456_n.jpg\" title=\" \"   rel=\"lightbox[8803]\">\r\n\t\t\t\t\t\t\t\t<img loading=\"lazy\" decoding=\"async\" title=\"438088267_946214557296198_4720806948637926456_n\" alt=\"438088267_946214557296198_4720806948637926456_n\" src=\"https:\/\/spbielsk.pl\/wp-content\/gallery\/wiosenny-koncert-szkola-muzyczna-kwiecien-2024\/thumbs\/thumbs_438088267_946214557296198_4720806948637926456_n.jpg\" width=\"120\" height=\"90\" \/>\r\n\t\t\t\t\t\t\t<\/a>\r\n\t\t<\/div>\r\n\t<\/div>\r\n\t\r\n\t\t\r\n \t\t\r\n\t<div id=\"ngg-image-25548\" class=\"ngg-gallery-thumbnail-box\"  >\r\n\t\t<div class=\"ngg-gallery-thumbnail\" >\r\n\t\t\t<a href=\"https:\/\/spbielsk.pl\/wp-content\/gallery\/wiosenny-koncert-szkola-muzyczna-kwiecien-2024\/438089087_946214517296202_3517822120540472577_n.jpg\" title=\" \"   rel=\"lightbox[8803]\">\r\n\t\t\t\t\t\t\t\t<img loading=\"lazy\" decoding=\"async\" title=\"438089087_946214517296202_3517822120540472577_n\" alt=\"438089087_946214517296202_3517822120540472577_n\" src=\"https:\/\/spbielsk.pl\/wp-content\/gallery\/wiosenny-koncert-szkola-muzyczna-kwiecien-2024\/thumbs\/thumbs_438089087_946214517296202_3517822120540472577_n.jpg\" width=\"120\" height=\"90\" \/>\r\n\t\t\t\t\t\t\t<\/a>\r\n\t\t<\/div>\r\n\t<\/div>\r\n\t\r\n\t\t\r\n \t\t\r\n\t<div id=\"ngg-image-25549\" class=\"ngg-gallery-thumbnail-box\"  >\r\n\t\t<div class=\"ngg-gallery-thumbnail\" >\r\n\t\t\t<a href=\"https:\/\/spbielsk.pl\/wp-content\/gallery\/wiosenny-koncert-szkola-muzyczna-kwiecien-2024\/438093507_946215670629420_1900480143132201359_n.jpg\" title=\" \"   rel=\"lightbox[8803]\">\r\n\t\t\t\t\t\t\t\t<img loading=\"lazy\" decoding=\"async\" title=\"438093507_946215670629420_1900480143132201359_n\" alt=\"438093507_946215670629420_1900480143132201359_n\" src=\"https:\/\/spbielsk.pl\/wp-content\/gallery\/wiosenny-koncert-szkola-muzyczna-kwiecien-2024\/thumbs\/thumbs_438093507_946215670629420_1900480143132201359_n.jpg\" width=\"120\" height=\"90\" \/>\r\n\t\t\t\t\t\t\t<\/a>\r\n\t\t<\/div>\r\n\t<\/div>\r\n\t\r\n\t\t\r\n \t\t\r\n\t<div id=\"ngg-image-25550\" class=\"ngg-gallery-thumbnail-box\"  >\r\n\t\t<div class=\"ngg-gallery-thumbnail\" >\r\n\t\t\t<a href=\"https:\/\/spbielsk.pl\/wp-content\/gallery\/wiosenny-koncert-szkola-muzyczna-kwiecien-2024\/438097783_946215900629397_824243859411270382_n.jpg\" title=\" \"   rel=\"lightbox[8803]\">\r\n\t\t\t\t\t\t\t\t<img loading=\"lazy\" decoding=\"async\" title=\"438097783_946215900629397_824243859411270382_n\" alt=\"438097783_946215900629397_824243859411270382_n\" src=\"https:\/\/spbielsk.pl\/wp-content\/gallery\/wiosenny-koncert-szkola-muzyczna-kwiecien-2024\/thumbs\/thumbs_438097783_946215900629397_824243859411270382_n.jpg\" width=\"120\" height=\"90\" \/>\r\n\t\t\t\t\t\t\t<\/a>\r\n\t\t<\/div>\r\n\t<\/div>\r\n\t\r\n\t\t\r\n \t\t\r\n\t<div id=\"ngg-image-25551\" class=\"ngg-gallery-thumbnail-box\"  >\r\n\t\t<div class=\"ngg-gallery-thumbnail\" >\r\n\t\t\t<a href=\"https:\/\/spbielsk.pl\/wp-content\/gallery\/wiosenny-koncert-szkola-muzyczna-kwiecien-2024\/438098213_946214863962834_3327446218379237929_n.jpg\" title=\" \"   rel=\"lightbox[8803]\">\r\n\t\t\t\t\t\t\t\t<img loading=\"lazy\" decoding=\"async\" title=\"438098213_946214863962834_3327446218379237929_n\" alt=\"438098213_946214863962834_3327446218379237929_n\" src=\"https:\/\/spbielsk.pl\/wp-content\/gallery\/wiosenny-koncert-szkola-muzyczna-kwiecien-2024\/thumbs\/thumbs_438098213_946214863962834_3327446218379237929_n.jpg\" width=\"120\" height=\"90\" \/>\r\n\t\t\t\t\t\t\t<\/a>\r\n\t\t<\/div>\r\n\t<\/div>\r\n\t\r\n\t\t\r\n \t\t\r\n\t<div id=\"ngg-image-25552\" class=\"ngg-gallery-thumbnail-box\"  >\r\n\t\t<div class=\"ngg-gallery-thumbnail\" >\r\n\t\t\t<a href=\"https:\/\/spbielsk.pl\/wp-content\/gallery\/wiosenny-koncert-szkola-muzyczna-kwiecien-2024\/438101618_946215880629399_6584169219416533742_n.jpg\" title=\" \"   rel=\"lightbox[8803]\">\r\n\t\t\t\t\t\t\t\t<img loading=\"lazy\" decoding=\"async\" title=\"438101618_946215880629399_6584169219416533742_n\" alt=\"438101618_946215880629399_6584169219416533742_n\" src=\"https:\/\/spbielsk.pl\/wp-content\/gallery\/wiosenny-koncert-szkola-muzyczna-kwiecien-2024\/thumbs\/thumbs_438101618_946215880629399_6584169219416533742_n.jpg\" width=\"120\" height=\"90\" \/>\r\n\t\t\t\t\t\t\t<\/a>\r\n\t\t<\/div>\r\n\t<\/div>\r\n\t\r\n\t\t\r\n \t\t\r\n\t<div id=\"ngg-image-25553\" class=\"ngg-gallery-thumbnail-box\"  >\r\n\t\t<div class=\"ngg-gallery-thumbnail\" >\r\n\t\t\t<a href=\"https:\/\/spbielsk.pl\/wp-content\/gallery\/wiosenny-koncert-szkola-muzyczna-kwiecien-2024\/438119076_946215437296110_3124759842602576315_n.jpg\" title=\" \"   rel=\"lightbox[8803]\">\r\n\t\t\t\t\t\t\t\t<img loading=\"lazy\" decoding=\"async\" title=\"438119076_946215437296110_3124759842602576315_n\" alt=\"438119076_946215437296110_3124759842602576315_n\" src=\"https:\/\/spbielsk.pl\/wp-content\/gallery\/wiosenny-koncert-szkola-muzyczna-kwiecien-2024\/thumbs\/thumbs_438119076_946215437296110_3124759842602576315_n.jpg\" width=\"120\" height=\"90\" \/>\r\n\t\t\t\t\t\t\t<\/a>\r\n\t\t<\/div>\r\n\t<\/div>\r\n\t\r\n\t\t\r\n \t\t\r\n\t<div id=\"ngg-image-25554\" class=\"ngg-gallery-thumbnail-box\"  >\r\n\t\t<div class=\"ngg-gallery-thumbnail\" >\r\n\t\t\t<a href=\"https:\/\/spbielsk.pl\/wp-content\/gallery\/wiosenny-koncert-szkola-muzyczna-kwiecien-2024\/438119437_946214577296196_7449393559757257018_n.jpg\" title=\" \"   rel=\"lightbox[8803]\">\r\n\t\t\t\t\t\t\t\t<img loading=\"lazy\" decoding=\"async\" title=\"438119437_946214577296196_7449393559757257018_n\" alt=\"438119437_946214577296196_7449393559757257018_n\" src=\"https:\/\/spbielsk.pl\/wp-content\/gallery\/wiosenny-koncert-szkola-muzyczna-kwiecien-2024\/thumbs\/thumbs_438119437_946214577296196_7449393559757257018_n.jpg\" width=\"120\" height=\"90\" \/>\r\n\t\t\t\t\t\t\t<\/a>\r\n\t\t<\/div>\r\n\t<\/div>\r\n\t\r\n\t\t\r\n \t\t\r\n\t<div id=\"ngg-image-25555\" class=\"ngg-gallery-thumbnail-box\"  >\r\n\t\t<div class=\"ngg-gallery-thumbnail\" >\r\n\t\t\t<a href=\"https:\/\/spbielsk.pl\/wp-content\/gallery\/wiosenny-koncert-szkola-muzyczna-kwiecien-2024\/438129218_946215123962808_3942713104526463507_n.jpg\" title=\" \"   rel=\"lightbox[8803]\">\r\n\t\t\t\t\t\t\t\t<img loading=\"lazy\" decoding=\"async\" title=\"438129218_946215123962808_3942713104526463507_n\" alt=\"438129218_946215123962808_3942713104526463507_n\" src=\"https:\/\/spbielsk.pl\/wp-content\/gallery\/wiosenny-koncert-szkola-muzyczna-kwiecien-2024\/thumbs\/thumbs_438129218_946215123962808_3942713104526463507_n.jpg\" width=\"120\" height=\"90\" \/>\r\n\t\t\t\t\t\t\t<\/a>\r\n\t\t<\/div>\r\n\t<\/div>\r\n\t\r\n\t\t\r\n \t\t\r\n\t<div id=\"ngg-image-25556\" class=\"ngg-gallery-thumbnail-box\"  >\r\n\t\t<div class=\"ngg-gallery-thumbnail\" >\r\n\t\t\t<a href=\"https:\/\/spbielsk.pl\/wp-content\/gallery\/wiosenny-koncert-szkola-muzyczna-kwiecien-2024\/438146078_946214327296221_3845454860279472144_n.jpg\" title=\" \"   rel=\"lightbox[8803]\">\r\n\t\t\t\t\t\t\t\t<img loading=\"lazy\" decoding=\"async\" title=\"438146078_946214327296221_3845454860279472144_n\" alt=\"438146078_946214327296221_3845454860279472144_n\" src=\"https:\/\/spbielsk.pl\/wp-content\/gallery\/wiosenny-koncert-szkola-muzyczna-kwiecien-2024\/thumbs\/thumbs_438146078_946214327296221_3845454860279472144_n.jpg\" width=\"120\" height=\"90\" \/>\r\n\t\t\t\t\t\t\t<\/a>\r\n\t\t<\/div>\r\n\t<\/div>\r\n\t\r\n\t\t\r\n \t\t\r\n\t<div id=\"ngg-image-25557\" class=\"ngg-gallery-thumbnail-box\"  >\r\n\t\t<div class=\"ngg-gallery-thumbnail\" >\r\n\t\t\t<a href=\"https:\/\/spbielsk.pl\/wp-content\/gallery\/wiosenny-koncert-szkola-muzyczna-kwiecien-2024\/438161215_946214303962890_2348304754308298176_n.jpg\" title=\" \"   rel=\"lightbox[8803]\">\r\n\t\t\t\t\t\t\t\t<img loading=\"lazy\" decoding=\"async\" title=\"438161215_946214303962890_2348304754308298176_n\" alt=\"438161215_946214303962890_2348304754308298176_n\" src=\"https:\/\/spbielsk.pl\/wp-content\/gallery\/wiosenny-koncert-szkola-muzyczna-kwiecien-2024\/thumbs\/thumbs_438161215_946214303962890_2348304754308298176_n.jpg\" width=\"120\" height=\"90\" \/>\r\n\t\t\t\t\t\t\t<\/a>\r\n\t\t<\/div>\r\n\t<\/div>\r\n\t\r\n\t\t\r\n \t\t\r\n\t<div id=\"ngg-image-25558\" class=\"ngg-gallery-thumbnail-box\"  >\r\n\t\t<div class=\"ngg-gallery-thumbnail\" >\r\n\t\t\t<a href=\"https:\/\/spbielsk.pl\/wp-content\/gallery\/wiosenny-koncert-szkola-muzyczna-kwiecien-2024\/438161650_946215380629449_7670766670011278798_n.jpg\" title=\" \"   rel=\"lightbox[8803]\">\r\n\t\t\t\t\t\t\t\t<img loading=\"lazy\" decoding=\"async\" title=\"438161650_946215380629449_7670766670011278798_n\" alt=\"438161650_946215380629449_7670766670011278798_n\" src=\"https:\/\/spbielsk.pl\/wp-content\/gallery\/wiosenny-koncert-szkola-muzyczna-kwiecien-2024\/thumbs\/thumbs_438161650_946215380629449_7670766670011278798_n.jpg\" width=\"120\" height=\"90\" \/>\r\n\t\t\t\t\t\t\t<\/a>\r\n\t\t<\/div>\r\n\t<\/div>\r\n\t\r\n\t\t\r\n \t\t\r\n\t<div id=\"ngg-image-25559\" class=\"ngg-gallery-thumbnail-box\"  >\r\n\t\t<div class=\"ngg-gallery-thumbnail\" >\r\n\t\t\t<a href=\"https:\/\/spbielsk.pl\/wp-content\/gallery\/wiosenny-koncert-szkola-muzyczna-kwiecien-2024\/438164442_946214973962823_1317262523411986315_n.jpg\" title=\" \"   rel=\"lightbox[8803]\">\r\n\t\t\t\t\t\t\t\t<img loading=\"lazy\" decoding=\"async\" title=\"438164442_946214973962823_1317262523411986315_n\" alt=\"438164442_946214973962823_1317262523411986315_n\" src=\"https:\/\/spbielsk.pl\/wp-content\/gallery\/wiosenny-koncert-szkola-muzyczna-kwiecien-2024\/thumbs\/thumbs_438164442_946214973962823_1317262523411986315_n.jpg\" width=\"120\" height=\"90\" \/>\r\n\t\t\t\t\t\t\t<\/a>\r\n\t\t<\/div>\r\n\t<\/div>\r\n\t\r\n\t\t\r\n \t\t\r\n\t<div id=\"ngg-image-25560\" class=\"ngg-gallery-thumbnail-box\"  >\r\n\t\t<div class=\"ngg-gallery-thumbnail\" >\r\n\t\t\t<a href=\"https:\/\/spbielsk.pl\/wp-content\/gallery\/wiosenny-koncert-szkola-muzyczna-kwiecien-2024\/438170402_946215093962811_8998724549490560326_n.jpg\" title=\" \"   rel=\"lightbox[8803]\">\r\n\t\t\t\t\t\t\t\t<img loading=\"lazy\" decoding=\"async\" title=\"438170402_946215093962811_8998724549490560326_n\" alt=\"438170402_946215093962811_8998724549490560326_n\" src=\"https:\/\/spbielsk.pl\/wp-content\/gallery\/wiosenny-koncert-szkola-muzyczna-kwiecien-2024\/thumbs\/thumbs_438170402_946215093962811_8998724549490560326_n.jpg\" width=\"120\" height=\"90\" \/>\r\n\t\t\t\t\t\t\t<\/a>\r\n\t\t<\/div>\r\n\t<\/div>\r\n\t\r\n\t\t\r\n \t\t\r\n\t<div id=\"ngg-image-25561\" class=\"ngg-gallery-thumbnail-box\"  >\r\n\t\t<div class=\"ngg-gallery-thumbnail\" >\r\n\t\t\t<a href=\"https:\/\/spbielsk.pl\/wp-content\/gallery\/wiosenny-koncert-szkola-muzyczna-kwiecien-2024\/438173557_946215460629441_2270322513850442132_n.jpg\" title=\" \"   rel=\"lightbox[8803]\">\r\n\t\t\t\t\t\t\t\t<img loading=\"lazy\" decoding=\"async\" title=\"438173557_946215460629441_2270322513850442132_n\" alt=\"438173557_946215460629441_2270322513850442132_n\" src=\"https:\/\/spbielsk.pl\/wp-content\/gallery\/wiosenny-koncert-szkola-muzyczna-kwiecien-2024\/thumbs\/thumbs_438173557_946215460629441_2270322513850442132_n.jpg\" width=\"120\" height=\"90\" \/>\r\n\t\t\t\t\t\t\t<\/a>\r\n\t\t<\/div>\r\n\t<\/div>\r\n\t\r\n\t\t\r\n \t\t\r\n\t<div id=\"ngg-image-25562\" class=\"ngg-gallery-thumbnail-box\"  >\r\n\t\t<div class=\"ngg-gallery-thumbnail\" >\r\n\t\t\t<a href=\"https:\/\/spbielsk.pl\/wp-content\/gallery\/wiosenny-koncert-szkola-muzyczna-kwiecien-2024\/438674333_946215413962779_4616309490668088751_n.jpg\" title=\" \"   rel=\"lightbox[8803]\">\r\n\t\t\t\t\t\t\t\t<img loading=\"lazy\" decoding=\"async\" title=\"438674333_946215413962779_4616309490668088751_n\" alt=\"438674333_946215413962779_4616309490668088751_n\" src=\"https:\/\/spbielsk.pl\/wp-content\/gallery\/wiosenny-koncert-szkola-muzyczna-kwiecien-2024\/thumbs\/thumbs_438674333_946215413962779_4616309490668088751_n.jpg\" width=\"120\" height=\"90\" \/>\r\n\t\t\t\t\t\t\t<\/a>\r\n\t\t<\/div>\r\n\t<\/div>\r\n\t\r\n\t\t\r\n \t\t\r\n\t<div id=\"ngg-image-25563\" class=\"ngg-gallery-thumbnail-box\"  >\r\n\t\t<div class=\"ngg-gallery-thumbnail\" >\r\n\t\t\t<a href=\"https:\/\/spbielsk.pl\/wp-content\/gallery\/wiosenny-koncert-szkola-muzyczna-kwiecien-2024\/438725770_946214813962839_107982462795965271_n.jpg\" title=\" \"   rel=\"lightbox[8803]\">\r\n\t\t\t\t\t\t\t\t<img loading=\"lazy\" decoding=\"async\" title=\"438725770_946214813962839_107982462795965271_n\" alt=\"438725770_946214813962839_107982462795965271_n\" src=\"https:\/\/spbielsk.pl\/wp-content\/gallery\/wiosenny-koncert-szkola-muzyczna-kwiecien-2024\/thumbs\/thumbs_438725770_946214813962839_107982462795965271_n.jpg\" width=\"120\" height=\"90\" \/>\r\n\t\t\t\t\t\t\t<\/a>\r\n\t\t<\/div>\r\n\t<\/div>\r\n\t\r\n\t\t\r\n \t\t\r\n\t<div id=\"ngg-image-25564\" class=\"ngg-gallery-thumbnail-box\"  >\r\n\t\t<div class=\"ngg-gallery-thumbnail\" >\r\n\t\t\t<a href=\"https:\/\/spbielsk.pl\/wp-content\/gallery\/wiosenny-koncert-szkola-muzyczna-kwiecien-2024\/438729527_946214940629493_1715597599397666328_n.jpg\" title=\" \"   rel=\"lightbox[8803]\">\r\n\t\t\t\t\t\t\t\t<img loading=\"lazy\" decoding=\"async\" title=\"438729527_946214940629493_1715597599397666328_n\" alt=\"438729527_946214940629493_1715597599397666328_n\" src=\"https:\/\/spbielsk.pl\/wp-content\/gallery\/wiosenny-koncert-szkola-muzyczna-kwiecien-2024\/thumbs\/thumbs_438729527_946214940629493_1715597599397666328_n.jpg\" width=\"120\" height=\"90\" \/>\r\n\t\t\t\t\t\t\t<\/a>\r\n\t\t<\/div>\r\n\t<\/div>\r\n\t\r\n\t\t\r\n \t\t\r\n\t<div id=\"ngg-image-25565\" class=\"ngg-gallery-thumbnail-box\"  >\r\n\t\t<div class=\"ngg-gallery-thumbnail\" >\r\n\t\t\t<a href=\"https:\/\/spbielsk.pl\/wp-content\/gallery\/wiosenny-koncert-szkola-muzyczna-kwiecien-2024\/438749536_946214737296180_519502030678616816_n.jpg\" title=\" \"   rel=\"lightbox[8803]\">\r\n\t\t\t\t\t\t\t\t<img loading=\"lazy\" decoding=\"async\" title=\"438749536_946214737296180_519502030678616816_n\" alt=\"438749536_946214737296180_519502030678616816_n\" src=\"https:\/\/spbielsk.pl\/wp-content\/gallery\/wiosenny-koncert-szkola-muzyczna-kwiecien-2024\/thumbs\/thumbs_438749536_946214737296180_519502030678616816_n.jpg\" width=\"120\" height=\"90\" \/>\r\n\t\t\t\t\t\t\t<\/a>\r\n\t\t<\/div>\r\n\t<\/div>\r\n\t\r\n\t\t\r\n \t\t\r\n\t<div id=\"ngg-image-25566\" class=\"ngg-gallery-thumbnail-box\"  >\r\n\t\t<div class=\"ngg-gallery-thumbnail\" >\r\n\t\t\t<a href=\"https:\/\/spbielsk.pl\/wp-content\/gallery\/wiosenny-koncert-szkola-muzyczna-kwiecien-2024\/438754935_946214507296203_2466673191267204680_n.jpg\" title=\" \"   rel=\"lightbox[8803]\">\r\n\t\t\t\t\t\t\t\t<img loading=\"lazy\" decoding=\"async\" title=\"438754935_946214507296203_2466673191267204680_n\" alt=\"438754935_946214507296203_2466673191267204680_n\" src=\"https:\/\/spbielsk.pl\/wp-content\/gallery\/wiosenny-koncert-szkola-muzyczna-kwiecien-2024\/thumbs\/thumbs_438754935_946214507296203_2466673191267204680_n.jpg\" width=\"120\" height=\"90\" \/>\r\n\t\t\t\t\t\t\t<\/a>\r\n\t\t<\/div>\r\n\t<\/div>\r\n\t\r\n\t\t\r\n \t\t\r\n\t<div id=\"ngg-image-25567\" class=\"ngg-gallery-thumbnail-box\"  >\r\n\t\t<div class=\"ngg-gallery-thumbnail\" >\r\n\t\t\t<a href=\"https:\/\/spbielsk.pl\/wp-content\/gallery\/wiosenny-koncert-szkola-muzyczna-kwiecien-2024\/438782015_946215333962787_3264531882419441959_n.jpg\" title=\" \"   rel=\"lightbox[8803]\">\r\n\t\t\t\t\t\t\t\t<img loading=\"lazy\" decoding=\"async\" title=\"438782015_946215333962787_3264531882419441959_n\" alt=\"438782015_946215333962787_3264531882419441959_n\" src=\"https:\/\/spbielsk.pl\/wp-content\/gallery\/wiosenny-koncert-szkola-muzyczna-kwiecien-2024\/thumbs\/thumbs_438782015_946215333962787_3264531882419441959_n.jpg\" width=\"120\" height=\"90\" \/>\r\n\t\t\t\t\t\t\t<\/a>\r\n\t\t<\/div>\r\n\t<\/div>\r\n\t\r\n\t\t\r\n \t\t\r\n\t<div id=\"ngg-image-25568\" class=\"ngg-gallery-thumbnail-box\"  >\r\n\t\t<div class=\"ngg-gallery-thumbnail\" >\r\n\t\t\t<a href=\"https:\/\/spbielsk.pl\/wp-content\/gallery\/wiosenny-koncert-szkola-muzyczna-kwiecien-2024\/438789775_946215067296147_4119224984659239952_n.jpg\" title=\" \"   rel=\"lightbox[8803]\">\r\n\t\t\t\t\t\t\t\t<img loading=\"lazy\" decoding=\"async\" title=\"438789775_946215067296147_4119224984659239952_n\" alt=\"438789775_946215067296147_4119224984659239952_n\" src=\"https:\/\/spbielsk.pl\/wp-content\/gallery\/wiosenny-koncert-szkola-muzyczna-kwiecien-2024\/thumbs\/thumbs_438789775_946215067296147_4119224984659239952_n.jpg\" width=\"120\" height=\"90\" \/>\r\n\t\t\t\t\t\t\t<\/a>\r\n\t\t<\/div>\r\n\t<\/div>\r\n\t\r\n\t\t\r\n \t\t\r\n\t<div id=\"ngg-image-25569\" class=\"ngg-gallery-thumbnail-box\"  >\r\n\t\t<div class=\"ngg-gallery-thumbnail\" >\r\n\t\t\t<a href=\"https:\/\/spbielsk.pl\/wp-content\/gallery\/wiosenny-koncert-szkola-muzyczna-kwiecien-2024\/438789787_946215933962727_2979141469854513627_n.jpg\" title=\" \"   rel=\"lightbox[8803]\">\r\n\t\t\t\t\t\t\t\t<img loading=\"lazy\" decoding=\"async\" title=\"438789787_946215933962727_2979141469854513627_n\" alt=\"438789787_946215933962727_2979141469854513627_n\" src=\"https:\/\/spbielsk.pl\/wp-content\/gallery\/wiosenny-koncert-szkola-muzyczna-kwiecien-2024\/thumbs\/thumbs_438789787_946215933962727_2979141469854513627_n.jpg\" width=\"120\" height=\"90\" \/>\r\n\t\t\t\t\t\t\t<\/a>\r\n\t\t<\/div>\r\n\t<\/div>\r\n\t\r\n\t\t\r\n \t\t\r\n\t<div id=\"ngg-image-25570\" class=\"ngg-gallery-thumbnail-box\"  >\r\n\t\t<div class=\"ngg-gallery-thumbnail\" >\r\n\t\t\t<a href=\"https:\/\/spbielsk.pl\/wp-content\/gallery\/wiosenny-koncert-szkola-muzyczna-kwiecien-2024\/438793594_946215210629466_7160175942083330599_n.jpg\" title=\" \"   rel=\"lightbox[8803]\">\r\n\t\t\t\t\t\t\t\t<img loading=\"lazy\" decoding=\"async\" title=\"438793594_946215210629466_7160175942083330599_n\" alt=\"438793594_946215210629466_7160175942083330599_n\" src=\"https:\/\/spbielsk.pl\/wp-content\/gallery\/wiosenny-koncert-szkola-muzyczna-kwiecien-2024\/thumbs\/thumbs_438793594_946215210629466_7160175942083330599_n.jpg\" width=\"120\" height=\"90\" \/>\r\n\t\t\t\t\t\t\t<\/a>\r\n\t\t<\/div>\r\n\t<\/div>\r\n\t\r\n\t\t\r\n \t\t\r\n\t<div id=\"ngg-image-25571\" class=\"ngg-gallery-thumbnail-box\"  >\r\n\t\t<div class=\"ngg-gallery-thumbnail\" >\r\n\t\t\t<a href=\"https:\/\/spbielsk.pl\/wp-content\/gallery\/wiosenny-koncert-szkola-muzyczna-kwiecien-2024\/438799415_946215773962743_5339326983598088514_n.jpg\" title=\" \"   rel=\"lightbox[8803]\">\r\n\t\t\t\t\t\t\t\t<img loading=\"lazy\" decoding=\"async\" title=\"438799415_946215773962743_5339326983598088514_n\" alt=\"438799415_946215773962743_5339326983598088514_n\" src=\"https:\/\/spbielsk.pl\/wp-content\/gallery\/wiosenny-koncert-szkola-muzyczna-kwiecien-2024\/thumbs\/thumbs_438799415_946215773962743_5339326983598088514_n.jpg\" width=\"120\" height=\"90\" \/>\r\n\t\t\t\t\t\t\t<\/a>\r\n\t\t<\/div>\r\n\t<\/div>\r\n\t\r\n\t\t\r\n \t\t\r\n\t<div id=\"ngg-image-25572\" class=\"ngg-gallery-thumbnail-box\"  >\r\n\t\t<div class=\"ngg-gallery-thumbnail\" >\r\n\t\t\t<a href=\"https:\/\/spbielsk.pl\/wp-content\/gallery\/wiosenny-koncert-szkola-muzyczna-kwiecien-2024\/438802905_946215050629482_2286884403019768558_n.jpg\" title=\" \"   rel=\"lightbox[8803]\">\r\n\t\t\t\t\t\t\t\t<img loading=\"lazy\" decoding=\"async\" title=\"438802905_946215050629482_2286884403019768558_n\" alt=\"438802905_946215050629482_2286884403019768558_n\" src=\"https:\/\/spbielsk.pl\/wp-content\/gallery\/wiosenny-koncert-szkola-muzyczna-kwiecien-2024\/thumbs\/thumbs_438802905_946215050629482_2286884403019768558_n.jpg\" width=\"120\" height=\"90\" \/>\r\n\t\t\t\t\t\t\t<\/a>\r\n\t\t<\/div>\r\n\t<\/div>\r\n\t\r\n\t\t\r\n \t\t\r\n\t<div id=\"ngg-image-25573\" class=\"ngg-gallery-thumbnail-box\"  >\r\n\t\t<div class=\"ngg-gallery-thumbnail\" >\r\n\t\t\t<a href=\"https:\/\/spbielsk.pl\/wp-content\/gallery\/wiosenny-koncert-szkola-muzyczna-kwiecien-2024\/438821531_946215647296089_5174291281829073840_n.jpg\" title=\" \"   rel=\"lightbox[8803]\">\r\n\t\t\t\t\t\t\t\t<img loading=\"lazy\" decoding=\"async\" title=\"438821531_946215647296089_5174291281829073840_n\" alt=\"438821531_946215647296089_5174291281829073840_n\" src=\"https:\/\/spbielsk.pl\/wp-content\/gallery\/wiosenny-koncert-szkola-muzyczna-kwiecien-2024\/thumbs\/thumbs_438821531_946215647296089_5174291281829073840_n.jpg\" width=\"120\" height=\"90\" \/>\r\n\t\t\t\t\t\t\t<\/a>\r\n\t\t<\/div>\r\n\t<\/div>\r\n\t\r\n\t\t\r\n \t\t\r\n\t<div id=\"ngg-image-25574\" class=\"ngg-gallery-thumbnail-box\"  >\r\n\t\t<div class=\"ngg-gallery-thumbnail\" >\r\n\t\t\t<a href=\"https:\/\/spbielsk.pl\/wp-content\/gallery\/wiosenny-koncert-szkola-muzyczna-kwiecien-2024\/438822298_946214603962860_3212995069246231174_n.jpg\" title=\" \"   rel=\"lightbox[8803]\">\r\n\t\t\t\t\t\t\t\t<img loading=\"lazy\" decoding=\"async\" title=\"438822298_946214603962860_3212995069246231174_n\" alt=\"438822298_946214603962860_3212995069246231174_n\" src=\"https:\/\/spbielsk.pl\/wp-content\/gallery\/wiosenny-koncert-szkola-muzyczna-kwiecien-2024\/thumbs\/thumbs_438822298_946214603962860_3212995069246231174_n.jpg\" width=\"120\" height=\"90\" \/>\r\n\t\t\t\t\t\t\t<\/a>\r\n\t\t<\/div>\r\n\t<\/div>\r\n\t\r\n\t\t\r\n \t\t\r\n\t<div id=\"ngg-image-25575\" class=\"ngg-gallery-thumbnail-box\"  >\r\n\t\t<div class=\"ngg-gallery-thumbnail\" >\r\n\t\t\t<a href=\"https:\/\/spbielsk.pl\/wp-content\/gallery\/wiosenny-koncert-szkola-muzyczna-kwiecien-2024\/438861567_946215447296109_1654075041289481946_n.jpg\" title=\" \"   rel=\"lightbox[8803]\">\r\n\t\t\t\t\t\t\t\t<img loading=\"lazy\" decoding=\"async\" title=\"438861567_946215447296109_1654075041289481946_n\" alt=\"438861567_946215447296109_1654075041289481946_n\" src=\"https:\/\/spbielsk.pl\/wp-content\/gallery\/wiosenny-koncert-szkola-muzyczna-kwiecien-2024\/thumbs\/thumbs_438861567_946215447296109_1654075041289481946_n.jpg\" width=\"120\" height=\"90\" \/>\r\n\t\t\t\t\t\t\t<\/a>\r\n\t\t<\/div>\r\n\t<\/div>\r\n\t\r\n\t\t\r\n \t\t\r\n\t<div id=\"ngg-image-25576\" class=\"ngg-gallery-thumbnail-box\"  >\r\n\t\t<div class=\"ngg-gallery-thumbnail\" >\r\n\t\t\t<a href=\"https:\/\/spbielsk.pl\/wp-content\/gallery\/wiosenny-koncert-szkola-muzyczna-kwiecien-2024\/438865438_946215850629402_4422283446071708176_n.jpg\" title=\" \"   rel=\"lightbox[8803]\">\r\n\t\t\t\t\t\t\t\t<img loading=\"lazy\" decoding=\"async\" title=\"438865438_946215850629402_4422283446071708176_n\" alt=\"438865438_946215850629402_4422283446071708176_n\" src=\"https:\/\/spbielsk.pl\/wp-content\/gallery\/wiosenny-koncert-szkola-muzyczna-kwiecien-2024\/thumbs\/thumbs_438865438_946215850629402_4422283446071708176_n.jpg\" width=\"120\" height=\"90\" \/>\r\n\t\t\t\t\t\t\t<\/a>\r\n\t\t<\/div>\r\n\t<\/div>\r\n\t\r\n\t\t\r\n \t\t\r\n\t<div id=\"ngg-image-25577\" class=\"ngg-gallery-thumbnail-box\"  >\r\n\t\t<div class=\"ngg-gallery-thumbnail\" >\r\n\t\t\t<a href=\"https:\/\/spbielsk.pl\/wp-content\/gallery\/wiosenny-koncert-szkola-muzyczna-kwiecien-2024\/438865527_946215740629413_5270757215406952538_n.jpg\" title=\" \"   rel=\"lightbox[8803]\">\r\n\t\t\t\t\t\t\t\t<img loading=\"lazy\" decoding=\"async\" title=\"438865527_946215740629413_5270757215406952538_n\" alt=\"438865527_946215740629413_5270757215406952538_n\" src=\"https:\/\/spbielsk.pl\/wp-content\/gallery\/wiosenny-koncert-szkola-muzyczna-kwiecien-2024\/thumbs\/thumbs_438865527_946215740629413_5270757215406952538_n.jpg\" width=\"120\" height=\"90\" \/>\r\n\t\t\t\t\t\t\t<\/a>\r\n\t\t<\/div>\r\n\t<\/div>\r\n\t\r\n\t\t\r\n \t\t\r\n\t<div id=\"ngg-image-25578\" class=\"ngg-gallery-thumbnail-box\"  >\r\n\t\t<div class=\"ngg-gallery-thumbnail\" >\r\n\t\t\t<a href=\"https:\/\/spbielsk.pl\/wp-content\/gallery\/wiosenny-koncert-szkola-muzyczna-kwiecien-2024\/439823294_946214630629524_4459347675492631230_n.jpg\" title=\" \"   rel=\"lightbox[8803]\">\r\n\t\t\t\t\t\t\t\t<img loading=\"lazy\" decoding=\"async\" title=\"439823294_946214630629524_4459347675492631230_n\" alt=\"439823294_946214630629524_4459347675492631230_n\" src=\"https:\/\/spbielsk.pl\/wp-content\/gallery\/wiosenny-koncert-szkola-muzyczna-kwiecien-2024\/thumbs\/thumbs_439823294_946214630629524_4459347675492631230_n.jpg\" width=\"120\" height=\"90\" \/>\r\n\t\t\t\t\t\t\t<\/a>\r\n\t\t<\/div>\r\n\t<\/div>\r\n\t\r\n\t\t\r\n \t\t\r\n\t<div id=\"ngg-image-25579\" class=\"ngg-gallery-thumbnail-box\"  >\r\n\t\t<div class=\"ngg-gallery-thumbnail\" >\r\n\t\t\t<a href=\"https:\/\/spbielsk.pl\/wp-content\/gallery\/wiosenny-koncert-szkola-muzyczna-kwiecien-2024\/439823550_946215783962742_1237919988801166552_n.jpg\" title=\" \"   rel=\"lightbox[8803]\">\r\n\t\t\t\t\t\t\t\t<img loading=\"lazy\" decoding=\"async\" title=\"439823550_946215783962742_1237919988801166552_n\" alt=\"439823550_946215783962742_1237919988801166552_n\" src=\"https:\/\/spbielsk.pl\/wp-content\/gallery\/wiosenny-koncert-szkola-muzyczna-kwiecien-2024\/thumbs\/thumbs_439823550_946215783962742_1237919988801166552_n.jpg\" width=\"120\" height=\"90\" \/>\r\n\t\t\t\t\t\t\t<\/a>\r\n\t\t<\/div>\r\n\t<\/div>\r\n\t\r\n\t\t\r\n \t\t\r\n\t<div id=\"ngg-image-25580\" class=\"ngg-gallery-thumbnail-box\"  >\r\n\t\t<div class=\"ngg-gallery-thumbnail\" >\r\n\t\t\t<a href=\"https:\/\/spbielsk.pl\/wp-content\/gallery\/wiosenny-koncert-szkola-muzyczna-kwiecien-2024\/439866658_946214763962844_1532592004116371259_n.jpg\" title=\" \"   rel=\"lightbox[8803]\">\r\n\t\t\t\t\t\t\t\t<img loading=\"lazy\" decoding=\"async\" title=\"439866658_946214763962844_1532592004116371259_n\" alt=\"439866658_946214763962844_1532592004116371259_n\" src=\"https:\/\/spbielsk.pl\/wp-content\/gallery\/wiosenny-koncert-szkola-muzyczna-kwiecien-2024\/thumbs\/thumbs_439866658_946214763962844_1532592004116371259_n.jpg\" width=\"120\" height=\"90\" \/>\r\n\t\t\t\t\t\t\t<\/a>\r\n\t\t<\/div>\r\n\t<\/div>\r\n\t\r\n\t\t\r\n \t\t\r\n\t<div id=\"ngg-image-25581\" class=\"ngg-gallery-thumbnail-box\"  >\r\n\t\t<div class=\"ngg-gallery-thumbnail\" >\r\n\t\t\t<a href=\"https:\/\/spbielsk.pl\/wp-content\/gallery\/wiosenny-koncert-szkola-muzyczna-kwiecien-2024\/439907821_946214293962891_1715634332258507722_n.jpg\" title=\" \"   rel=\"lightbox[8803]\">\r\n\t\t\t\t\t\t\t\t<img loading=\"lazy\" decoding=\"async\" title=\"439907821_946214293962891_1715634332258507722_n\" alt=\"439907821_946214293962891_1715634332258507722_n\" src=\"https:\/\/spbielsk.pl\/wp-content\/gallery\/wiosenny-koncert-szkola-muzyczna-kwiecien-2024\/thumbs\/thumbs_439907821_946214293962891_1715634332258507722_n.jpg\" width=\"120\" height=\"90\" \/>\r\n\t\t\t\t\t\t\t<\/a>\r\n\t\t<\/div>\r\n\t<\/div>\r\n\t\r\n\t\t\r\n \t\t\r\n\t<div id=\"ngg-image-25582\" class=\"ngg-gallery-thumbnail-box\"  >\r\n\t\t<div class=\"ngg-gallery-thumbnail\" >\r\n\t\t\t<a href=\"https:\/\/spbielsk.pl\/wp-content\/gallery\/wiosenny-koncert-szkola-muzyczna-kwiecien-2024\/439915175_946214853962835_5871198662532769014_n.jpg\" title=\" \"   rel=\"lightbox[8803]\">\r\n\t\t\t\t\t\t\t\t<img loading=\"lazy\" decoding=\"async\" title=\"439915175_946214853962835_5871198662532769014_n\" alt=\"439915175_946214853962835_5871198662532769014_n\" src=\"https:\/\/spbielsk.pl\/wp-content\/gallery\/wiosenny-koncert-szkola-muzyczna-kwiecien-2024\/thumbs\/thumbs_439915175_946214853962835_5871198662532769014_n.jpg\" width=\"120\" height=\"90\" \/>\r\n\t\t\t\t\t\t\t<\/a>\r\n\t\t<\/div>\r\n\t<\/div>\r\n\t\r\n\t\t\r\n \t \t\r\n\t<!-- Pagination -->\r\n \t<div class='ngg-clear'><\/div>\n \t\r\n<\/div>\r\n\r\n<\/p>\n","protected":false},"excerpt":{"rendered":"<p>Dnia 24.04.2024 r. w naszej szkole odby\u0142 si\u0119 koncert wiosenny w wykonaniu uczni\u00f3w Pa\u0144stwowej Szko\u0142y Muzycznej I i II stopnia im. K. Szymanowskiego w P\u0142ocku.Wszystkich zgromadzonych uczestnik\u00f3w koncertu przywita\u0142a pani dyrektor Maria Kluge. Wyrazi\u0142a swoje zadowolenie, \u017ce mogli\u015bmy go\u015bci\u0107 artyst\u00f3w w murach naszej szko\u0142y. Dla uczni\u00f3w i nauczycieli szko\u0142y by\u0142o to szczeg\u00f3lnie wa\u017cne wydarzenie, gdy\u017c [&hellip;]<\/p>\n","protected":false},"author":1,"featured_media":8804,"comment_status":"closed","ping_status":"closed","sticky":false,"template":"","format":"standard","meta":{"footnotes":""},"categories":[5],"tags":[],"class_list":["post-8803","post","type-post","status-publish","format-standard","has-post-thumbnail","hentry","category-s-p-bielsk"],"_links":{"self":[{"href":"https:\/\/spbielsk.pl\/index.php?rest_route=\/wp\/v2\/posts\/8803","targetHints":{"allow":["GET"]}}],"collection":[{"href":"https:\/\/spbielsk.pl\/index.php?rest_route=\/wp\/v2\/posts"}],"about":[{"href":"https:\/\/spbielsk.pl\/index.php?rest_route=\/wp\/v2\/types\/post"}],"author":[{"embeddable":true,"href":"https:\/\/spbielsk.pl\/index.php?rest_route=\/wp\/v2\/users\/1"}],"replies":[{"embeddable":true,"href":"https:\/\/spbielsk.pl\/index.php?rest_route=%2Fwp%2Fv2%2Fcomments&post=8803"}],"version-history":[{"count":1,"href":"https:\/\/spbielsk.pl\/index.php?rest_route=\/wp\/v2\/posts\/8803\/revisions"}],"predecessor-version":[{"id":8805,"href":"https:\/\/spbielsk.pl\/index.php?rest_route=\/wp\/v2\/posts\/8803\/revisions\/8805"}],"wp:featuredmedia":[{"embeddable":true,"href":"https:\/\/spbielsk.pl\/index.php?rest_route=\/wp\/v2\/media\/8804"}],"wp:attachment":[{"href":"https:\/\/spbielsk.pl\/index.php?rest_route=%2Fwp%2Fv2%2Fmedia&parent=8803"}],"wp:term":[{"taxonomy":"category","embeddable":true,"href":"https:\/\/spbielsk.pl\/index.php?rest_route=%2Fwp%2Fv2%2Fcategories&post=8803"},{"taxonomy":"post_tag","embeddable":true,"href":"https:\/\/spbielsk.pl\/index.php?rest_route=%2Fwp%2Fv2%2Ftags&post=8803"}],"curies":[{"name":"wp","href":"https:\/\/api.w.org\/{rel}","templated":true}]}}