{"id":8794,"date":"2024-04-24T05:17:22","date_gmt":"2024-04-24T04:17:22","guid":{"rendered":"http:\/\/spbielsk.pl\/?p=8794"},"modified":"2024-04-24T05:17:23","modified_gmt":"2024-04-24T04:17:23","slug":"xxiv-gminny-przeglad-dzialalnosci-artystycznej-dni-kultury-2024","status":"publish","type":"post","link":"https:\/\/spbielsk.pl\/?p=8794","title":{"rendered":"XXIV GMINNY PRZEGL\u0104D DZIA\u0141ALNO\u015aCI ARTYSTYCZNEJ &#8222;DNI KULTURY 2024&#8221;."},"content":{"rendered":"\n<div class=\"x11i5rnm xat24cr x1mh8g0r x1vvkbs xtlvy1s x126k92a\">\n<div dir=\"auto\"><span class=\"x3nfvp2 x1j61x8r x1fcty0u xdj266r xhhsvwb xat24cr xgzva0m xxymvpz xlup9mm x1kky2od\">23 <\/span>kwietnia scena w Gminnym O\u015brodku Kultury przednios\u0142a nas wprost do \u015bwiata Hollywood.\u00a0<\/div>\n<\/div>\n<div class=\"x11i5rnm xat24cr x1mh8g0r x1vvkbs xtlvy1s x126k92a\">\n<div dir=\"auto\" style=\"text-align: justify;\">Tego dnia, arty\u015bci z jednostek o\u015bwiatowych z terenu Gminy Bielsk zaprezentowali stoj\u0105ce na bardzo wysokim poziomie wyst\u0119py w kt\u00f3rych kr\u00f3lowa\u0142y postaci ze stolicy ameryka\u0144skiego filmu.\u00a0<\/div>\n<\/div>\n<div class=\"x11i5rnm xat24cr x1mh8g0r x1vvkbs xtlvy1s x126k92a\" style=\"text-align: justify;\">\n<div dir=\"auto\">Komisja konkursowa postanowi\u0142a wyr\u00f3\u017cni\u0107 wyst\u0119p uczni\u00f3w naszej szko\u0142y i przyzna\u0107 tytu\u0142 laureata wraz z pami\u0105tkow\u0105 statuetk\u0105, dyplomem i nagrod\u0105 ufunowan\u0105 przez W\u00f3jta Gminy Bielsk p. J\u00f3zefa Jerzego Rozkosza.<\/div>\n<\/div>\n<p><!--more--><\/p>\n<div class=\"x11i5rnm xat24cr x1mh8g0r x1vvkbs xtlvy1s x126k92a\" style=\"text-align: justify;\">\n<div dir=\"auto\">Warto podkre\u015bli\u0107, i\u017c laureaci b\u0119d\u0105 mogli ponownie zaprezentowa\u0107 sw\u00f3j program podczas obchod\u00f3w Dni Bielska.\u00a0<\/div>\n<\/div>\n<div class=\"x11i5rnm xat24cr x1mh8g0r x1vvkbs xtlvy1s x126k92a\" style=\"text-align: justify;\">\n<div dir=\"auto\">Honorowy Patronat nad wydarzeniem obj\u0105\u0142 p. Sylwester Ziemkiewicz Starosta P\u0142ocki.<\/div>\n<\/div>\n<div class=\"x11i5rnm xat24cr x1mh8g0r x1vvkbs xtlvy1s x126k92a\">\n<div dir=\"auto\" style=\"text-align: justify;\">Gratulujemy wspania\u0142ych wyst\u0119p\u00f3w i do zobaczenia wkr\u00f3tce podczas Dni Bielska 2024<span class=\"x3nfvp2 x1j61x8r x1fcty0u xdj266r xhhsvwb xat24cr xgzva0m xxymvpz xlup9mm x1kky2od\">!<\/span><\/div>\n<\/div>\n<div class=\"x11i5rnm xat24cr x1mh8g0r x1vvkbs xtlvy1s x126k92a\">\n<div dir=\"auto\" style=\"text-align: center;\">\r\n<div class=\"ngg-galleryoverview\" id=\"ngg-gallery-967-8794\">\r\n\r\n\t<!-- Slideshow link -->\r\n\t<div class=\"slideshowlink\">\r\n\t\t<a class=\"slideshowlink\" href=\"https:\/\/spbielsk.pl\/?p=8794&amp;show=slide\">\r\n\t\t\t[Show slideshow]\t\t<\/a>\r\n\t<\/div>\r\n\r\n\t\r\n\t<!-- Thumbnails -->\r\n\t\t\r\n\t<div id=\"ngg-image-25525\" class=\"ngg-gallery-thumbnail-box\"  >\r\n\t\t<div class=\"ngg-gallery-thumbnail\" >\r\n\t\t\t<a href=\"https:\/\/spbielsk.pl\/wp-content\/gallery\/dni-kultury-kwiecien-2024\/438088957_944994490751538_3945128526096782792_n.jpg\" title=\" \"   rel=\"lightbox[8794]\">\r\n\t\t\t\t\t\t\t\t<img decoding=\"async\" title=\"438088957_944994490751538_3945128526096782792_n\" alt=\"438088957_944994490751538_3945128526096782792_n\" src=\"https:\/\/spbielsk.pl\/wp-content\/gallery\/dni-kultury-kwiecien-2024\/thumbs\/thumbs_438088957_944994490751538_3945128526096782792_n.jpg\" width=\"120\" height=\"90\" \/>\r\n\t\t\t\t\t\t\t<\/a>\r\n\t\t<\/div>\r\n\t<\/div>\r\n\t\r\n\t\t\r\n \t\t\r\n\t<div id=\"ngg-image-25526\" class=\"ngg-gallery-thumbnail-box\"  >\r\n\t\t<div class=\"ngg-gallery-thumbnail\" >\r\n\t\t\t<a href=\"https:\/\/spbielsk.pl\/wp-content\/gallery\/dni-kultury-kwiecien-2024\/438099091_944994897418164_3762321698396765586_n.jpg\" title=\" \"   rel=\"lightbox[8794]\">\r\n\t\t\t\t\t\t\t\t<img decoding=\"async\" title=\"438099091_944994897418164_3762321698396765586_n\" alt=\"438099091_944994897418164_3762321698396765586_n\" src=\"https:\/\/spbielsk.pl\/wp-content\/gallery\/dni-kultury-kwiecien-2024\/thumbs\/thumbs_438099091_944994897418164_3762321698396765586_n.jpg\" width=\"120\" height=\"90\" \/>\r\n\t\t\t\t\t\t\t<\/a>\r\n\t\t<\/div>\r\n\t<\/div>\r\n\t\r\n\t\t\r\n \t\t\r\n\t<div id=\"ngg-image-25527\" class=\"ngg-gallery-thumbnail-box\"  >\r\n\t\t<div class=\"ngg-gallery-thumbnail\" >\r\n\t\t\t<a href=\"https:\/\/spbielsk.pl\/wp-content\/gallery\/dni-kultury-kwiecien-2024\/438100138_944994907418163_7409913018420583727_n.jpg\" title=\" \"   rel=\"lightbox[8794]\">\r\n\t\t\t\t\t\t\t\t<img decoding=\"async\" title=\"438100138_944994907418163_7409913018420583727_n\" alt=\"438100138_944994907418163_7409913018420583727_n\" src=\"https:\/\/spbielsk.pl\/wp-content\/gallery\/dni-kultury-kwiecien-2024\/thumbs\/thumbs_438100138_944994907418163_7409913018420583727_n.jpg\" width=\"120\" height=\"90\" \/>\r\n\t\t\t\t\t\t\t<\/a>\r\n\t\t<\/div>\r\n\t<\/div>\r\n\t\r\n\t\t\r\n \t\t\r\n\t<div id=\"ngg-image-25528\" class=\"ngg-gallery-thumbnail-box\"  >\r\n\t\t<div class=\"ngg-gallery-thumbnail\" >\r\n\t\t\t<a href=\"https:\/\/spbielsk.pl\/wp-content\/gallery\/dni-kultury-kwiecien-2024\/438108607_944994470751540_1809696330678818097_n.jpg\" title=\" \"   rel=\"lightbox[8794]\">\r\n\t\t\t\t\t\t\t\t<img loading=\"lazy\" decoding=\"async\" title=\"438108607_944994470751540_1809696330678818097_n\" alt=\"438108607_944994470751540_1809696330678818097_n\" src=\"https:\/\/spbielsk.pl\/wp-content\/gallery\/dni-kultury-kwiecien-2024\/thumbs\/thumbs_438108607_944994470751540_1809696330678818097_n.jpg\" width=\"120\" height=\"90\" \/>\r\n\t\t\t\t\t\t\t<\/a>\r\n\t\t<\/div>\r\n\t<\/div>\r\n\t\r\n\t\t\r\n \t\t\r\n\t<div id=\"ngg-image-25529\" class=\"ngg-gallery-thumbnail-box\"  >\r\n\t\t<div class=\"ngg-gallery-thumbnail\" >\r\n\t\t\t<a href=\"https:\/\/spbielsk.pl\/wp-content\/gallery\/dni-kultury-kwiecien-2024\/438118495_944994637418190_1346305688350084545_n.jpg\" title=\" \"   rel=\"lightbox[8794]\">\r\n\t\t\t\t\t\t\t\t<img loading=\"lazy\" decoding=\"async\" title=\"438118495_944994637418190_1346305688350084545_n\" alt=\"438118495_944994637418190_1346305688350084545_n\" src=\"https:\/\/spbielsk.pl\/wp-content\/gallery\/dni-kultury-kwiecien-2024\/thumbs\/thumbs_438118495_944994637418190_1346305688350084545_n.jpg\" width=\"120\" height=\"90\" \/>\r\n\t\t\t\t\t\t\t<\/a>\r\n\t\t<\/div>\r\n\t<\/div>\r\n\t\r\n\t\t\r\n \t\t\r\n\t<div id=\"ngg-image-25530\" class=\"ngg-gallery-thumbnail-box\"  >\r\n\t\t<div class=\"ngg-gallery-thumbnail\" >\r\n\t\t\t<a href=\"https:\/\/spbielsk.pl\/wp-content\/gallery\/dni-kultury-kwiecien-2024\/438664238_944994720751515_159900569563227039_n.jpg\" title=\" \"   rel=\"lightbox[8794]\">\r\n\t\t\t\t\t\t\t\t<img loading=\"lazy\" decoding=\"async\" title=\"438664238_944994720751515_159900569563227039_n\" alt=\"438664238_944994720751515_159900569563227039_n\" src=\"https:\/\/spbielsk.pl\/wp-content\/gallery\/dni-kultury-kwiecien-2024\/thumbs\/thumbs_438664238_944994720751515_159900569563227039_n.jpg\" width=\"120\" height=\"90\" \/>\r\n\t\t\t\t\t\t\t<\/a>\r\n\t\t<\/div>\r\n\t<\/div>\r\n\t\r\n\t\t\r\n \t\t\r\n\t<div id=\"ngg-image-25531\" class=\"ngg-gallery-thumbnail-box\"  >\r\n\t\t<div class=\"ngg-gallery-thumbnail\" >\r\n\t\t\t<a href=\"https:\/\/spbielsk.pl\/wp-content\/gallery\/dni-kultury-kwiecien-2024\/438675724_944994734084847_5166419369880171027_n.jpg\" title=\" \"   rel=\"lightbox[8794]\">\r\n\t\t\t\t\t\t\t\t<img loading=\"lazy\" decoding=\"async\" title=\"438675724_944994734084847_5166419369880171027_n\" alt=\"438675724_944994734084847_5166419369880171027_n\" src=\"https:\/\/spbielsk.pl\/wp-content\/gallery\/dni-kultury-kwiecien-2024\/thumbs\/thumbs_438675724_944994734084847_5166419369880171027_n.jpg\" width=\"120\" height=\"90\" \/>\r\n\t\t\t\t\t\t\t<\/a>\r\n\t\t<\/div>\r\n\t<\/div>\r\n\t\r\n\t\t\r\n \t\t\r\n\t<div id=\"ngg-image-25532\" class=\"ngg-gallery-thumbnail-box\"  >\r\n\t\t<div class=\"ngg-gallery-thumbnail\" >\r\n\t\t\t<a href=\"https:\/\/spbielsk.pl\/wp-content\/gallery\/dni-kultury-kwiecien-2024\/438695901_944994797418174_5424409396769530178_n.jpg\" title=\" \"   rel=\"lightbox[8794]\">\r\n\t\t\t\t\t\t\t\t<img loading=\"lazy\" decoding=\"async\" title=\"438695901_944994797418174_5424409396769530178_n\" alt=\"438695901_944994797418174_5424409396769530178_n\" src=\"https:\/\/spbielsk.pl\/wp-content\/gallery\/dni-kultury-kwiecien-2024\/thumbs\/thumbs_438695901_944994797418174_5424409396769530178_n.jpg\" width=\"120\" height=\"90\" \/>\r\n\t\t\t\t\t\t\t<\/a>\r\n\t\t<\/div>\r\n\t<\/div>\r\n\t\r\n\t\t\r\n \t\t\r\n\t<div id=\"ngg-image-25533\" class=\"ngg-gallery-thumbnail-box\"  >\r\n\t\t<div class=\"ngg-gallery-thumbnail\" >\r\n\t\t\t<a href=\"https:\/\/spbielsk.pl\/wp-content\/gallery\/dni-kultury-kwiecien-2024\/438707485_944994684084852_3651928203144122062_n.jpg\" title=\" \"   rel=\"lightbox[8794]\">\r\n\t\t\t\t\t\t\t\t<img loading=\"lazy\" decoding=\"async\" title=\"438707485_944994684084852_3651928203144122062_n\" alt=\"438707485_944994684084852_3651928203144122062_n\" src=\"https:\/\/spbielsk.pl\/wp-content\/gallery\/dni-kultury-kwiecien-2024\/thumbs\/thumbs_438707485_944994684084852_3651928203144122062_n.jpg\" width=\"120\" height=\"90\" \/>\r\n\t\t\t\t\t\t\t<\/a>\r\n\t\t<\/div>\r\n\t<\/div>\r\n\t\r\n\t\t\r\n \t\t\r\n\t<div id=\"ngg-image-25534\" class=\"ngg-gallery-thumbnail-box\"  >\r\n\t\t<div class=\"ngg-gallery-thumbnail\" >\r\n\t\t\t<a href=\"https:\/\/spbielsk.pl\/wp-content\/gallery\/dni-kultury-kwiecien-2024\/438734117_944994747418179_536537820820015243_n.jpg\" title=\" \"   rel=\"lightbox[8794]\">\r\n\t\t\t\t\t\t\t\t<img loading=\"lazy\" decoding=\"async\" title=\"438734117_944994747418179_536537820820015243_n\" alt=\"438734117_944994747418179_536537820820015243_n\" src=\"https:\/\/spbielsk.pl\/wp-content\/gallery\/dni-kultury-kwiecien-2024\/thumbs\/thumbs_438734117_944994747418179_536537820820015243_n.jpg\" width=\"120\" height=\"90\" \/>\r\n\t\t\t\t\t\t\t<\/a>\r\n\t\t<\/div>\r\n\t<\/div>\r\n\t\r\n\t\t\r\n \t\t\r\n\t<div id=\"ngg-image-25535\" class=\"ngg-gallery-thumbnail-box\"  >\r\n\t\t<div class=\"ngg-gallery-thumbnail\" >\r\n\t\t\t<a href=\"https:\/\/spbielsk.pl\/wp-content\/gallery\/dni-kultury-kwiecien-2024\/438742436_944994480751539_8959910867793443672_n.jpg\" title=\" \"   rel=\"lightbox[8794]\">\r\n\t\t\t\t\t\t\t\t<img loading=\"lazy\" decoding=\"async\" title=\"438742436_944994480751539_8959910867793443672_n\" alt=\"438742436_944994480751539_8959910867793443672_n\" src=\"https:\/\/spbielsk.pl\/wp-content\/gallery\/dni-kultury-kwiecien-2024\/thumbs\/thumbs_438742436_944994480751539_8959910867793443672_n.jpg\" width=\"120\" height=\"90\" \/>\r\n\t\t\t\t\t\t\t<\/a>\r\n\t\t<\/div>\r\n\t<\/div>\r\n\t\r\n\t\t\r\n \t\t\r\n\t<div id=\"ngg-image-25536\" class=\"ngg-gallery-thumbnail-box\"  >\r\n\t\t<div class=\"ngg-gallery-thumbnail\" >\r\n\t\t\t<a href=\"https:\/\/spbielsk.pl\/wp-content\/gallery\/dni-kultury-kwiecien-2024\/438789788_944994600751527_483444075059058726_n.jpg\" title=\" \"   rel=\"lightbox[8794]\">\r\n\t\t\t\t\t\t\t\t<img loading=\"lazy\" decoding=\"async\" title=\"438789788_944994600751527_483444075059058726_n\" alt=\"438789788_944994600751527_483444075059058726_n\" src=\"https:\/\/spbielsk.pl\/wp-content\/gallery\/dni-kultury-kwiecien-2024\/thumbs\/thumbs_438789788_944994600751527_483444075059058726_n.jpg\" width=\"120\" height=\"90\" \/>\r\n\t\t\t\t\t\t\t<\/a>\r\n\t\t<\/div>\r\n\t<\/div>\r\n\t\r\n\t\t\r\n \t\t\r\n\t<div id=\"ngg-image-25537\" class=\"ngg-gallery-thumbnail-box\"  >\r\n\t\t<div class=\"ngg-gallery-thumbnail\" >\r\n\t\t\t<a href=\"https:\/\/spbielsk.pl\/wp-content\/gallery\/dni-kultury-kwiecien-2024\/438810907_944994860751501_634853400836258144_n.jpg\" title=\" \"   rel=\"lightbox[8794]\">\r\n\t\t\t\t\t\t\t\t<img loading=\"lazy\" decoding=\"async\" title=\"438810907_944994860751501_634853400836258144_n\" alt=\"438810907_944994860751501_634853400836258144_n\" src=\"https:\/\/spbielsk.pl\/wp-content\/gallery\/dni-kultury-kwiecien-2024\/thumbs\/thumbs_438810907_944994860751501_634853400836258144_n.jpg\" width=\"120\" height=\"90\" \/>\r\n\t\t\t\t\t\t\t<\/a>\r\n\t\t<\/div>\r\n\t<\/div>\r\n\t\r\n\t\t\r\n \t\t\r\n\t<div id=\"ngg-image-25538\" class=\"ngg-gallery-thumbnail-box\"  >\r\n\t\t<div class=\"ngg-gallery-thumbnail\" >\r\n\t\t\t<a href=\"https:\/\/spbielsk.pl\/wp-content\/gallery\/dni-kultury-kwiecien-2024\/438832985_944994547418199_897742328472356290_n.jpg\" title=\" \"   rel=\"lightbox[8794]\">\r\n\t\t\t\t\t\t\t\t<img loading=\"lazy\" decoding=\"async\" title=\"438832985_944994547418199_897742328472356290_n\" alt=\"438832985_944994547418199_897742328472356290_n\" src=\"https:\/\/spbielsk.pl\/wp-content\/gallery\/dni-kultury-kwiecien-2024\/thumbs\/thumbs_438832985_944994547418199_897742328472356290_n.jpg\" width=\"120\" height=\"90\" \/>\r\n\t\t\t\t\t\t\t<\/a>\r\n\t\t<\/div>\r\n\t<\/div>\r\n\t\r\n\t\t\r\n \t\t\r\n\t<div id=\"ngg-image-25539\" class=\"ngg-gallery-thumbnail-box\"  >\r\n\t\t<div class=\"ngg-gallery-thumbnail\" >\r\n\t\t\t<a href=\"https:\/\/spbielsk.pl\/wp-content\/gallery\/dni-kultury-kwiecien-2024\/438865493_944994567418197_7872933647296717366_n.jpg\" title=\" \"   rel=\"lightbox[8794]\">\r\n\t\t\t\t\t\t\t\t<img loading=\"lazy\" decoding=\"async\" title=\"438865493_944994567418197_7872933647296717366_n\" alt=\"438865493_944994567418197_7872933647296717366_n\" src=\"https:\/\/spbielsk.pl\/wp-content\/gallery\/dni-kultury-kwiecien-2024\/thumbs\/thumbs_438865493_944994567418197_7872933647296717366_n.jpg\" width=\"120\" height=\"90\" \/>\r\n\t\t\t\t\t\t\t<\/a>\r\n\t\t<\/div>\r\n\t<\/div>\r\n\t\r\n\t\t\r\n \t\t\r\n\t<div id=\"ngg-image-25540\" class=\"ngg-gallery-thumbnail-box\"  >\r\n\t\t<div class=\"ngg-gallery-thumbnail\" >\r\n\t\t\t<a href=\"https:\/\/spbielsk.pl\/wp-content\/gallery\/dni-kultury-kwiecien-2024\/439865244_944994820751505_5526095139466792598_n.jpg\" title=\" \"   rel=\"lightbox[8794]\">\r\n\t\t\t\t\t\t\t\t<img loading=\"lazy\" decoding=\"async\" title=\"439865244_944994820751505_5526095139466792598_n\" alt=\"439865244_944994820751505_5526095139466792598_n\" src=\"https:\/\/spbielsk.pl\/wp-content\/gallery\/dni-kultury-kwiecien-2024\/thumbs\/thumbs_439865244_944994820751505_5526095139466792598_n.jpg\" width=\"120\" height=\"90\" \/>\r\n\t\t\t\t\t\t\t<\/a>\r\n\t\t<\/div>\r\n\t<\/div>\r\n\t\r\n\t\t\r\n \t \t\r\n\t<!-- Pagination -->\r\n \t<div class='ngg-clear'><\/div>\n \t\r\n<\/div>\r\n\r\n<\/div>\n<div dir=\"auto\" style=\"text-align: left;\"><em>Zdj\u0119cia &#8211; GOK Bielsk<\/em><\/div>\n<div dir=\"auto\">\u00a0<\/div>\n<\/div>\n","protected":false},"excerpt":{"rendered":"<p>23 kwietnia scena w Gminnym O\u015brodku Kultury przednios\u0142a nas wprost do \u015bwiata Hollywood.\u00a0 Tego dnia, arty\u015bci z jednostek o\u015bwiatowych z terenu Gminy Bielsk zaprezentowali stoj\u0105ce na bardzo wysokim poziomie wyst\u0119py w kt\u00f3rych kr\u00f3lowa\u0142y postaci ze stolicy ameryka\u0144skiego filmu.\u00a0 Komisja konkursowa postanowi\u0142a wyr\u00f3\u017cni\u0107 wyst\u0119p uczni\u00f3w naszej szko\u0142y i przyzna\u0107 tytu\u0142 laureata wraz z pami\u0105tkow\u0105 statuetk\u0105, dyplomem [&hellip;]<\/p>\n","protected":false},"author":1,"featured_media":8795,"comment_status":"closed","ping_status":"closed","sticky":false,"template":"","format":"standard","meta":{"footnotes":""},"categories":[5],"tags":[],"class_list":["post-8794","post","type-post","status-publish","format-standard","has-post-thumbnail","hentry","category-s-p-bielsk"],"_links":{"self":[{"href":"https:\/\/spbielsk.pl\/index.php?rest_route=\/wp\/v2\/posts\/8794","targetHints":{"allow":["GET"]}}],"collection":[{"href":"https:\/\/spbielsk.pl\/index.php?rest_route=\/wp\/v2\/posts"}],"about":[{"href":"https:\/\/spbielsk.pl\/index.php?rest_route=\/wp\/v2\/types\/post"}],"author":[{"embeddable":true,"href":"https:\/\/spbielsk.pl\/index.php?rest_route=\/wp\/v2\/users\/1"}],"replies":[{"embeddable":true,"href":"https:\/\/spbielsk.pl\/index.php?rest_route=%2Fwp%2Fv2%2Fcomments&post=8794"}],"version-history":[{"count":1,"href":"https:\/\/spbielsk.pl\/index.php?rest_route=\/wp\/v2\/posts\/8794\/revisions"}],"predecessor-version":[{"id":8796,"href":"https:\/\/spbielsk.pl\/index.php?rest_route=\/wp\/v2\/posts\/8794\/revisions\/8796"}],"wp:featuredmedia":[{"embeddable":true,"href":"https:\/\/spbielsk.pl\/index.php?rest_route=\/wp\/v2\/media\/8795"}],"wp:attachment":[{"href":"https:\/\/spbielsk.pl\/index.php?rest_route=%2Fwp%2Fv2%2Fmedia&parent=8794"}],"wp:term":[{"taxonomy":"category","embeddable":true,"href":"https:\/\/spbielsk.pl\/index.php?rest_route=%2Fwp%2Fv2%2Fcategories&post=8794"},{"taxonomy":"post_tag","embeddable":true,"href":"https:\/\/spbielsk.pl\/index.php?rest_route=%2Fwp%2Fv2%2Ftags&post=8794"}],"curies":[{"name":"wp","href":"https:\/\/api.w.org\/{rel}","templated":true}]}}