{"id":8791,"date":"2024-04-24T05:12:51","date_gmt":"2024-04-24T04:12:51","guid":{"rendered":"http:\/\/spbielsk.pl\/?p=8791"},"modified":"2024-04-24T05:12:52","modified_gmt":"2024-04-24T04:12:52","slug":"sukces-w-ii-edycji-konkursu-spojrz-w-niebo","status":"publish","type":"post","link":"https:\/\/spbielsk.pl\/?p=8791","title":{"rendered":"SUKCES W II EDYCJI KONKURSU &#8222;SP\u00d3JRZ W NIEBO&#8221;!"},"content":{"rendered":"\n<div class=\"\" dir=\"auto\">\n<div id=\":rf1:\" class=\"x1iorvi4 x1pi30zi x1l90r2v x1swvt13\" data-ad-comet-preview=\"message\" data-ad-preview=\"message\">\n<div class=\"x78zum5 xdt5ytf xz62fqu x16ldp7u\">\n<div class=\"xu06os2 x1ok221b\">\n<div class=\"xdj266r x11i5rnm xat24cr x1mh8g0r x1vvkbs x126k92a\">\n<div dir=\"auto\" style=\"text-align: justify;\">23 kwietnia w Mediateka eMka odby\u0142 si\u0119 fina\u0142 II edycji Powiatowego Konkursu Interdyscyplinarnego &#8222;Sp\u00f3jrz w niebo&#8221;.\u00a0<\/div>\n<\/div>\n<div class=\"x11i5rnm xat24cr x1mh8g0r x1vvkbs xtlvy1s x126k92a\" style=\"text-align: justify;\">\n<div dir=\"auto\">Nasza reprezentacja w sk\u0142adzie: Emilia Wi\u015bniewska, Przemys\u0142aw Michalski, Piotr Figurski po podliczeniu punkt\u00f3w ze wszystkich etap\u00f3w konkursu zaj\u0119\u0142a trzecie miejsce!<\/div>\n<\/div>\n<div class=\"x11i5rnm xat24cr x1mh8g0r x1vvkbs xtlvy1s x126k92a\" style=\"text-align: justify;\">\n<div dir=\"auto\">Laureaci miejsc otrzymali nagrody rzeczowe oraz pami\u0105tkowe dyplomy. <\/div>\n<\/div>\n<\/div>\n<\/div>\n<\/div>\n<\/div>\n<p><!--more--><\/p>\n<div class=\"\" dir=\"auto\">\n<div id=\":rf1:\" class=\"x1iorvi4 x1pi30zi x1l90r2v x1swvt13\" data-ad-comet-preview=\"message\" data-ad-preview=\"message\">\n<div class=\"x78zum5 xdt5ytf xz62fqu x16ldp7u\">\n<div class=\"xu06os2 x1ok221b\">\n<div class=\"x11i5rnm xat24cr x1mh8g0r x1vvkbs xtlvy1s x126k92a\" style=\"text-align: justify;\">\n<div dir=\"auto\">Organizatorem konkursu by\u0142a <a class=\"x1i10hfl xjbqb8w x1ejq31n xd10rxx x1sy0etr x17r0tee x972fbf xcfux6l x1qhh985 xm0m39n x9f619 x1ypdohk xt0psk2 xe8uvvx xdj266r x11i5rnm xat24cr x1mh8g0r xexx8yu x4uap5 x18d9i69 xkhd6sd x16tdsg8 x1hl2dhg xggy1nq x1a2a7pz xt0b8zv x1fey0fg xo1l8bm\" tabindex=\"0\" role=\"link\" href=\"https:\/\/www.facebook.com\/sp16plock?__cft__[0]=AZV0DLF1NTpp2EP28Xah_bf_nPnKOpCbF8xfpdcQY0zaMJvtqpKuILcBkqAqAMHsMEpkuv3NGmW1Dnxh4FcEFnJaoxpz_AL7llIJeyROwY6aWYEi8s1JJpq9gcCWdfqf8XsADcKD085F3C1zndVEQX7E6GgY-R_5Zy0sQ_Up4hAWS935VnFaXKsrbY7ukDx33vSWxO3fWnSd1L1BzMwPkcq6&amp;__tn__=-]K-R\" data-wplink-edit=\"true\"><span class=\"xt0psk2\">Szko\u0142a Podstawowa nr 16 im. Miko\u0142aja Kopernika w P\u0142ocku<\/span><\/a> oraz <a class=\"x1i10hfl xjbqb8w x1ejq31n xd10rxx x1sy0etr x17r0tee x972fbf xcfux6l x1qhh985 xm0m39n x9f619 x1ypdohk xt0psk2 xe8uvvx xdj266r x11i5rnm xat24cr x1mh8g0r xexx8yu x4uap5 x18d9i69 xkhd6sd x16tdsg8 x1hl2dhg xggy1nq x1a2a7pz xt0b8zv x1fey0fg xo1l8bm\" tabindex=\"0\" role=\"link\" href=\"https:\/\/www.facebook.com\/KsiaznicaPlocka?__cft__[0]=AZV0DLF1NTpp2EP28Xah_bf_nPnKOpCbF8xfpdcQY0zaMJvtqpKuILcBkqAqAMHsMEpkuv3NGmW1Dnxh4FcEFnJaoxpz_AL7llIJeyROwY6aWYEi8s1JJpq9gcCWdfqf8XsADcKD085F3C1zndVEQX7E6GgY-R_5Zy0sQ_Up4hAWS935VnFaXKsrbY7ukDx33vSWxO3fWnSd1L1BzMwPkcq6&amp;__tn__=-]K-R\"><span class=\"xt0psk2\">Ksi\u0105\u017cnica P\u0142ocka im. W\u0142adys\u0142awa Broniewskiego<\/span><\/a>.\u00a0<\/div>\n<\/div>\n<div class=\"x11i5rnm xat24cr x1mh8g0r x1vvkbs xtlvy1s x126k92a\" style=\"text-align: justify;\">\n<div dir=\"auto\">Szkolnymi opiekunami konkursu byli: p. Beata \u017bo\u0142nowska, p. Tomasz Piechowski, p. \u0141ukasz J\u0119drzejewski<\/div>\n<\/div>\n<div class=\"x11i5rnm xat24cr x1mh8g0r x1vvkbs xtlvy1s x126k92a\">\n<div dir=\"auto\" style=\"text-align: right;\">Gratulujemy<span class=\"x3nfvp2 x1j61x8r x1fcty0u xdj266r xhhsvwb xat24cr xgzva0m xxymvpz xlup9mm x1kky2od\">!<\/span><\/div>\n<div dir=\"auto\" style=\"text-align: center;\">\r\n<div class=\"ngg-galleryoverview\" id=\"ngg-gallery-966-8791\">\r\n\r\n\t<!-- Slideshow link -->\r\n\t<div class=\"slideshowlink\">\r\n\t\t<a class=\"slideshowlink\" href=\"https:\/\/spbielsk.pl\/?p=8791&amp;show=slide\">\r\n\t\t\t[Show slideshow]\t\t<\/a>\r\n\t<\/div>\r\n\r\n\t\r\n\t<!-- Thumbnails -->\r\n\t\t\r\n\t<div id=\"ngg-image-25522\" class=\"ngg-gallery-thumbnail-box\"  >\r\n\t\t<div class=\"ngg-gallery-thumbnail\" >\r\n\t\t\t<a href=\"https:\/\/spbielsk.pl\/wp-content\/gallery\/spojrz-w-niebo-kwiecien-2024\/438058332_944754917442162_6781605641966199432_n.jpg\" title=\" \"   rel=\"lightbox[8791]\">\r\n\t\t\t\t\t\t\t\t<img decoding=\"async\" title=\"438058332_944754917442162_6781605641966199432_n\" alt=\"438058332_944754917442162_6781605641966199432_n\" src=\"https:\/\/spbielsk.pl\/wp-content\/gallery\/spojrz-w-niebo-kwiecien-2024\/thumbs\/thumbs_438058332_944754917442162_6781605641966199432_n.jpg\" width=\"120\" height=\"90\" \/>\r\n\t\t\t\t\t\t\t<\/a>\r\n\t\t<\/div>\r\n\t<\/div>\r\n\t\r\n\t\t\r\n \t\t\r\n\t<div id=\"ngg-image-25523\" class=\"ngg-gallery-thumbnail-box\"  >\r\n\t\t<div class=\"ngg-gallery-thumbnail\" >\r\n\t\t\t<a href=\"https:\/\/spbielsk.pl\/wp-content\/gallery\/spojrz-w-niebo-kwiecien-2024\/438733602_944754890775498_697834417417359827_n.jpg\" title=\" \"   rel=\"lightbox[8791]\">\r\n\t\t\t\t\t\t\t\t<img decoding=\"async\" title=\"438733602_944754890775498_697834417417359827_n\" alt=\"438733602_944754890775498_697834417417359827_n\" src=\"https:\/\/spbielsk.pl\/wp-content\/gallery\/spojrz-w-niebo-kwiecien-2024\/thumbs\/thumbs_438733602_944754890775498_697834417417359827_n.jpg\" width=\"120\" height=\"90\" \/>\r\n\t\t\t\t\t\t\t<\/a>\r\n\t\t<\/div>\r\n\t<\/div>\r\n\t\r\n\t\t\r\n \t\t\r\n\t<div id=\"ngg-image-25524\" class=\"ngg-gallery-thumbnail-box\"  >\r\n\t\t<div class=\"ngg-gallery-thumbnail\" >\r\n\t\t\t<a href=\"https:\/\/spbielsk.pl\/wp-content\/gallery\/spojrz-w-niebo-kwiecien-2024\/438836758_944754880775499_5638719077226221645_n.jpg\" title=\" \"   rel=\"lightbox[8791]\">\r\n\t\t\t\t\t\t\t\t<img decoding=\"async\" title=\"438836758_944754880775499_5638719077226221645_n\" alt=\"438836758_944754880775499_5638719077226221645_n\" src=\"https:\/\/spbielsk.pl\/wp-content\/gallery\/spojrz-w-niebo-kwiecien-2024\/thumbs\/thumbs_438836758_944754880775499_5638719077226221645_n.jpg\" width=\"120\" height=\"90\" \/>\r\n\t\t\t\t\t\t\t<\/a>\r\n\t\t<\/div>\r\n\t<\/div>\r\n\t\r\n\t\t\r\n \t \t\r\n\t<!-- Pagination -->\r\n \t<div class='ngg-clear'><\/div>\n \t\r\n<\/div>\r\n\r\n<\/div>\n<\/div>\n<\/div>\n<\/div>\n<\/div>\n<\/div>\n","protected":false},"excerpt":{"rendered":"<p>23 kwietnia w Mediateka eMka odby\u0142 si\u0119 fina\u0142 II edycji Powiatowego Konkursu Interdyscyplinarnego &#8222;Sp\u00f3jrz w niebo&#8221;.\u00a0 Nasza reprezentacja w sk\u0142adzie: Emilia Wi\u015bniewska, Przemys\u0142aw Michalski, Piotr Figurski po podliczeniu punkt\u00f3w ze wszystkich etap\u00f3w konkursu zaj\u0119\u0142a trzecie miejsce! Laureaci miejsc otrzymali nagrody rzeczowe oraz pami\u0105tkowe dyplomy.<\/p>\n","protected":false},"author":1,"featured_media":8792,"comment_status":"closed","ping_status":"closed","sticky":false,"template":"","format":"standard","meta":{"footnotes":""},"categories":[5],"tags":[],"class_list":["post-8791","post","type-post","status-publish","format-standard","has-post-thumbnail","hentry","category-s-p-bielsk"],"_links":{"self":[{"href":"https:\/\/spbielsk.pl\/index.php?rest_route=\/wp\/v2\/posts\/8791","targetHints":{"allow":["GET"]}}],"collection":[{"href":"https:\/\/spbielsk.pl\/index.php?rest_route=\/wp\/v2\/posts"}],"about":[{"href":"https:\/\/spbielsk.pl\/index.php?rest_route=\/wp\/v2\/types\/post"}],"author":[{"embeddable":true,"href":"https:\/\/spbielsk.pl\/index.php?rest_route=\/wp\/v2\/users\/1"}],"replies":[{"embeddable":true,"href":"https:\/\/spbielsk.pl\/index.php?rest_route=%2Fwp%2Fv2%2Fcomments&post=8791"}],"version-history":[{"count":1,"href":"https:\/\/spbielsk.pl\/index.php?rest_route=\/wp\/v2\/posts\/8791\/revisions"}],"predecessor-version":[{"id":8793,"href":"https:\/\/spbielsk.pl\/index.php?rest_route=\/wp\/v2\/posts\/8791\/revisions\/8793"}],"wp:featuredmedia":[{"embeddable":true,"href":"https:\/\/spbielsk.pl\/index.php?rest_route=\/wp\/v2\/media\/8792"}],"wp:attachment":[{"href":"https:\/\/spbielsk.pl\/index.php?rest_route=%2Fwp%2Fv2%2Fmedia&parent=8791"}],"wp:term":[{"taxonomy":"category","embeddable":true,"href":"https:\/\/spbielsk.pl\/index.php?rest_route=%2Fwp%2Fv2%2Fcategories&post=8791"},{"taxonomy":"post_tag","embeddable":true,"href":"https:\/\/spbielsk.pl\/index.php?rest_route=%2Fwp%2Fv2%2Ftags&post=8791"}],"curies":[{"name":"wp","href":"https:\/\/api.w.org\/{rel}","templated":true}]}}