{"id":8778,"date":"2024-04-20T20:18:00","date_gmt":"2024-04-20T19:18:00","guid":{"rendered":"http:\/\/spbielsk.pl\/?p=8778"},"modified":"2024-04-20T22:23:10","modified_gmt":"2024-04-20T21:23:10","slug":"sukces-w-konkursie-polonistycznym","status":"publish","type":"post","link":"https:\/\/spbielsk.pl\/?p=8778","title":{"rendered":"SUKCES W KONKURSIE POLONISTYCZNYM!"},"content":{"rendered":"\n<div class=\"x11i5rnm xat24cr x1mh8g0r x1vvkbs xtlvy1s x126k92a\">\n<div dir=\"auto\" style=\"text-align: center;\"><img fetchpriority=\"high\" decoding=\"async\" class=\"aligncenter size-medium wp-image-8779\" src=\"http:\/\/spbielsk.pl\/wp-content\/uploads\/2024\/04\/438658417_942813217636332_2732229078463058656_n-300x193.jpg\" alt=\"\" width=\"300\" height=\"193\" srcset=\"https:\/\/spbielsk.pl\/wp-content\/uploads\/2024\/04\/438658417_942813217636332_2732229078463058656_n-300x193.jpg 300w, https:\/\/spbielsk.pl\/wp-content\/uploads\/2024\/04\/438658417_942813217636332_2732229078463058656_n-768x495.jpg 768w, https:\/\/spbielsk.pl\/wp-content\/uploads\/2024\/04\/438658417_942813217636332_2732229078463058656_n.jpg 1024w\" sizes=\"(max-width: 300px) 100vw, 300px\" \/><\/div>\n<div dir=\"auto\" style=\"text-align: justify;\">18 kwietnia w Liceum Og\u00f3lnokszta\u0142c\u0105cym im. mjra Henryka Sucharskiego w Sierpcu, odby\u0142o si\u0119 podsumowanie powiatowych konkurs\u00f3w dla uczni\u00f3w szk\u00f3\u0142 podstawowych.<\/div>\n<\/div>\n<p><!--more--><\/p>\n<div class=\"x11i5rnm xat24cr x1mh8g0r x1vvkbs xtlvy1s x126k92a\" style=\"text-align: justify;\">\n<div dir=\"auto\"><span class=\"x3nfvp2 x1j61x8r x1fcty0u xdj266r xhhsvwb xat24cr xgzva0m xxymvpz xlup9mm x1kky2od\">Trzecie <\/span>miejsce w konkursie polonistycznym zaj\u0105\u0142 Damian Reszczy\u0144ski, ucze\u0144 klasy 8a.\u00a0<\/div>\n<\/div>\n<div class=\"x11i5rnm xat24cr x1mh8g0r x1vvkbs xtlvy1s x126k92a\" style=\"text-align: justify;\">\n<div dir=\"auto\">Ucznia do konkursu przygotowywa\u0142a p. Joanna Sieradzka.\u00a0<\/div>\n<\/div>\n<div class=\"x11i5rnm xat24cr x1mh8g0r x1vvkbs xtlvy1s x126k92a\" style=\"text-align: justify;\">\n<div dir=\"auto\">Serdecznie gratulujemy Damianowi jak i wszystkim laureatom konkurs\u00f3w polonistycznego, lingwistycznego, biologicznego i chemicznego<span class=\"x3nfvp2 x1j61x8r x1fcty0u xdj266r xhhsvwb xat24cr xgzva0m xxymvpz xlup9mm x1kky2od\">!<\/span><\/div>\n<\/div>\n<div class=\"x11i5rnm xat24cr x1mh8g0r x1vvkbs xtlvy1s x126k92a\">\n<div dir=\"auto\" style=\"text-align: justify;\"><em>Zdj\u0119cia: <\/em><a class=\"x1i10hfl xjbqb8w x1ejq31n xd10rxx x1sy0etr x17r0tee x972fbf xcfux6l x1qhh985 xm0m39n x9f619 x1ypdohk xt0psk2 xe8uvvx xdj266r x11i5rnm xat24cr x1mh8g0r xexx8yu x4uap5 x18d9i69 xkhd6sd x16tdsg8 x1hl2dhg xggy1nq x1a2a7pz xt0b8zv x1fey0fg xo1l8bm\" tabindex=\"0\" role=\"link\" href=\"https:\/\/www.facebook.com\/losucharskiego.sierpc?__cft__[0]=AZWts22wwzJ5b4ajzdPprNkM4g90wUMpP5Pd6K3WgFQyD870reuvd7JDDXriaQeyR82Nh4Z11LXmhPV2Hyf3BLZHQmLKdjDCtiQe_qNbyFxqSTd7U8SVJ6SplK65wSlxssEZeGy1mlMXi80i73xWLjMwchaOnWKz7H45Je-6mbuuytKy78e_4IiW1diYsJI_tl7oSIAfPP59pb4s_FUBnpaB&amp;__tn__=-]K-R\"><span class=\"xt0psk2\"><em>Liceum Og\u00f3lnokszta\u0142c\u0105ce im. mjra Henryka Sucharskiego w Sierpcu<\/em><\/span><\/a><\/div>\n<\/div>\n<div dir=\"auto\" style=\"text-align: center;\">\r\n<div class=\"ngg-galleryoverview\" id=\"ngg-gallery-964-8778\">\r\n\r\n\t<!-- Slideshow link -->\r\n\t<div class=\"slideshowlink\">\r\n\t\t<a class=\"slideshowlink\" href=\"https:\/\/spbielsk.pl\/?p=8778&amp;show=slide\">\r\n\t\t\t[Show slideshow]\t\t<\/a>\r\n\t<\/div>\r\n\r\n\t\r\n\t<!-- Thumbnails -->\r\n\t\t\r\n\t<div id=\"ngg-image-25391\" class=\"ngg-gallery-thumbnail-box\"  >\r\n\t\t<div class=\"ngg-gallery-thumbnail\" >\r\n\t\t\t<a href=\"https:\/\/spbielsk.pl\/wp-content\/gallery\/konkurs-polonistyczny-sierpc-kwiecien-2024\/438081805_942813227636331_6296640832206525798_n.jpg\" title=\" \"   rel=\"lightbox[8778]\">\r\n\t\t\t\t\t\t\t\t<img decoding=\"async\" title=\"438081805_942813227636331_6296640832206525798_n\" alt=\"438081805_942813227636331_6296640832206525798_n\" src=\"https:\/\/spbielsk.pl\/wp-content\/gallery\/konkurs-polonistyczny-sierpc-kwiecien-2024\/thumbs\/thumbs_438081805_942813227636331_6296640832206525798_n.jpg\" width=\"120\" height=\"90\" \/>\r\n\t\t\t\t\t\t\t<\/a>\r\n\t\t<\/div>\r\n\t<\/div>\r\n\t\r\n\t\t\r\n \t\t\r\n\t<div id=\"ngg-image-25392\" class=\"ngg-gallery-thumbnail-box\"  >\r\n\t\t<div class=\"ngg-gallery-thumbnail\" >\r\n\t\t\t<a href=\"https:\/\/spbielsk.pl\/wp-content\/gallery\/konkurs-polonistyczny-sierpc-kwiecien-2024\/438658417_942813217636332_2732229078463058656_n.jpg\" title=\" \"   rel=\"lightbox[8778]\">\r\n\t\t\t\t\t\t\t\t<img decoding=\"async\" title=\"438658417_942813217636332_2732229078463058656_n\" alt=\"438658417_942813217636332_2732229078463058656_n\" src=\"https:\/\/spbielsk.pl\/wp-content\/gallery\/konkurs-polonistyczny-sierpc-kwiecien-2024\/thumbs\/thumbs_438658417_942813217636332_2732229078463058656_n.jpg\" width=\"120\" height=\"90\" \/>\r\n\t\t\t\t\t\t\t<\/a>\r\n\t\t<\/div>\r\n\t<\/div>\r\n\t\r\n\t\t\r\n \t\t\r\n\t<div id=\"ngg-image-25393\" class=\"ngg-gallery-thumbnail-box\"  >\r\n\t\t<div class=\"ngg-gallery-thumbnail\" >\r\n\t\t\t<a href=\"https:\/\/spbielsk.pl\/wp-content\/gallery\/konkurs-polonistyczny-sierpc-kwiecien-2024\/438714747_942813290969658_96348316289542282_n.jpg\" title=\" \"   rel=\"lightbox[8778]\">\r\n\t\t\t\t\t\t\t\t<img loading=\"lazy\" decoding=\"async\" title=\"438714747_942813290969658_96348316289542282_n\" alt=\"438714747_942813290969658_96348316289542282_n\" src=\"https:\/\/spbielsk.pl\/wp-content\/gallery\/konkurs-polonistyczny-sierpc-kwiecien-2024\/thumbs\/thumbs_438714747_942813290969658_96348316289542282_n.jpg\" width=\"120\" height=\"90\" \/>\r\n\t\t\t\t\t\t\t<\/a>\r\n\t\t<\/div>\r\n\t<\/div>\r\n\t\r\n\t\t\r\n \t \t\r\n\t<!-- Pagination -->\r\n \t<div class='ngg-clear'><\/div>\n \t\r\n<\/div>\r\n\r\n<\/div>\n<div class=\"x11i5rnm xat24cr x1mh8g0r x1vvkbs xtlvy1s x126k92a\">\n<div dir=\"auto\" style=\"text-align: center;\">\u00a0<\/div>\n<\/div>\n","protected":false},"excerpt":{"rendered":"<p>18 kwietnia w Liceum Og\u00f3lnokszta\u0142c\u0105cym im. mjra Henryka Sucharskiego w Sierpcu, odby\u0142o si\u0119 podsumowanie powiatowych konkurs\u00f3w dla uczni\u00f3w szk\u00f3\u0142 podstawowych.<\/p>\n","protected":false},"author":1,"featured_media":0,"comment_status":"closed","ping_status":"closed","sticky":false,"template":"","format":"standard","meta":{"footnotes":""},"categories":[5],"tags":[],"class_list":["post-8778","post","type-post","status-publish","format-standard","hentry","category-s-p-bielsk"],"_links":{"self":[{"href":"https:\/\/spbielsk.pl\/index.php?rest_route=\/wp\/v2\/posts\/8778","targetHints":{"allow":["GET"]}}],"collection":[{"href":"https:\/\/spbielsk.pl\/index.php?rest_route=\/wp\/v2\/posts"}],"about":[{"href":"https:\/\/spbielsk.pl\/index.php?rest_route=\/wp\/v2\/types\/post"}],"author":[{"embeddable":true,"href":"https:\/\/spbielsk.pl\/index.php?rest_route=\/wp\/v2\/users\/1"}],"replies":[{"embeddable":true,"href":"https:\/\/spbielsk.pl\/index.php?rest_route=%2Fwp%2Fv2%2Fcomments&post=8778"}],"version-history":[{"count":1,"href":"https:\/\/spbielsk.pl\/index.php?rest_route=\/wp\/v2\/posts\/8778\/revisions"}],"predecessor-version":[{"id":8780,"href":"https:\/\/spbielsk.pl\/index.php?rest_route=\/wp\/v2\/posts\/8778\/revisions\/8780"}],"wp:attachment":[{"href":"https:\/\/spbielsk.pl\/index.php?rest_route=%2Fwp%2Fv2%2Fmedia&parent=8778"}],"wp:term":[{"taxonomy":"category","embeddable":true,"href":"https:\/\/spbielsk.pl\/index.php?rest_route=%2Fwp%2Fv2%2Fcategories&post=8778"},{"taxonomy":"post_tag","embeddable":true,"href":"https:\/\/spbielsk.pl\/index.php?rest_route=%2Fwp%2Fv2%2Ftags&post=8778"}],"curies":[{"name":"wp","href":"https:\/\/api.w.org\/{rel}","templated":true}]}}