{"id":8771,"date":"2024-04-20T22:05:57","date_gmt":"2024-04-20T21:05:57","guid":{"rendered":"http:\/\/spbielsk.pl\/?p=8771"},"modified":"2024-04-20T22:05:58","modified_gmt":"2024-04-20T21:05:58","slug":"zwyciestwo-w-xx-regionalnym-konkursie-historycznym-polska-jagiellonow","status":"publish","type":"post","link":"https:\/\/spbielsk.pl\/?p=8771","title":{"rendered":"ZWYCI\u0118STWO W XX REGIONALNYM KONKURSIE HISTORYCZNYM &#8222;POLSKA JAGIELLON\u00d3W&#8221;!"},"content":{"rendered":"\n\n\n<div class=\"x11i5rnm xat24cr x1mh8g0r x1vvkbs xtlvy1s x126k92a\">\n<div dir=\"auto\" style=\"text-align: center;\"><a href=\"http:\/\/spbielsk.pl\/wp-content\/uploads\/2024\/04\/438652501_942805644303756_8575506512119776534_n.jpg\" rel=\"lightbox[8771]\"><img fetchpriority=\"high\" decoding=\"async\" class=\"aligncenter wp-image-8772 size-medium\" src=\"http:\/\/spbielsk.pl\/wp-content\/uploads\/2024\/04\/438652501_942805644303756_8575506512119776534_n-300x225.jpg\" alt=\"\" width=\"300\" height=\"225\" srcset=\"https:\/\/spbielsk.pl\/wp-content\/uploads\/2024\/04\/438652501_942805644303756_8575506512119776534_n-300x225.jpg 300w, https:\/\/spbielsk.pl\/wp-content\/uploads\/2024\/04\/438652501_942805644303756_8575506512119776534_n.jpg 633w\" sizes=\"(max-width: 300px) 100vw, 300px\" \/><\/a><\/div>\n<div dir=\"auto\" style=\"text-align: justify;\">19 kwietnia w Liceum Og\u00f3lnokszta\u0142c\u0105cym im. W\u0142adys\u0142awa Jagie\u0142\u0142y w P\u0142ocku odby\u0142a si\u0119 jubileuszowa, XX edycja regionalnego konkursu historycznego dla uczni\u00f3w szk\u00f3\u0142 podstawowych o tematyce &#8222;Polska Jagiellon\u00f3w&#8221;.<\/div>\n<\/div>\n<p><!--more--><\/p>\n<div class=\"x11i5rnm xat24cr x1mh8g0r x1vvkbs xtlvy1s x126k92a\" style=\"text-align: justify;\">\n<div dir=\"auto\"><span class=\"x3nfvp2 x1j61x8r x1fcty0u xdj266r xhhsvwb xat24cr xgzva0m xxymvpz xlup9mm x1kky2od\">Pierwsze <\/span>miejsce i tytu\u0142 laureata uzyska\u0142 Przemys\u0142aw Michalski, ucze\u0144 klasy 6a.<\/div>\n<\/div>\n<div class=\"x11i5rnm xat24cr x1mh8g0r x1vvkbs xtlvy1s x126k92a\" style=\"text-align: justify;\">\n<div dir=\"auto\">Warto podkre\u015bli\u0107, i\u017c Przemek zwyci\u0119\u017cy\u0142 w konkursie po raz trzeci z rz\u0119du osi\u0105gaj\u0105c w bie\u017c\u0105cym roku wynik zaledwie o 0,5 pkt. ni\u017cszy od maksymalnego do uzyskania.\u00a0<\/div>\n<\/div>\n<div class=\"x11i5rnm xat24cr x1mh8g0r x1vvkbs xtlvy1s x126k92a\" style=\"text-align: justify;\">\n<div dir=\"auto\">Ucze\u0144 do konkursu przygotowywa\u0142 si\u0119 pod kierunkiem p. \u0141ukasza J\u0119drzejewskiego.\u00a0<\/div>\n<\/div>\n<div class=\"x11i5rnm xat24cr x1mh8g0r x1vvkbs xtlvy1s x126k92a\">\n<div dir=\"auto\" style=\"text-align: justify;\">Serdecznie gratulujemy i \u017cyczymy powodzenia w kolejnych wyzwaniach konkursowych<span class=\"x3nfvp2 x1j61x8r x1fcty0u xdj266r xhhsvwb xat24cr xgzva0m xxymvpz xlup9mm x1kky2od\">!<\/span><\/div>\n<div dir=\"auto\" style=\"text-align: center;\"><a href=\"http:\/\/spbielsk.pl\/wp-content\/uploads\/2024\/04\/dd.jpg\" rel=\"lightbox[8771]\"><img decoding=\"async\" class=\"aligncenter wp-image-8773 size-medium\" src=\"http:\/\/spbielsk.pl\/wp-content\/uploads\/2024\/04\/dd-225x300.jpg\" alt=\"\" width=\"225\" height=\"300\" srcset=\"https:\/\/spbielsk.pl\/wp-content\/uploads\/2024\/04\/dd-225x300.jpg 225w, https:\/\/spbielsk.pl\/wp-content\/uploads\/2024\/04\/dd.jpg 768w\" sizes=\"(max-width: 225px) 100vw, 225px\" \/><\/a><\/div>\n<\/div>\n","protected":false},"excerpt":{"rendered":"<p>19 kwietnia w Liceum Og\u00f3lnokszta\u0142c\u0105cym im. W\u0142adys\u0142awa Jagie\u0142\u0142y w P\u0142ocku odby\u0142a si\u0119 jubileuszowa, XX edycja regionalnego konkursu historycznego dla uczni\u00f3w szk\u00f3\u0142 podstawowych o tematyce &#8222;Polska Jagiellon\u00f3w&#8221;.<\/p>\n","protected":false},"author":1,"featured_media":0,"comment_status":"closed","ping_status":"closed","sticky":false,"template":"","format":"standard","meta":{"footnotes":""},"categories":[5],"tags":[],"class_list":["post-8771","post","type-post","status-publish","format-standard","hentry","category-s-p-bielsk"],"_links":{"self":[{"href":"https:\/\/spbielsk.pl\/index.php?rest_route=\/wp\/v2\/posts\/8771","targetHints":{"allow":["GET"]}}],"collection":[{"href":"https:\/\/spbielsk.pl\/index.php?rest_route=\/wp\/v2\/posts"}],"about":[{"href":"https:\/\/spbielsk.pl\/index.php?rest_route=\/wp\/v2\/types\/post"}],"author":[{"embeddable":true,"href":"https:\/\/spbielsk.pl\/index.php?rest_route=\/wp\/v2\/users\/1"}],"replies":[{"embeddable":true,"href":"https:\/\/spbielsk.pl\/index.php?rest_route=%2Fwp%2Fv2%2Fcomments&post=8771"}],"version-history":[{"count":1,"href":"https:\/\/spbielsk.pl\/index.php?rest_route=\/wp\/v2\/posts\/8771\/revisions"}],"predecessor-version":[{"id":8774,"href":"https:\/\/spbielsk.pl\/index.php?rest_route=\/wp\/v2\/posts\/8771\/revisions\/8774"}],"wp:attachment":[{"href":"https:\/\/spbielsk.pl\/index.php?rest_route=%2Fwp%2Fv2%2Fmedia&parent=8771"}],"wp:term":[{"taxonomy":"category","embeddable":true,"href":"https:\/\/spbielsk.pl\/index.php?rest_route=%2Fwp%2Fv2%2Fcategories&post=8771"},{"taxonomy":"post_tag","embeddable":true,"href":"https:\/\/spbielsk.pl\/index.php?rest_route=%2Fwp%2Fv2%2Ftags&post=8771"}],"curies":[{"name":"wp","href":"https:\/\/api.w.org\/{rel}","templated":true}]}}