{"id":8761,"date":"2024-04-18T09:27:58","date_gmt":"2024-04-18T08:27:58","guid":{"rendered":"http:\/\/spbielsk.pl\/?p=8761"},"modified":"2024-04-18T09:27:59","modified_gmt":"2024-04-18T08:27:59","slug":"projekt-eko-transport-2","status":"publish","type":"post","link":"https:\/\/spbielsk.pl\/?p=8761","title":{"rendered":"Projekt Eko Transport"},"content":{"rendered":"\n<p style=\"text-align: justify;\">W lutym w naszej szkole odby\u0142o si\u0119 spotkanie z uczniami p\u0142ockiego \u201eElektryka\u201d, kt\u00f3rzy w ramach og\u00f3lnopolskiej olimpiady <strong>\u201eZwolnieni z teorii\u201d<\/strong> realizuj\u0105 przedsi\u0119wzi\u0119cie zatytu\u0142owane <strong>\u201eProjekt Eko Transport\u201d<\/strong>, kt\u00f3rego celem jest promocja transportu publicznego oraz uruchomienie weekendowej linii autobusowej z Bielska do P\u0142ocka.<br \/>Pierwszym efektem podj\u0119tych dzia\u0142a\u0144 b\u0119dzie zorganizowanie wsp\u00f3lnie z firm\u0105 Jacek Bus darmowego przejazdu na trasie Bielsk \u2013 P\u0142ock i P\u0142ock \u2013 Bielsk. Odb\u0119dzie si\u0119 on w sobot\u0119 20 kwietnia i zostanie w pe\u0142ni sfinansowany ze \u015brodk\u00f3w zebranych przez organizator\u00f3w za po\u015brednictwem portalu <a href=\"http:\/\/Pomagam.pl\/projektekotransport\"><strong>Pomagam.pl\/projektekotransport<\/strong><\/a>.<br \/>Wszyscy zainteresowani mog\u0105 uzyska\u0107 wi\u0119cej informacji zamieszczonych na <a href=\"http:\/\/drive.google.com\/file\/d\/1mvRkkNjfOyMNxmJMNzyZukVe8JJ9JlGk\"><strong>plakatach<\/strong><\/a> promuj\u0105cych akcj\u0119 oraz na stronie <a href=\"https:\/\/www.e-podroznik.pl\/\"><strong>e-podr\u00f3\u017cnik.pl<\/strong><\/a>.<\/p>\n","protected":false},"excerpt":{"rendered":"<p>W lutym w naszej szkole odby\u0142o si\u0119 spotkanie z uczniami p\u0142ockiego \u201eElektryka\u201d, kt\u00f3rzy w ramach og\u00f3lnopolskiej olimpiady \u201eZwolnieni z teorii\u201d realizuj\u0105 przedsi\u0119wzi\u0119cie zatytu\u0142owane \u201eProjekt Eko Transport\u201d, kt\u00f3rego celem jest promocja transportu publicznego oraz uruchomienie weekendowej linii autobusowej z Bielska do P\u0142ocka.Pierwszym efektem podj\u0119tych dzia\u0142a\u0144 b\u0119dzie zorganizowanie wsp\u00f3lnie z firm\u0105 Jacek Bus darmowego przejazdu na trasie [&hellip;]<\/p>\n","protected":false},"author":1,"featured_media":8763,"comment_status":"closed","ping_status":"closed","sticky":false,"template":"","format":"standard","meta":{"footnotes":""},"categories":[5],"tags":[],"class_list":["post-8761","post","type-post","status-publish","format-standard","has-post-thumbnail","hentry","category-s-p-bielsk"],"_links":{"self":[{"href":"https:\/\/spbielsk.pl\/index.php?rest_route=\/wp\/v2\/posts\/8761","targetHints":{"allow":["GET"]}}],"collection":[{"href":"https:\/\/spbielsk.pl\/index.php?rest_route=\/wp\/v2\/posts"}],"about":[{"href":"https:\/\/spbielsk.pl\/index.php?rest_route=\/wp\/v2\/types\/post"}],"author":[{"embeddable":true,"href":"https:\/\/spbielsk.pl\/index.php?rest_route=\/wp\/v2\/users\/1"}],"replies":[{"embeddable":true,"href":"https:\/\/spbielsk.pl\/index.php?rest_route=%2Fwp%2Fv2%2Fcomments&post=8761"}],"version-history":[{"count":4,"href":"https:\/\/spbielsk.pl\/index.php?rest_route=\/wp\/v2\/posts\/8761\/revisions"}],"predecessor-version":[{"id":8766,"href":"https:\/\/spbielsk.pl\/index.php?rest_route=\/wp\/v2\/posts\/8761\/revisions\/8766"}],"wp:featuredmedia":[{"embeddable":true,"href":"https:\/\/spbielsk.pl\/index.php?rest_route=\/wp\/v2\/media\/8763"}],"wp:attachment":[{"href":"https:\/\/spbielsk.pl\/index.php?rest_route=%2Fwp%2Fv2%2Fmedia&parent=8761"}],"wp:term":[{"taxonomy":"category","embeddable":true,"href":"https:\/\/spbielsk.pl\/index.php?rest_route=%2Fwp%2Fv2%2Fcategories&post=8761"},{"taxonomy":"post_tag","embeddable":true,"href":"https:\/\/spbielsk.pl\/index.php?rest_route=%2Fwp%2Fv2%2Ftags&post=8761"}],"curies":[{"name":"wp","href":"https:\/\/api.w.org\/{rel}","templated":true}]}}