{"id":8758,"date":"2024-04-17T07:37:07","date_gmt":"2024-04-17T06:37:07","guid":{"rendered":"http:\/\/spbielsk.pl\/?p=8758"},"modified":"2024-04-17T07:37:44","modified_gmt":"2024-04-17T06:37:44","slug":"ii-miedzyszkolny-konkurs-glosnego-czytania","status":"publish","type":"post","link":"https:\/\/spbielsk.pl\/?p=8758","title":{"rendered":"II MI\u0118DZYSZKOLNY KONKURS G\u0141O\u015aNEGO CZYTANIA"},"content":{"rendered":"\n<div class=\"x11i5rnm xat24cr x1mh8g0r x1vvkbs xtlvy1s x126k92a\">\n<div dir=\"auto\" style=\"text-align: justify;\">10 kwietnia w Szkole Podstawowej w \u0141\u0119gu Probostwie odby\u0142a si\u0119 druga edycja mi\u0119dzyszkolnego konkursu g\u0142o\u015bnego czytania.<\/div>\n<\/div>\n<div class=\"x11i5rnm xat24cr x1mh8g0r x1vvkbs xtlvy1s x126k92a\" style=\"text-align: justify;\">\n<div dir=\"auto\">Nasz\u0105 szko\u0142\u0119 reprezentowali uczniowie klasy 2b: Alicja Pa\u0107kowska oraz Jan Figurski. W zmaganiach wzi\u0119li udzia\u0142 r\u00f3wnie\u017c uczniowie ze szk\u00f3\u0142 podstawowych w \u0141\u0119gu Probostwie, Staro\u017arebach i Nowej G\u00f3rze.<\/div>\n<\/div>\n<div class=\"x11i5rnm xat24cr x1mh8g0r x1vvkbs xtlvy1s x126k92a\" style=\"text-align: justify;\">\n<div dir=\"auto\">Zadanie konkursowe polega\u0142o na przeczytaniu fragment\u00f3w dw\u00f3ch tekst\u00f3w napisanych proz\u0105 i wierszem.<\/div>\n<\/div>\n<div class=\"x11i5rnm xat24cr x1mh8g0r x1vvkbs xtlvy1s x126k92a\">\n<div dir=\"auto\" style=\"text-align: justify;\">W kategorii klas 1-3 sukces odnios\u0142a Alicja Pa\u0107kowska, kt\u00f3ra zaj\u0119\u0142a 2 miejsce! W nagrod\u0119 otrzyma\u0142a medal oraz pami\u0105tkowy dyplom. Dyplom uczestnictwa otrzyma\u0142 r\u00f3wnie\u017c Jan Figurski.<\/div>\n<\/div>\n<div class=\"x11i5rnm xat24cr x1mh8g0r x1vvkbs xtlvy1s x126k92a\">\n<div dir=\"auto\" style=\"text-align: right;\">Serdecznie gratulujemy!<\/div>\n<\/div>\n<p style=\"text-align: center;\"><!--more--><span style=\"color: initial; font-size: revert;\">\r\n<div class=\"ngg-galleryoverview\" id=\"ngg-gallery-962-8758\">\r\n\r\n\t<!-- Slideshow link -->\r\n\t<div class=\"slideshowlink\">\r\n\t\t<a class=\"slideshowlink\" href=\"https:\/\/spbielsk.pl\/?p=8758&amp;show=slide\">\r\n\t\t\t[Show slideshow]\t\t<\/a>\r\n\t<\/div>\r\n\r\n\t\r\n\t<!-- Thumbnails -->\r\n\t\t\r\n\t<div id=\"ngg-image-25371\" class=\"ngg-gallery-thumbnail-box\"  >\r\n\t\t<div class=\"ngg-gallery-thumbnail\" >\r\n\t\t\t<a href=\"https:\/\/spbielsk.pl\/wp-content\/gallery\/konkurs-glosne-czytanie-kwiecien-2024\/435674394_940206617896992_6670000614675449469_n-1-copy.jpg\" title=\" \"   rel=\"lightbox[8758]\">\r\n\t\t\t\t\t\t\t\t<img decoding=\"async\" title=\"435674394_940206617896992_6670000614675449469_n-1-copy\" alt=\"435674394_940206617896992_6670000614675449469_n-1-copy\" src=\"https:\/\/spbielsk.pl\/wp-content\/gallery\/konkurs-glosne-czytanie-kwiecien-2024\/thumbs\/thumbs_435674394_940206617896992_6670000614675449469_n-1-copy.jpg\" width=\"120\" height=\"90\" \/>\r\n\t\t\t\t\t\t\t<\/a>\r\n\t\t<\/div>\r\n\t<\/div>\r\n\t\r\n\t\t\r\n \t\t\r\n\t<div id=\"ngg-image-25372\" class=\"ngg-gallery-thumbnail-box\"  >\r\n\t\t<div class=\"ngg-gallery-thumbnail\" >\r\n\t\t\t<a href=\"https:\/\/spbielsk.pl\/wp-content\/gallery\/konkurs-glosne-czytanie-kwiecien-2024\/435694463_940206627896991_7464389388569948638_n-copy.jpg\" title=\" \"   rel=\"lightbox[8758]\">\r\n\t\t\t\t\t\t\t\t<img decoding=\"async\" title=\"435694463_940206627896991_7464389388569948638_n-copy\" alt=\"435694463_940206627896991_7464389388569948638_n-copy\" src=\"https:\/\/spbielsk.pl\/wp-content\/gallery\/konkurs-glosne-czytanie-kwiecien-2024\/thumbs\/thumbs_435694463_940206627896991_7464389388569948638_n-copy.jpg\" width=\"120\" height=\"90\" \/>\r\n\t\t\t\t\t\t\t<\/a>\r\n\t\t<\/div>\r\n\t<\/div>\r\n\t\r\n\t\t\r\n \t\t\r\n\t<div id=\"ngg-image-25373\" class=\"ngg-gallery-thumbnail-box\"  >\r\n\t\t<div class=\"ngg-gallery-thumbnail\" >\r\n\t\t\t<a href=\"https:\/\/spbielsk.pl\/wp-content\/gallery\/konkurs-glosne-czytanie-kwiecien-2024\/435702543_940206707896983_6858874616270467430_n-copy.jpg\" title=\" \"   rel=\"lightbox[8758]\">\r\n\t\t\t\t\t\t\t\t<img decoding=\"async\" title=\"435702543_940206707896983_6858874616270467430_n-copy\" alt=\"435702543_940206707896983_6858874616270467430_n-copy\" src=\"https:\/\/spbielsk.pl\/wp-content\/gallery\/konkurs-glosne-czytanie-kwiecien-2024\/thumbs\/thumbs_435702543_940206707896983_6858874616270467430_n-copy.jpg\" width=\"120\" height=\"90\" \/>\r\n\t\t\t\t\t\t\t<\/a>\r\n\t\t<\/div>\r\n\t<\/div>\r\n\t\r\n\t\t\r\n \t\t\r\n\t<div id=\"ngg-image-25374\" class=\"ngg-gallery-thumbnail-box\"  >\r\n\t\t<div class=\"ngg-gallery-thumbnail\" >\r\n\t\t\t<a href=\"https:\/\/spbielsk.pl\/wp-content\/gallery\/konkurs-glosne-czytanie-kwiecien-2024\/435725694_940206641230323_6128299485302495291_n-copy.jpg\" title=\" \"   rel=\"lightbox[8758]\">\r\n\t\t\t\t\t\t\t\t<img loading=\"lazy\" decoding=\"async\" title=\"435725694_940206641230323_6128299485302495291_n-copy\" alt=\"435725694_940206641230323_6128299485302495291_n-copy\" src=\"https:\/\/spbielsk.pl\/wp-content\/gallery\/konkurs-glosne-czytanie-kwiecien-2024\/thumbs\/thumbs_435725694_940206641230323_6128299485302495291_n-copy.jpg\" width=\"120\" height=\"90\" \/>\r\n\t\t\t\t\t\t\t<\/a>\r\n\t\t<\/div>\r\n\t<\/div>\r\n\t\r\n\t\t\r\n \t\t\r\n\t<div id=\"ngg-image-25375\" class=\"ngg-gallery-thumbnail-box\"  >\r\n\t\t<div class=\"ngg-gallery-thumbnail\" >\r\n\t\t\t<a href=\"https:\/\/spbielsk.pl\/wp-content\/gallery\/konkurs-glosne-czytanie-kwiecien-2024\/435767578_940206721230315_880645177945783211_n-copy.jpg\" title=\" \"   rel=\"lightbox[8758]\">\r\n\t\t\t\t\t\t\t\t<img loading=\"lazy\" decoding=\"async\" title=\"435767578_940206721230315_880645177945783211_n-copy\" alt=\"435767578_940206721230315_880645177945783211_n-copy\" src=\"https:\/\/spbielsk.pl\/wp-content\/gallery\/konkurs-glosne-czytanie-kwiecien-2024\/thumbs\/thumbs_435767578_940206721230315_880645177945783211_n-copy.jpg\" width=\"120\" height=\"90\" \/>\r\n\t\t\t\t\t\t\t<\/a>\r\n\t\t<\/div>\r\n\t<\/div>\r\n\t\r\n\t\t\r\n \t\t\r\n\t<div id=\"ngg-image-25376\" class=\"ngg-gallery-thumbnail-box\"  >\r\n\t\t<div class=\"ngg-gallery-thumbnail\" >\r\n\t\t\t<a href=\"https:\/\/spbielsk.pl\/wp-content\/gallery\/konkurs-glosne-czytanie-kwiecien-2024\/438651570_940206734563647_385780814590682806_n-copy.jpg\" title=\" \"   rel=\"lightbox[8758]\">\r\n\t\t\t\t\t\t\t\t<img loading=\"lazy\" decoding=\"async\" title=\"438651570_940206734563647_385780814590682806_n-copy\" alt=\"438651570_940206734563647_385780814590682806_n-copy\" src=\"https:\/\/spbielsk.pl\/wp-content\/gallery\/konkurs-glosne-czytanie-kwiecien-2024\/thumbs\/thumbs_438651570_940206734563647_385780814590682806_n-copy.jpg\" width=\"120\" height=\"90\" \/>\r\n\t\t\t\t\t\t\t<\/a>\r\n\t\t<\/div>\r\n\t<\/div>\r\n\t\r\n\t\t\r\n \t\t\r\n\t<div id=\"ngg-image-25377\" class=\"ngg-gallery-thumbnail-box\"  >\r\n\t\t<div class=\"ngg-gallery-thumbnail\" >\r\n\t\t\t<a href=\"https:\/\/spbielsk.pl\/wp-content\/gallery\/konkurs-glosne-czytanie-kwiecien-2024\/438785464_940206817896972_875970470092285762_n-copy.jpg\" title=\" \"   rel=\"lightbox[8758]\">\r\n\t\t\t\t\t\t\t\t<img loading=\"lazy\" decoding=\"async\" title=\"438785464_940206817896972_875970470092285762_n-copy\" alt=\"438785464_940206817896972_875970470092285762_n-copy\" src=\"https:\/\/spbielsk.pl\/wp-content\/gallery\/konkurs-glosne-czytanie-kwiecien-2024\/thumbs\/thumbs_438785464_940206817896972_875970470092285762_n-copy.jpg\" width=\"120\" height=\"90\" \/>\r\n\t\t\t\t\t\t\t<\/a>\r\n\t\t<\/div>\r\n\t<\/div>\r\n\t\r\n\t\t\r\n \t \t\r\n\t<!-- Pagination -->\r\n \t<div class='ngg-clear'><\/div>\n \t\r\n<\/div>\r\n\r\n<\/span><\/p>\n","protected":false},"excerpt":{"rendered":"<p>10 kwietnia w Szkole Podstawowej w \u0141\u0119gu Probostwie odby\u0142a si\u0119 druga edycja mi\u0119dzyszkolnego konkursu g\u0142o\u015bnego czytania. Nasz\u0105 szko\u0142\u0119 reprezentowali uczniowie klasy 2b: Alicja Pa\u0107kowska oraz Jan Figurski. W zmaganiach wzi\u0119li udzia\u0142 r\u00f3wnie\u017c uczniowie ze szk\u00f3\u0142 podstawowych w \u0141\u0119gu Probostwie, Staro\u017arebach i Nowej G\u00f3rze. Zadanie konkursowe polega\u0142o na przeczytaniu fragment\u00f3w dw\u00f3ch tekst\u00f3w napisanych proz\u0105 i wierszem. [&hellip;]<\/p>\n","protected":false},"author":1,"featured_media":8010,"comment_status":"closed","ping_status":"closed","sticky":false,"template":"","format":"standard","meta":{"footnotes":""},"categories":[5],"tags":[],"class_list":["post-8758","post","type-post","status-publish","format-standard","has-post-thumbnail","hentry","category-s-p-bielsk"],"_links":{"self":[{"href":"https:\/\/spbielsk.pl\/index.php?rest_route=\/wp\/v2\/posts\/8758","targetHints":{"allow":["GET"]}}],"collection":[{"href":"https:\/\/spbielsk.pl\/index.php?rest_route=\/wp\/v2\/posts"}],"about":[{"href":"https:\/\/spbielsk.pl\/index.php?rest_route=\/wp\/v2\/types\/post"}],"author":[{"embeddable":true,"href":"https:\/\/spbielsk.pl\/index.php?rest_route=\/wp\/v2\/users\/1"}],"replies":[{"embeddable":true,"href":"https:\/\/spbielsk.pl\/index.php?rest_route=%2Fwp%2Fv2%2Fcomments&post=8758"}],"version-history":[{"count":2,"href":"https:\/\/spbielsk.pl\/index.php?rest_route=\/wp\/v2\/posts\/8758\/revisions"}],"predecessor-version":[{"id":8760,"href":"https:\/\/spbielsk.pl\/index.php?rest_route=\/wp\/v2\/posts\/8758\/revisions\/8760"}],"wp:featuredmedia":[{"embeddable":true,"href":"https:\/\/spbielsk.pl\/index.php?rest_route=\/wp\/v2\/media\/8010"}],"wp:attachment":[{"href":"https:\/\/spbielsk.pl\/index.php?rest_route=%2Fwp%2Fv2%2Fmedia&parent=8758"}],"wp:term":[{"taxonomy":"category","embeddable":true,"href":"https:\/\/spbielsk.pl\/index.php?rest_route=%2Fwp%2Fv2%2Fcategories&post=8758"},{"taxonomy":"post_tag","embeddable":true,"href":"https:\/\/spbielsk.pl\/index.php?rest_route=%2Fwp%2Fv2%2Ftags&post=8758"}],"curies":[{"name":"wp","href":"https:\/\/api.w.org\/{rel}","templated":true}]}}