{"id":8754,"date":"2024-04-17T07:27:54","date_gmt":"2024-04-17T06:27:54","guid":{"rendered":"http:\/\/spbielsk.pl\/?p=8754"},"modified":"2024-04-17T07:28:08","modified_gmt":"2024-04-17T06:28:08","slug":"sukces-w-konkursie-przedmiotowym-z-historii-2","status":"publish","type":"post","link":"https:\/\/spbielsk.pl\/?p=8754","title":{"rendered":"SUKCES W KONKURSIE PRZEDMIOTOWYM Z HISTORII!"},"content":{"rendered":"\n<div class=\"x11i5rnm xat24cr x1mh8g0r x1vvkbs xtlvy1s x126k92a\">\n<div dir=\"auto\" style=\"text-align: justify;\">Jest nam niezmiernie mi\u0142o poinformowa\u0107, i\u017c na podstawie wynik\u00f3w etapu wojew\u00f3dzkiego konkursu kuratoryjnego z historii oraz regulaminu konkurs\u00f3w przedmiotowych, ucze\u0144 klasy 6a Przemys\u0142aw Michalski uzyska\u0142 tytu\u0142 finalisty!<\/div>\n<\/div>\n<div class=\"x11i5rnm xat24cr x1mh8g0r x1vvkbs xtlvy1s x126k92a\" style=\"text-align: justify;\">\n<div dir=\"auto\">Tytu\u0142 laureata konkursu historycznego w roku szkolnym 2023\/2024 uzyska\u0142o 22, natomiast finalisty 51 uczni\u00f3w szk\u00f3\u0142 podstawowych z Mazowsza.\u00a0<\/div>\n<\/div>\n<div class=\"x11i5rnm xat24cr x1mh8g0r x1vvkbs xtlvy1s x126k92a\" style=\"text-align: justify;\">\n<div dir=\"auto\">Przemek przygotowywa\u0142 si\u0119 do konkursu pod kierunkiem p. \u0141ukasza J\u0119drzejewskiego.\u00a0<\/div>\n<\/div>\n<div class=\"x11i5rnm xat24cr x1mh8g0r x1vvkbs xtlvy1s x126k92a\">\n<div dir=\"auto\" style=\"text-align: justify;\">Serdecznie gratulujemy sukcesu i \u017cyczymy powodzenia w kolejnych wyzwaniach, nie tylko historycznych!<\/div>\n<\/div>\n\n\n","protected":false},"excerpt":{"rendered":"<p>Jest nam niezmiernie mi\u0142o poinformowa\u0107, i\u017c na podstawie wynik\u00f3w etapu wojew\u00f3dzkiego konkursu kuratoryjnego z historii oraz regulaminu konkurs\u00f3w przedmiotowych, ucze\u0144 klasy 6a Przemys\u0142aw Michalski uzyska\u0142 tytu\u0142 finalisty! Tytu\u0142 laureata konkursu historycznego w roku szkolnym 2023\/2024 uzyska\u0142o 22, natomiast finalisty 51 uczni\u00f3w szk\u00f3\u0142 podstawowych z Mazowsza.\u00a0 Przemek przygotowywa\u0142 si\u0119 do konkursu pod kierunkiem p. \u0141ukasza J\u0119drzejewskiego.\u00a0 [&hellip;]<\/p>\n","protected":false},"author":1,"featured_media":8755,"comment_status":"closed","ping_status":"closed","sticky":false,"template":"","format":"standard","meta":{"footnotes":""},"categories":[5],"tags":[],"class_list":["post-8754","post","type-post","status-publish","format-standard","has-post-thumbnail","hentry","category-s-p-bielsk"],"_links":{"self":[{"href":"https:\/\/spbielsk.pl\/index.php?rest_route=\/wp\/v2\/posts\/8754","targetHints":{"allow":["GET"]}}],"collection":[{"href":"https:\/\/spbielsk.pl\/index.php?rest_route=\/wp\/v2\/posts"}],"about":[{"href":"https:\/\/spbielsk.pl\/index.php?rest_route=\/wp\/v2\/types\/post"}],"author":[{"embeddable":true,"href":"https:\/\/spbielsk.pl\/index.php?rest_route=\/wp\/v2\/users\/1"}],"replies":[{"embeddable":true,"href":"https:\/\/spbielsk.pl\/index.php?rest_route=%2Fwp%2Fv2%2Fcomments&post=8754"}],"version-history":[{"count":2,"href":"https:\/\/spbielsk.pl\/index.php?rest_route=\/wp\/v2\/posts\/8754\/revisions"}],"predecessor-version":[{"id":8757,"href":"https:\/\/spbielsk.pl\/index.php?rest_route=\/wp\/v2\/posts\/8754\/revisions\/8757"}],"wp:featuredmedia":[{"embeddable":true,"href":"https:\/\/spbielsk.pl\/index.php?rest_route=\/wp\/v2\/media\/8755"}],"wp:attachment":[{"href":"https:\/\/spbielsk.pl\/index.php?rest_route=%2Fwp%2Fv2%2Fmedia&parent=8754"}],"wp:term":[{"taxonomy":"category","embeddable":true,"href":"https:\/\/spbielsk.pl\/index.php?rest_route=%2Fwp%2Fv2%2Fcategories&post=8754"},{"taxonomy":"post_tag","embeddable":true,"href":"https:\/\/spbielsk.pl\/index.php?rest_route=%2Fwp%2Fv2%2Ftags&post=8754"}],"curies":[{"name":"wp","href":"https:\/\/api.w.org\/{rel}","templated":true}]}}