{"id":8738,"date":"2024-04-02T07:52:20","date_gmt":"2024-04-02T06:52:20","guid":{"rendered":"http:\/\/spbielsk.pl\/?p=8738"},"modified":"2024-04-08T07:54:34","modified_gmt":"2024-04-08T06:54:34","slug":"xxxvii-edycja-konkursu-moj-las","status":"publish","type":"post","link":"https:\/\/spbielsk.pl\/?p=8738","title":{"rendered":"XXXVII EDYCJA KONKURSU &#8222;M\u00d3J LAS&#8221;"},"content":{"rendered":"\n<div class=\"x11i5rnm xat24cr x1mh8g0r x1vvkbs xtlvy1s x126k92a\">\n<div dir=\"auto\" style=\"text-align: justify;\">W roku szkolnym 2023\/2024uczniowie naszej szko\u0142y wzi\u0119li udzia\u0142 w XXXVII edycji og\u00f3lnopolskiego konkursu &#8222;M\u00d3J LAS&#8221;. Rozstrzygany od 1986 roku konkurs cieszy si\u0119 du\u017c\u0105 popularno\u015bci\u0105 w\u015br\u00f3d uczni\u00f3w.<\/div>\n<\/div>\n<div class=\"x11i5rnm xat24cr x1mh8g0r x1vvkbs xtlvy1s x126k92a\" style=\"text-align: justify;\">\n<div dir=\"auto\">Uczestnictwo w konkursie ,,M\u00d3J LAS&#8221; ma na celu poszerzenie wiedzy przyrodniczej i ekologicznej oraz promowanie walor\u00f3w przyrodniczych i turystycznych polskich las\u00f3w.<\/div>\n<\/div>\n<div class=\"x11i5rnm xat24cr x1mh8g0r x1vvkbs xtlvy1s x126k92a\" style=\"text-align: justify;\">\n<div dir=\"auto\"><span class=\"x3nfvp2 x1j61x8r x1fcty0u xdj266r xhhsvwb xat24cr xgzva0m xxymvpz xlup9mm x1kky2od\">26 <\/span>marca w sali konferencyjnej Starostwa Powiatowego w P\u0142ocku odby\u0142o si\u0119 uroczyste podsumowanie konkursu po\u0142\u0105czone z wr\u0119czeniem nagr\u00f3d i wyr\u00f3\u017cnie\u0144 dla laureat\u00f3w. Mi\u0142o nam poinformowa\u0107, \u017ce w tym gronie znale\u017ali si\u0119 uczniowie naszej szko\u0142y.<\/div>\n<\/div>\n<div class=\"x11i5rnm xat24cr x1mh8g0r x1vvkbs xtlvy1s x126k92a\" style=\"text-align: justify;\">\n<div dir=\"auto\">Oto lista nagrodzonych:<\/div>\n<\/div>\n<p><!--more--><\/p>\n<div class=\"x11i5rnm xat24cr x1mh8g0r x1vvkbs xtlvy1s x126k92a\" style=\"text-align: justify;\">\n<div dir=\"auto\">Kategoria 1, klasy 1-<span class=\"x3nfvp2 x1j61x8r x1fcty0u xdj266r xhhsvwb xat24cr xgzva0m xxymvpz xlup9mm x1kky2od\">3<\/span><\/div>\n<div dir=\"auto\">prace na temat: &#8222;Co mo\u017cna zrobi\u0107 z drewna?&#8221;<\/div>\n<div dir=\"auto\"><span class=\"x3nfvp2 x1j61x8r x1fcty0u xdj266r xhhsvwb xat24cr xgzva0m xxymvpz xlup9mm x1kky2od\">1 <\/span>miejsce &#8211; Jan Figurski, klasa 2b<\/div>\n<div dir=\"auto\">Opiekun: p. El\u017cbieta Olecka &#8211; Mazur<\/div>\n<\/div>\n<div class=\"x11i5rnm xat24cr x1mh8g0r x1vvkbs xtlvy1s x126k92a\" style=\"text-align: justify;\">\n<div dir=\"auto\">Kategoria 2, klasy 4-<span class=\"x3nfvp2 x1j61x8r x1fcty0u xdj266r xhhsvwb xat24cr xgzva0m xxymvpz xlup9mm x1kky2od\">6<\/span><\/div>\n<div dir=\"auto\">prace na temat: &#8222;Jak powstaje las?&#8221;<\/div>\n<div dir=\"auto\"><span class=\"x3nfvp2 x1j61x8r x1fcty0u xdj266r xhhsvwb xat24cr xgzva0m xxymvpz xlup9mm x1kky2od\">1 <\/span>miejsce &#8211; Marcelina Gawi\u0144ska, klasa 5b<\/div>\n<div dir=\"auto\">wyr\u00f3\u017cnienie &#8211; Przemys\u0142aw Michalski, klasa 6a<\/div>\n<div dir=\"auto\">Opiekun: p. S\u0142awomira Banachowicz<\/div>\n<\/div>\n<div class=\"x11i5rnm xat24cr x1mh8g0r x1vvkbs xtlvy1s x126k92a\" style=\"text-align: justify;\">\n<div dir=\"auto\">Kategoria 3, klasy 7-<span class=\"x3nfvp2 x1j61x8r x1fcty0u xdj266r xhhsvwb xat24cr xgzva0m xxymvpz xlup9mm x1kky2od\">8<\/span><\/div>\n<div dir=\"auto\">prace na temat: &#8222;Sport i turystyka w lesie&#8221;<\/div>\n<div dir=\"auto\"><span class=\"x3nfvp2 x1j61x8r x1fcty0u xdj266r xhhsvwb xat24cr xgzva0m xxymvpz xlup9mm x1kky2od\">1 <\/span>miejsce &#8211; Natalia Sadowska, klasa 8a<\/div>\n<div dir=\"auto\"><span class=\"x3nfvp2 x1j61x8r x1fcty0u xdj266r xhhsvwb xat24cr xgzva0m xxymvpz xlup9mm x1kky2od\">1 <\/span>miejsce &#8211; Piotr Figurski, klasa 7a<\/div>\n<div dir=\"auto\">Opiekun: p. S\u0142awomira Banachowicz<\/div>\n<\/div>\n<div class=\"x11i5rnm xat24cr x1mh8g0r x1vvkbs xtlvy1s x126k92a\" style=\"text-align: justify;\">\n<div dir=\"auto\">Serdecznie gratulujemy laureatom i wszystkim uczestnikom konkursu<span class=\"x3nfvp2 x1j61x8r x1fcty0u xdj266r xhhsvwb xat24cr xgzva0m xxymvpz xlup9mm x1kky2od\"><img decoding=\"async\" class=\"xz74otr\" src=\"https:\/\/static.xx.fbcdn.net\/images\/emoji.php\/v9\/td7\/1.5\/16\/2757.png\" alt=\"\u2757\ufe0f\" width=\"16\" height=\"16\" \/><\/span><\/div>\n<\/div>\n<div class=\"x11i5rnm xat24cr x1mh8g0r x1vvkbs xtlvy1s x126k92a\">\n<div dir=\"auto\" style=\"text-align: justify;\">Konkurs zorganizowany zosta\u0142 przez Okr\u0119g P\u0142ocki i Oddzia\u0142 Powiatowy Ligi Ochrony Przyrody. Honorowy Patronat nad konkursem obj\u0105\u0142 <a class=\"x1i10hfl xjbqb8w x1ejq31n xd10rxx x1sy0etr x17r0tee x972fbf xcfux6l x1qhh985 xm0m39n x9f619 x1ypdohk xt0psk2 xe8uvvx xdj266r x11i5rnm xat24cr x1mh8g0r xexx8yu x4uap5 x18d9i69 xkhd6sd x16tdsg8 x1hl2dhg xggy1nq x1a2a7pz xt0b8zv x1fey0fg xo1l8bm\" tabindex=\"0\" role=\"link\" href=\"https:\/\/www.facebook.com\/profile.php?id=100063490473896&amp;__cft__[0]=AZWfWE6a3dxiLiQLl34CCgQa5NhjjNiN3NjCM4FbMaezkvYrH4N19y5L4vnJXsjJLV7cXNVQCG42o61GCPjsFe6v91TMFRPgfjv0IaU_TPupiUFPFuInLSAoTuaOKMOj9j7bH2z3hlbPWuwxTZs0sYBVExBMr5hOScxbfM-pZkU2_cf0vBnTuM8yK_BwynSHciE&amp;__tn__=-]K-R\"><span class=\"xt0psk2\">Sylwester Ziemkiewicz Starosta P\u0142ocki<\/span><\/a><\/div>\n<div dir=\"auto\" style=\"text-align: center;\">\r\n<div class=\"ngg-galleryoverview\" id=\"ngg-gallery-957-8738\">\r\n\r\n\t<!-- Slideshow link -->\r\n\t<div class=\"slideshowlink\">\r\n\t\t<a class=\"slideshowlink\" href=\"https:\/\/spbielsk.pl\/?p=8738&amp;show=slide\">\r\n\t\t\t[Show slideshow]\t\t<\/a>\r\n\t<\/div>\r\n\r\n\t\r\n\t<!-- Thumbnails -->\r\n\t\t\r\n\t<div id=\"ngg-image-25291\" class=\"ngg-gallery-thumbnail-box\"  >\r\n\t\t<div class=\"ngg-gallery-thumbnail\" >\r\n\t\t\t<a href=\"https:\/\/spbielsk.pl\/wp-content\/gallery\/moj-las-kwiecien-2024\/420199983_934607765123544_452201586081522192_n.jpg\" title=\" \"   rel=\"lightbox[8738]\">\r\n\t\t\t\t\t\t\t\t<img decoding=\"async\" title=\"420199983_934607765123544_452201586081522192_n\" alt=\"420199983_934607765123544_452201586081522192_n\" src=\"https:\/\/spbielsk.pl\/wp-content\/gallery\/moj-las-kwiecien-2024\/thumbs\/thumbs_420199983_934607765123544_452201586081522192_n.jpg\" width=\"120\" height=\"90\" \/>\r\n\t\t\t\t\t\t\t<\/a>\r\n\t\t<\/div>\r\n\t<\/div>\r\n\t\r\n\t\t\r\n \t\t\r\n\t<div id=\"ngg-image-25292\" class=\"ngg-gallery-thumbnail-box\"  >\r\n\t\t<div class=\"ngg-gallery-thumbnail\" >\r\n\t\t\t<a href=\"https:\/\/spbielsk.pl\/wp-content\/gallery\/moj-las-kwiecien-2024\/420203079_934623528455301_8674734492209528004_n.jpg\" title=\" \"   rel=\"lightbox[8738]\">\r\n\t\t\t\t\t\t\t\t<img decoding=\"async\" title=\"420203079_934623528455301_8674734492209528004_n\" alt=\"420203079_934623528455301_8674734492209528004_n\" src=\"https:\/\/spbielsk.pl\/wp-content\/gallery\/moj-las-kwiecien-2024\/thumbs\/thumbs_420203079_934623528455301_8674734492209528004_n.jpg\" width=\"120\" height=\"90\" \/>\r\n\t\t\t\t\t\t\t<\/a>\r\n\t\t<\/div>\r\n\t<\/div>\r\n\t\r\n\t\t\r\n \t\t\r\n\t<div id=\"ngg-image-25293\" class=\"ngg-gallery-thumbnail-box\"  >\r\n\t\t<div class=\"ngg-gallery-thumbnail\" >\r\n\t\t\t<a href=\"https:\/\/spbielsk.pl\/wp-content\/gallery\/moj-las-kwiecien-2024\/420203717_934607475123573_1993305682990578262_n.jpg\" title=\" \"   rel=\"lightbox[8738]\">\r\n\t\t\t\t\t\t\t\t<img loading=\"lazy\" decoding=\"async\" title=\"420203717_934607475123573_1993305682990578262_n\" alt=\"420203717_934607475123573_1993305682990578262_n\" src=\"https:\/\/spbielsk.pl\/wp-content\/gallery\/moj-las-kwiecien-2024\/thumbs\/thumbs_420203717_934607475123573_1993305682990578262_n.jpg\" width=\"120\" height=\"90\" \/>\r\n\t\t\t\t\t\t\t<\/a>\r\n\t\t<\/div>\r\n\t<\/div>\r\n\t\r\n\t\t\r\n \t\t\r\n\t<div id=\"ngg-image-25294\" class=\"ngg-gallery-thumbnail-box\"  >\r\n\t\t<div class=\"ngg-gallery-thumbnail\" >\r\n\t\t\t<a href=\"https:\/\/spbielsk.pl\/wp-content\/gallery\/moj-las-kwiecien-2024\/420213107_934607471790240_6882744787000135726_n.jpg\" title=\" \"   rel=\"lightbox[8738]\">\r\n\t\t\t\t\t\t\t\t<img loading=\"lazy\" decoding=\"async\" title=\"420213107_934607471790240_6882744787000135726_n\" alt=\"420213107_934607471790240_6882744787000135726_n\" src=\"https:\/\/spbielsk.pl\/wp-content\/gallery\/moj-las-kwiecien-2024\/thumbs\/thumbs_420213107_934607471790240_6882744787000135726_n.jpg\" width=\"120\" height=\"90\" \/>\r\n\t\t\t\t\t\t\t<\/a>\r\n\t\t<\/div>\r\n\t<\/div>\r\n\t\r\n\t\t\r\n \t\t\r\n\t<div id=\"ngg-image-25295\" class=\"ngg-gallery-thumbnail-box\"  >\r\n\t\t<div class=\"ngg-gallery-thumbnail\" >\r\n\t\t\t<a href=\"https:\/\/spbielsk.pl\/wp-content\/gallery\/moj-las-kwiecien-2024\/420252483_934607688456885_1737228320248620475_n.jpg\" title=\" \"   rel=\"lightbox[8738]\">\r\n\t\t\t\t\t\t\t\t<img loading=\"lazy\" decoding=\"async\" title=\"420252483_934607688456885_1737228320248620475_n\" alt=\"420252483_934607688456885_1737228320248620475_n\" src=\"https:\/\/spbielsk.pl\/wp-content\/gallery\/moj-las-kwiecien-2024\/thumbs\/thumbs_420252483_934607688456885_1737228320248620475_n.jpg\" width=\"120\" height=\"90\" \/>\r\n\t\t\t\t\t\t\t<\/a>\r\n\t\t<\/div>\r\n\t<\/div>\r\n\t\r\n\t\t\r\n \t\t\r\n\t<div id=\"ngg-image-25296\" class=\"ngg-gallery-thumbnail-box\"  >\r\n\t\t<div class=\"ngg-gallery-thumbnail\" >\r\n\t\t\t<a href=\"https:\/\/spbielsk.pl\/wp-content\/gallery\/moj-las-kwiecien-2024\/420527251_934607581790229_863350610882336492_n.jpg\" title=\" \"   rel=\"lightbox[8738]\">\r\n\t\t\t\t\t\t\t\t<img loading=\"lazy\" decoding=\"async\" title=\"420527251_934607581790229_863350610882336492_n\" alt=\"420527251_934607581790229_863350610882336492_n\" src=\"https:\/\/spbielsk.pl\/wp-content\/gallery\/moj-las-kwiecien-2024\/thumbs\/thumbs_420527251_934607581790229_863350610882336492_n.jpg\" width=\"120\" height=\"90\" \/>\r\n\t\t\t\t\t\t\t<\/a>\r\n\t\t<\/div>\r\n\t<\/div>\r\n\t\r\n\t\t\r\n \t\t\r\n\t<div id=\"ngg-image-25297\" class=\"ngg-gallery-thumbnail-box\"  >\r\n\t\t<div class=\"ngg-gallery-thumbnail\" >\r\n\t\t\t<a href=\"https:\/\/spbielsk.pl\/wp-content\/gallery\/moj-las-kwiecien-2024\/420531773_934607821790205_9169385793297562747_n.jpg\" title=\" \"   rel=\"lightbox[8738]\">\r\n\t\t\t\t\t\t\t\t<img loading=\"lazy\" decoding=\"async\" title=\"420531773_934607821790205_9169385793297562747_n\" alt=\"420531773_934607821790205_9169385793297562747_n\" src=\"https:\/\/spbielsk.pl\/wp-content\/gallery\/moj-las-kwiecien-2024\/thumbs\/thumbs_420531773_934607821790205_9169385793297562747_n.jpg\" width=\"120\" height=\"90\" \/>\r\n\t\t\t\t\t\t\t<\/a>\r\n\t\t<\/div>\r\n\t<\/div>\r\n\t\r\n\t\t\r\n \t\t\r\n\t<div id=\"ngg-image-25298\" class=\"ngg-gallery-thumbnail-box\"  >\r\n\t\t<div class=\"ngg-gallery-thumbnail\" >\r\n\t\t\t<a href=\"https:\/\/spbielsk.pl\/wp-content\/gallery\/moj-las-kwiecien-2024\/420545697_934607558456898_5293434474617571016_n.jpg\" title=\" \"   rel=\"lightbox[8738]\">\r\n\t\t\t\t\t\t\t\t<img loading=\"lazy\" decoding=\"async\" title=\"420545697_934607558456898_5293434474617571016_n\" alt=\"420545697_934607558456898_5293434474617571016_n\" src=\"https:\/\/spbielsk.pl\/wp-content\/gallery\/moj-las-kwiecien-2024\/thumbs\/thumbs_420545697_934607558456898_5293434474617571016_n.jpg\" width=\"120\" height=\"90\" \/>\r\n\t\t\t\t\t\t\t<\/a>\r\n\t\t<\/div>\r\n\t<\/div>\r\n\t\r\n\t\t\r\n \t\t\r\n\t<div id=\"ngg-image-25299\" class=\"ngg-gallery-thumbnail-box\"  >\r\n\t\t<div class=\"ngg-gallery-thumbnail\" >\r\n\t\t\t<a href=\"https:\/\/spbielsk.pl\/wp-content\/gallery\/moj-las-kwiecien-2024\/420546585_934607468456907_6538444319392899701_n.jpg\" title=\" \"   rel=\"lightbox[8738]\">\r\n\t\t\t\t\t\t\t\t<img loading=\"lazy\" decoding=\"async\" title=\"420546585_934607468456907_6538444319392899701_n\" alt=\"420546585_934607468456907_6538444319392899701_n\" src=\"https:\/\/spbielsk.pl\/wp-content\/gallery\/moj-las-kwiecien-2024\/thumbs\/thumbs_420546585_934607468456907_6538444319392899701_n.jpg\" width=\"120\" height=\"90\" \/>\r\n\t\t\t\t\t\t\t<\/a>\r\n\t\t<\/div>\r\n\t<\/div>\r\n\t\r\n\t\t\r\n \t\t\r\n\t<div id=\"ngg-image-25300\" class=\"ngg-gallery-thumbnail-box\"  >\r\n\t\t<div class=\"ngg-gallery-thumbnail\" >\r\n\t\t\t<a href=\"https:\/\/spbielsk.pl\/wp-content\/gallery\/moj-las-kwiecien-2024\/420798785_934607731790214_8665011133291262388_n.jpg\" title=\" \"   rel=\"lightbox[8738]\">\r\n\t\t\t\t\t\t\t\t<img loading=\"lazy\" decoding=\"async\" title=\"420798785_934607731790214_8665011133291262388_n\" alt=\"420798785_934607731790214_8665011133291262388_n\" src=\"https:\/\/spbielsk.pl\/wp-content\/gallery\/moj-las-kwiecien-2024\/thumbs\/thumbs_420798785_934607731790214_8665011133291262388_n.jpg\" width=\"120\" height=\"90\" \/>\r\n\t\t\t\t\t\t\t<\/a>\r\n\t\t<\/div>\r\n\t<\/div>\r\n\t\r\n\t\t\r\n \t\t\r\n\t<div id=\"ngg-image-25301\" class=\"ngg-gallery-thumbnail-box\"  >\r\n\t\t<div class=\"ngg-gallery-thumbnail\" >\r\n\t\t\t<a href=\"https:\/\/spbielsk.pl\/wp-content\/gallery\/moj-las-kwiecien-2024\/434584799_934607538456900_2277976830964931229_n.jpg\" title=\" \"   rel=\"lightbox[8738]\">\r\n\t\t\t\t\t\t\t\t<img loading=\"lazy\" decoding=\"async\" title=\"434584799_934607538456900_2277976830964931229_n\" alt=\"434584799_934607538456900_2277976830964931229_n\" src=\"https:\/\/spbielsk.pl\/wp-content\/gallery\/moj-las-kwiecien-2024\/thumbs\/thumbs_434584799_934607538456900_2277976830964931229_n.jpg\" width=\"120\" height=\"90\" \/>\r\n\t\t\t\t\t\t\t<\/a>\r\n\t\t<\/div>\r\n\t<\/div>\r\n\t\r\n\t\t\r\n \t \t\r\n\t<!-- Pagination -->\r\n \t<div class='ngg-clear'><\/div>\n \t\r\n<\/div>\r\n\r\n<\/div>\n<div dir=\"auto\" style=\"text-align: center;\"><em>Zdj\u0119cia: Starostwo Powiatowe w P\u0142ocku<\/em><\/div>\n<\/div>\n","protected":false},"excerpt":{"rendered":"<p>W roku szkolnym 2023\/2024uczniowie naszej szko\u0142y wzi\u0119li udzia\u0142 w XXXVII edycji og\u00f3lnopolskiego konkursu &#8222;M\u00d3J LAS&#8221;. Rozstrzygany od 1986 roku konkurs cieszy si\u0119 du\u017c\u0105 popularno\u015bci\u0105 w\u015br\u00f3d uczni\u00f3w. Uczestnictwo w konkursie ,,M\u00d3J LAS&#8221; ma na celu poszerzenie wiedzy przyrodniczej i ekologicznej oraz promowanie walor\u00f3w przyrodniczych i turystycznych polskich las\u00f3w. 26 marca w sali konferencyjnej Starostwa Powiatowego w [&hellip;]<\/p>\n","protected":false},"author":1,"featured_media":2330,"comment_status":"closed","ping_status":"closed","sticky":false,"template":"","format":"standard","meta":{"footnotes":""},"categories":[5],"tags":[],"class_list":["post-8738","post","type-post","status-publish","format-standard","has-post-thumbnail","hentry","category-s-p-bielsk"],"_links":{"self":[{"href":"https:\/\/spbielsk.pl\/index.php?rest_route=\/wp\/v2\/posts\/8738","targetHints":{"allow":["GET"]}}],"collection":[{"href":"https:\/\/spbielsk.pl\/index.php?rest_route=\/wp\/v2\/posts"}],"about":[{"href":"https:\/\/spbielsk.pl\/index.php?rest_route=\/wp\/v2\/types\/post"}],"author":[{"embeddable":true,"href":"https:\/\/spbielsk.pl\/index.php?rest_route=\/wp\/v2\/users\/1"}],"replies":[{"embeddable":true,"href":"https:\/\/spbielsk.pl\/index.php?rest_route=%2Fwp%2Fv2%2Fcomments&post=8738"}],"version-history":[{"count":2,"href":"https:\/\/spbielsk.pl\/index.php?rest_route=\/wp\/v2\/posts\/8738\/revisions"}],"predecessor-version":[{"id":8740,"href":"https:\/\/spbielsk.pl\/index.php?rest_route=\/wp\/v2\/posts\/8738\/revisions\/8740"}],"wp:featuredmedia":[{"embeddable":true,"href":"https:\/\/spbielsk.pl\/index.php?rest_route=\/wp\/v2\/media\/2330"}],"wp:attachment":[{"href":"https:\/\/spbielsk.pl\/index.php?rest_route=%2Fwp%2Fv2%2Fmedia&parent=8738"}],"wp:term":[{"taxonomy":"category","embeddable":true,"href":"https:\/\/spbielsk.pl\/index.php?rest_route=%2Fwp%2Fv2%2Fcategories&post=8738"},{"taxonomy":"post_tag","embeddable":true,"href":"https:\/\/spbielsk.pl\/index.php?rest_route=%2Fwp%2Fv2%2Ftags&post=8738"}],"curies":[{"name":"wp","href":"https:\/\/api.w.org\/{rel}","templated":true}]}}