{"id":8660,"date":"2024-03-07T11:30:42","date_gmt":"2024-03-07T10:30:42","guid":{"rendered":"http:\/\/spbielsk.pl\/?p=8660"},"modified":"2024-03-07T11:30:43","modified_gmt":"2024-03-07T10:30:43","slug":"swietuj-dzien-kobiet-z-samorzadem-uczniowskim","status":"publish","type":"post","link":"https:\/\/spbielsk.pl\/?p=8660","title":{"rendered":"\u015aWI\u0118TUJ DZIE\u0143 KOBIET Z SAMORZ\u0104DEM UCZNIOWSKIM!"},"content":{"rendered":"\n<p style=\"text-align: center;\"><a href=\"http:\/\/spbielsk.pl\/wp-content\/uploads\/2024\/03\/430028827_916483526935968_2243828013752771490_n.jpg\" rel=\"lightbox[8660]\"><img fetchpriority=\"high\" decoding=\"async\" class=\"aligncenter wp-image-8661 size-medium\" src=\"http:\/\/spbielsk.pl\/wp-content\/uploads\/2024\/03\/430028827_916483526935968_2243828013752771490_n-212x300.jpg\" alt=\"\" width=\"212\" height=\"300\" srcset=\"https:\/\/spbielsk.pl\/wp-content\/uploads\/2024\/03\/430028827_916483526935968_2243828013752771490_n-212x300.jpg 212w, https:\/\/spbielsk.pl\/wp-content\/uploads\/2024\/03\/430028827_916483526935968_2243828013752771490_n.jpg 724w\" sizes=\"(max-width: 212px) 100vw, 212px\" \/><\/a><\/p>\n","protected":false},"excerpt":{"rendered":"","protected":false},"author":1,"featured_media":0,"comment_status":"closed","ping_status":"closed","sticky":false,"template":"","format":"standard","meta":{"footnotes":""},"categories":[5],"tags":[],"class_list":["post-8660","post","type-post","status-publish","format-standard","hentry","category-s-p-bielsk"],"_links":{"self":[{"href":"https:\/\/spbielsk.pl\/index.php?rest_route=\/wp\/v2\/posts\/8660","targetHints":{"allow":["GET"]}}],"collection":[{"href":"https:\/\/spbielsk.pl\/index.php?rest_route=\/wp\/v2\/posts"}],"about":[{"href":"https:\/\/spbielsk.pl\/index.php?rest_route=\/wp\/v2\/types\/post"}],"author":[{"embeddable":true,"href":"https:\/\/spbielsk.pl\/index.php?rest_route=\/wp\/v2\/users\/1"}],"replies":[{"embeddable":true,"href":"https:\/\/spbielsk.pl\/index.php?rest_route=%2Fwp%2Fv2%2Fcomments&post=8660"}],"version-history":[{"count":1,"href":"https:\/\/spbielsk.pl\/index.php?rest_route=\/wp\/v2\/posts\/8660\/revisions"}],"predecessor-version":[{"id":8662,"href":"https:\/\/spbielsk.pl\/index.php?rest_route=\/wp\/v2\/posts\/8660\/revisions\/8662"}],"wp:attachment":[{"href":"https:\/\/spbielsk.pl\/index.php?rest_route=%2Fwp%2Fv2%2Fmedia&parent=8660"}],"wp:term":[{"taxonomy":"category","embeddable":true,"href":"https:\/\/spbielsk.pl\/index.php?rest_route=%2Fwp%2Fv2%2Fcategories&post=8660"},{"taxonomy":"post_tag","embeddable":true,"href":"https:\/\/spbielsk.pl\/index.php?rest_route=%2Fwp%2Fv2%2Ftags&post=8660"}],"curies":[{"name":"wp","href":"https:\/\/api.w.org\/{rel}","templated":true}]}}