{"id":8642,"date":"2024-02-29T14:39:47","date_gmt":"2024-02-29T13:39:47","guid":{"rendered":"http:\/\/spbielsk.pl\/?p=8642"},"modified":"2024-02-29T14:39:48","modified_gmt":"2024-02-29T13:39:48","slug":"xxx-dekanalny-konkurs-biblijny-dla-uczniow-klas-v-viii-szkoly-podstawowej","status":"publish","type":"post","link":"https:\/\/spbielsk.pl\/?p=8642","title":{"rendered":"XXX \u00a0DEKANALNY\u00a0 KONKURS \u00a0BIBLIJNY dla uczni\u00f3w klas V-VIII szko\u0142y podstawowej"},"content":{"rendered":"\n<p style=\"text-align: center;\"><strong>Temat konkursu:\u00a0Pocz\u0105tki Rozwoju Ko\u015bcio\u0142a \u2013 Dzieje Apostolskie.<\/strong><\/p>\n<p>28.02.2024 r. w Starych Proboszczewicach\u00a0 odby\u0142 si\u0119 dekanalny etap XXX Konkursu\u00a0 Biblijnego dla uczni\u00f3w klas V \u2013 VIII. Nasz\u0105\u00a0\u00a0 szko\u0142\u0119 i parafi\u0119\u00a0 reprezentowa\u0142\u00a0 Przemys\u0142aw Michalski\u00a0\u00a0 ucze\u0144 \u00a0klasy kl.6a.\u00a0 Przemek\u00a0 po te\u015bcie pisemnym uzyska\u0142\u00a0 najlepszy wynik,\u00a0 zajmuj\u0105c\u00a0 I miejsce i tym samym zakwalifikowa\u0142 si\u0119 do etapu diecezjalnego w\/w konkursu. W etapie diecezjalnym Przemys\u0142aw b\u0119dzie\u00a0 reprezentowa\u0142\u00a0 dekanat\u00a0 bielski.<\/p>\n<p style=\"text-align: center;\"><!--more--><\/p>\n<p style=\"text-align: center;\">\r\n<div class=\"ngg-galleryoverview\" id=\"ngg-gallery-943-8642\">\r\n\r\n\t<!-- Slideshow link -->\r\n\t<div class=\"slideshowlink\">\r\n\t\t<a class=\"slideshowlink\" href=\"https:\/\/spbielsk.pl\/?p=8642&amp;show=slide\">\r\n\t\t\t[Show slideshow]\t\t<\/a>\r\n\t<\/div>\r\n\r\n\t\r\n\t<!-- Thumbnails -->\r\n\t\t\r\n\t<div id=\"ngg-image-24926\" class=\"ngg-gallery-thumbnail-box\"  >\r\n\t\t<div class=\"ngg-gallery-thumbnail\" >\r\n\t\t\t<a href=\"https:\/\/spbielsk.pl\/wp-content\/gallery\/konkurs-biblijny-luty-2023\/img_2136.jpg\" title=\" \"   rel=\"lightbox[8642]\">\r\n\t\t\t\t\t\t\t\t<img decoding=\"async\" title=\"img_2136\" alt=\"img_2136\" src=\"https:\/\/spbielsk.pl\/wp-content\/gallery\/konkurs-biblijny-luty-2023\/thumbs\/thumbs_img_2136.jpg\" width=\"120\" height=\"90\" \/>\r\n\t\t\t\t\t\t\t<\/a>\r\n\t\t<\/div>\r\n\t<\/div>\r\n\t\r\n\t\t\r\n \t\t\r\n\t<div id=\"ngg-image-24927\" class=\"ngg-gallery-thumbnail-box\"  >\r\n\t\t<div class=\"ngg-gallery-thumbnail\" >\r\n\t\t\t<a href=\"https:\/\/spbielsk.pl\/wp-content\/gallery\/konkurs-biblijny-luty-2023\/img_2138.jpg\" title=\" \"   rel=\"lightbox[8642]\">\r\n\t\t\t\t\t\t\t\t<img decoding=\"async\" title=\"img_2138\" alt=\"img_2138\" src=\"https:\/\/spbielsk.pl\/wp-content\/gallery\/konkurs-biblijny-luty-2023\/thumbs\/thumbs_img_2138.jpg\" width=\"120\" height=\"90\" \/>\r\n\t\t\t\t\t\t\t<\/a>\r\n\t\t<\/div>\r\n\t<\/div>\r\n\t\r\n\t\t\r\n \t\t\r\n\t<div id=\"ngg-image-24928\" class=\"ngg-gallery-thumbnail-box\"  >\r\n\t\t<div class=\"ngg-gallery-thumbnail\" >\r\n\t\t\t<a href=\"https:\/\/spbielsk.pl\/wp-content\/gallery\/konkurs-biblijny-luty-2023\/img_2151.jpg\" title=\" \"   rel=\"lightbox[8642]\">\r\n\t\t\t\t\t\t\t\t<img decoding=\"async\" title=\"img_2151\" alt=\"img_2151\" src=\"https:\/\/spbielsk.pl\/wp-content\/gallery\/konkurs-biblijny-luty-2023\/thumbs\/thumbs_img_2151.jpg\" width=\"120\" height=\"90\" \/>\r\n\t\t\t\t\t\t\t<\/a>\r\n\t\t<\/div>\r\n\t<\/div>\r\n\t\r\n\t\t\r\n \t \t\r\n\t<!-- Pagination -->\r\n \t<div class='ngg-clear'><\/div>\n \t\r\n<\/div>\r\n\r\n<\/p>\n<p style=\"text-align: right;\">Gratulujemy i \u017cyczymy dalszych sukces\u00f3w!<\/p>\n<p style=\"text-align: right;\">\u00a0A.M Maruszewska<\/p>\n","protected":false},"excerpt":{"rendered":"<p>Temat konkursu:\u00a0Pocz\u0105tki Rozwoju Ko\u015bcio\u0142a \u2013 Dzieje Apostolskie. 28.02.2024 r. w Starych Proboszczewicach\u00a0 odby\u0142 si\u0119 dekanalny etap XXX Konkursu\u00a0 Biblijnego dla uczni\u00f3w klas V \u2013 VIII. Nasz\u0105\u00a0\u00a0 szko\u0142\u0119 i parafi\u0119\u00a0 reprezentowa\u0142\u00a0 Przemys\u0142aw Michalski\u00a0\u00a0 ucze\u0144 \u00a0klasy kl.6a.\u00a0 Przemek\u00a0 po te\u015bcie pisemnym uzyska\u0142\u00a0 najlepszy wynik,\u00a0 zajmuj\u0105c\u00a0 I miejsce i tym samym zakwalifikowa\u0142 si\u0119 do etapu diecezjalnego w\/w konkursu. [&hellip;]<\/p>\n","protected":false},"author":1,"featured_media":8643,"comment_status":"closed","ping_status":"closed","sticky":false,"template":"","format":"standard","meta":{"footnotes":""},"categories":[5],"tags":[],"class_list":["post-8642","post","type-post","status-publish","format-standard","has-post-thumbnail","hentry","category-s-p-bielsk"],"_links":{"self":[{"href":"https:\/\/spbielsk.pl\/index.php?rest_route=\/wp\/v2\/posts\/8642","targetHints":{"allow":["GET"]}}],"collection":[{"href":"https:\/\/spbielsk.pl\/index.php?rest_route=\/wp\/v2\/posts"}],"about":[{"href":"https:\/\/spbielsk.pl\/index.php?rest_route=\/wp\/v2\/types\/post"}],"author":[{"embeddable":true,"href":"https:\/\/spbielsk.pl\/index.php?rest_route=\/wp\/v2\/users\/1"}],"replies":[{"embeddable":true,"href":"https:\/\/spbielsk.pl\/index.php?rest_route=%2Fwp%2Fv2%2Fcomments&post=8642"}],"version-history":[{"count":1,"href":"https:\/\/spbielsk.pl\/index.php?rest_route=\/wp\/v2\/posts\/8642\/revisions"}],"predecessor-version":[{"id":8644,"href":"https:\/\/spbielsk.pl\/index.php?rest_route=\/wp\/v2\/posts\/8642\/revisions\/8644"}],"wp:featuredmedia":[{"embeddable":true,"href":"https:\/\/spbielsk.pl\/index.php?rest_route=\/wp\/v2\/media\/8643"}],"wp:attachment":[{"href":"https:\/\/spbielsk.pl\/index.php?rest_route=%2Fwp%2Fv2%2Fmedia&parent=8642"}],"wp:term":[{"taxonomy":"category","embeddable":true,"href":"https:\/\/spbielsk.pl\/index.php?rest_route=%2Fwp%2Fv2%2Fcategories&post=8642"},{"taxonomy":"post_tag","embeddable":true,"href":"https:\/\/spbielsk.pl\/index.php?rest_route=%2Fwp%2Fv2%2Ftags&post=8642"}],"curies":[{"name":"wp","href":"https:\/\/api.w.org\/{rel}","templated":true}]}}