{"id":8618,"date":"2024-02-25T11:37:43","date_gmt":"2024-02-25T10:37:43","guid":{"rendered":"http:\/\/spbielsk.pl\/?p=8618"},"modified":"2024-02-25T11:37:44","modified_gmt":"2024-02-25T10:37:44","slug":"jezyk-polski-lubie-go","status":"publish","type":"post","link":"https:\/\/spbielsk.pl\/?p=8618","title":{"rendered":"J\u0118ZYK POLSKI &#8211; LUBI\u0118 GO!"},"content":{"rendered":"\n<p style=\"text-align: justify;\"><span class=\"x193iq5w xeuugli x13faqbe x1vvkbs x1xmvt09 x1lliihq x1s928wv xhkezso x1gmr53x x1cpjm7i x1fgarty x1943h6x xudqn12 x3x7a5m x6prxxf xvq8zen xo1l8bm xzsf02u x1yc453h\" dir=\"auto\">21 lutego uczniowie kl. VI b i VI c zaanga\u017cowali si\u0119 w szkolne obchody Mi\u0119dzynarodowego Dnia J\u0119zyka Ojczystego. Z tej okazji przygotowano gazetk\u0119 oraz przeprowadzono zaj\u0119cia okoliczno\u015bciowe. W kl. VI b by\u0142a to lekcja otwarta na temat ,,Uczymy si\u0119 goda\u0107&#8221;, natomiast VIc wzi\u0119\u0142a udzia\u0142 w dyskusji ,,Najnowsze zjawiska j\u0119zykowe i wyrazy modne w polszczy\u017anie XXI wieku.&#8221;<\/span><\/p>\n<p style=\"text-align: center;\"><!--more--><\/p>\n<p style=\"text-align: center;\">\r\n<div class=\"ngg-galleryoverview\" id=\"ngg-gallery-939-8618\">\r\n\r\n\t<!-- Slideshow link -->\r\n\t<div class=\"slideshowlink\">\r\n\t\t<a class=\"slideshowlink\" href=\"https:\/\/spbielsk.pl\/?p=8618&amp;show=slide\">\r\n\t\t\t[Show slideshow]\t\t<\/a>\r\n\t<\/div>\r\n\r\n\t\r\n\t<!-- Thumbnails -->\r\n\t\t\r\n\t<div id=\"ngg-image-24896\" class=\"ngg-gallery-thumbnail-box\"  >\r\n\t\t<div class=\"ngg-gallery-thumbnail\" >\r\n\t\t\t<a href=\"https:\/\/spbielsk.pl\/wp-content\/gallery\/j-polski-lubie-to-luty-2024\/429673284_910528664198121_7430050221487808419_n.jpg\" title=\" \"   rel=\"lightbox[8618]\">\r\n\t\t\t\t\t\t\t\t<img decoding=\"async\" title=\"429673284_910528664198121_7430050221487808419_n\" alt=\"429673284_910528664198121_7430050221487808419_n\" src=\"https:\/\/spbielsk.pl\/wp-content\/gallery\/j-polski-lubie-to-luty-2024\/thumbs\/thumbs_429673284_910528664198121_7430050221487808419_n.jpg\" width=\"120\" height=\"90\" \/>\r\n\t\t\t\t\t\t\t<\/a>\r\n\t\t<\/div>\r\n\t<\/div>\r\n\t\r\n\t\t\r\n \t\t\r\n\t<div id=\"ngg-image-24897\" class=\"ngg-gallery-thumbnail-box\"  >\r\n\t\t<div class=\"ngg-gallery-thumbnail\" >\r\n\t\t\t<a href=\"https:\/\/spbielsk.pl\/wp-content\/gallery\/j-polski-lubie-to-luty-2024\/429673664_910528647531456_3383823656360719537_n.jpg\" title=\" \"   rel=\"lightbox[8618]\">\r\n\t\t\t\t\t\t\t\t<img decoding=\"async\" title=\"429673664_910528647531456_3383823656360719537_n\" alt=\"429673664_910528647531456_3383823656360719537_n\" src=\"https:\/\/spbielsk.pl\/wp-content\/gallery\/j-polski-lubie-to-luty-2024\/thumbs\/thumbs_429673664_910528647531456_3383823656360719537_n.jpg\" width=\"120\" height=\"90\" \/>\r\n\t\t\t\t\t\t\t<\/a>\r\n\t\t<\/div>\r\n\t<\/div>\r\n\t\r\n\t\t\r\n \t\t\r\n\t<div id=\"ngg-image-24898\" class=\"ngg-gallery-thumbnail-box\"  >\r\n\t\t<div class=\"ngg-gallery-thumbnail\" >\r\n\t\t\t<a href=\"https:\/\/spbielsk.pl\/wp-content\/gallery\/j-polski-lubie-to-luty-2024\/429768678_910528857531435_5317313035066469793_n.jpg\" title=\" \"   rel=\"lightbox[8618]\">\r\n\t\t\t\t\t\t\t\t<img decoding=\"async\" title=\"429768678_910528857531435_5317313035066469793_n\" alt=\"429768678_910528857531435_5317313035066469793_n\" src=\"https:\/\/spbielsk.pl\/wp-content\/gallery\/j-polski-lubie-to-luty-2024\/thumbs\/thumbs_429768678_910528857531435_5317313035066469793_n.jpg\" width=\"120\" height=\"90\" \/>\r\n\t\t\t\t\t\t\t<\/a>\r\n\t\t<\/div>\r\n\t<\/div>\r\n\t\r\n\t\t\r\n \t\t\r\n\t<div id=\"ngg-image-24899\" class=\"ngg-gallery-thumbnail-box\"  >\r\n\t\t<div class=\"ngg-gallery-thumbnail\" >\r\n\t\t\t<a href=\"https:\/\/spbielsk.pl\/wp-content\/gallery\/j-polski-lubie-to-luty-2024\/429779440_910528687531452_2509791102459337271_n.jpg\" title=\" \"   rel=\"lightbox[8618]\">\r\n\t\t\t\t\t\t\t\t<img loading=\"lazy\" decoding=\"async\" title=\"429779440_910528687531452_2509791102459337271_n\" alt=\"429779440_910528687531452_2509791102459337271_n\" src=\"https:\/\/spbielsk.pl\/wp-content\/gallery\/j-polski-lubie-to-luty-2024\/thumbs\/thumbs_429779440_910528687531452_2509791102459337271_n.jpg\" width=\"120\" height=\"90\" \/>\r\n\t\t\t\t\t\t\t<\/a>\r\n\t\t<\/div>\r\n\t<\/div>\r\n\t\r\n\t\t\r\n \t\t\r\n\t<div id=\"ngg-image-24900\" class=\"ngg-gallery-thumbnail-box\"  >\r\n\t\t<div class=\"ngg-gallery-thumbnail\" >\r\n\t\t\t<a href=\"https:\/\/spbielsk.pl\/wp-content\/gallery\/j-polski-lubie-to-luty-2024\/429837110_910528767531444_3509078067232801938_n.jpg\" title=\" \"   rel=\"lightbox[8618]\">\r\n\t\t\t\t\t\t\t\t<img loading=\"lazy\" decoding=\"async\" title=\"429837110_910528767531444_3509078067232801938_n\" alt=\"429837110_910528767531444_3509078067232801938_n\" src=\"https:\/\/spbielsk.pl\/wp-content\/gallery\/j-polski-lubie-to-luty-2024\/thumbs\/thumbs_429837110_910528767531444_3509078067232801938_n.jpg\" width=\"120\" height=\"90\" \/>\r\n\t\t\t\t\t\t\t<\/a>\r\n\t\t<\/div>\r\n\t<\/div>\r\n\t\r\n\t\t\r\n \t\t\r\n\t<div id=\"ngg-image-24901\" class=\"ngg-gallery-thumbnail-box\"  >\r\n\t\t<div class=\"ngg-gallery-thumbnail\" >\r\n\t\t\t<a href=\"https:\/\/spbielsk.pl\/wp-content\/gallery\/j-polski-lubie-to-luty-2024\/429881163_910528740864780_4611975864884443133_n.jpg\" title=\" \"   rel=\"lightbox[8618]\">\r\n\t\t\t\t\t\t\t\t<img loading=\"lazy\" decoding=\"async\" title=\"429881163_910528740864780_4611975864884443133_n\" alt=\"429881163_910528740864780_4611975864884443133_n\" src=\"https:\/\/spbielsk.pl\/wp-content\/gallery\/j-polski-lubie-to-luty-2024\/thumbs\/thumbs_429881163_910528740864780_4611975864884443133_n.jpg\" width=\"120\" height=\"90\" \/>\r\n\t\t\t\t\t\t\t<\/a>\r\n\t\t<\/div>\r\n\t<\/div>\r\n\t\r\n\t\t\r\n \t \t\r\n\t<!-- Pagination -->\r\n \t<div class='ngg-clear'><\/div>\n \t\r\n<\/div>\r\n\r\n<\/p>\n","protected":false},"excerpt":{"rendered":"<p>21 lutego uczniowie kl. VI b i VI c zaanga\u017cowali si\u0119 w szkolne obchody Mi\u0119dzynarodowego Dnia J\u0119zyka Ojczystego. Z tej okazji przygotowano gazetk\u0119 oraz przeprowadzono zaj\u0119cia okoliczno\u015bciowe. W kl. VI b by\u0142a to lekcja otwarta na temat ,,Uczymy si\u0119 goda\u0107&#8221;, natomiast VIc wzi\u0119\u0142a udzia\u0142 w dyskusji ,,Najnowsze zjawiska j\u0119zykowe i wyrazy modne w polszczy\u017anie XXI [&hellip;]<\/p>\n","protected":false},"author":1,"featured_media":8619,"comment_status":"closed","ping_status":"closed","sticky":false,"template":"","format":"standard","meta":{"footnotes":""},"categories":[5],"tags":[],"class_list":["post-8618","post","type-post","status-publish","format-standard","has-post-thumbnail","hentry","category-s-p-bielsk"],"_links":{"self":[{"href":"https:\/\/spbielsk.pl\/index.php?rest_route=\/wp\/v2\/posts\/8618","targetHints":{"allow":["GET"]}}],"collection":[{"href":"https:\/\/spbielsk.pl\/index.php?rest_route=\/wp\/v2\/posts"}],"about":[{"href":"https:\/\/spbielsk.pl\/index.php?rest_route=\/wp\/v2\/types\/post"}],"author":[{"embeddable":true,"href":"https:\/\/spbielsk.pl\/index.php?rest_route=\/wp\/v2\/users\/1"}],"replies":[{"embeddable":true,"href":"https:\/\/spbielsk.pl\/index.php?rest_route=%2Fwp%2Fv2%2Fcomments&post=8618"}],"version-history":[{"count":1,"href":"https:\/\/spbielsk.pl\/index.php?rest_route=\/wp\/v2\/posts\/8618\/revisions"}],"predecessor-version":[{"id":8620,"href":"https:\/\/spbielsk.pl\/index.php?rest_route=\/wp\/v2\/posts\/8618\/revisions\/8620"}],"wp:featuredmedia":[{"embeddable":true,"href":"https:\/\/spbielsk.pl\/index.php?rest_route=\/wp\/v2\/media\/8619"}],"wp:attachment":[{"href":"https:\/\/spbielsk.pl\/index.php?rest_route=%2Fwp%2Fv2%2Fmedia&parent=8618"}],"wp:term":[{"taxonomy":"category","embeddable":true,"href":"https:\/\/spbielsk.pl\/index.php?rest_route=%2Fwp%2Fv2%2Fcategories&post=8618"},{"taxonomy":"post_tag","embeddable":true,"href":"https:\/\/spbielsk.pl\/index.php?rest_route=%2Fwp%2Fv2%2Ftags&post=8618"}],"curies":[{"name":"wp","href":"https:\/\/api.w.org\/{rel}","templated":true}]}}