{"id":8611,"date":"2024-02-23T11:16:34","date_gmt":"2024-02-23T10:16:34","guid":{"rendered":"http:\/\/spbielsk.pl\/?p=8611"},"modified":"2024-02-23T11:16:35","modified_gmt":"2024-02-23T10:16:35","slug":"projekt-eko-transport","status":"publish","type":"post","link":"https:\/\/spbielsk.pl\/?p=8611","title":{"rendered":"Projekt Eko Transport"},"content":{"rendered":"\n<p style=\"text-align: justify;\">W \u015brod\u0119 21 lutego w naszej szkole odby\u0142o si\u0119 spotkanie z uczniami p\u0142ockiego \u201eElektryka\u201d, kt\u00f3rzy w ramach og\u00f3lnopolskiej olimpiady \u201eZwolnionych z Teorii\u201d realizuj\u0105 projekt zatytu\u0142owany \u201eProjekt Eko Transport\u201d. Kierownikiem przedsi\u0119wzi\u0119cia jest absolwent naszej szko\u0142y \u2013 Mariusz Pietrzak, a opr\u00f3cz niego w prac\u0119 nad projektem anga\u017cuj\u0105 si\u0119: Fabian Szafra\u0144ski, Mateusz Borowski i Oscar P\u0119dzikowski, opiekunami przedsi\u0119wzi\u0119cia s\u0105 panie: \u00a0Ewa Wi\u015bniewska i Aleksandra Zagroba.<br \/>G\u0142\u00f3wnym celem projektu jest ch\u0119\u0107 uruchomienia linii autobusowej z Bielska do P\u0142ocka w weekend. R\u00f3wnorz\u0119dnym celem jest promocja transportu publicznego i przekonanie spo\u0142ecze\u0144stwa, \u017ce mo\u017cna z niego korzysta\u0107 i nie polega\u0107 tylko na prywatnym samochodzie.<\/p>\n<p style=\"text-align: center;\"><!--more--><\/p>\n<blockquote>\n<p>&#8222;Wyst\u0105pili\u015bmy w Radiu ESKA, PetroNews oraz Tygodniku P\u0142ockim. Pom\u00f3c nam mo\u017cna, wp\u0142acaj\u0105c pieni\u0105dze na nasz\u0105 zbi\u00f3rk\u0119, zbieraj\u0105c makulatur\u0119, a tak\u017ce poprzez udost\u0119pnianie, obserwowanie i komentowanie medi\u00f3w spo\u0142eczno\u015bciowych. Mo\u017cna nas znale\u017a\u0107 na takich mediach jak: TikTok, Instagram, YouTube oraz Facebook. Wsp\u00f3\u0142pracuj\u0105 z nami Fundacja Zwolnieni z Teorii, kt\u00f3ra daje nam wsparcie w postaci platformy, szkole\u0144 oraz innych dogodno\u015bci, jak np. Certyfikat za uko\u0144czenie tego projektu. Dzi\u0119ki Zwolnionym z Teorii jeste\u015bmy w programie partnerskim &#8222;Samo rz\u0105dzi!&#8221; prowadzonym przez Fundacj\u0119 BGK. Mamy r\u00f3wnie\u017c wsparcie programu mentoringowe, kt\u00f3re pozyskali\u015bmy przez Fundacj\u0119 Zwolnieni z Teorii &#8211;\u00a0 jest to program &#8222;Mam swoje Alle!&#8221; prowadzonym przez Allegro. Wsp\u00f3\u0142pracujemy z nasz\u0105 szko\u0142\u0105 &#8222;Elektryk&#8221; w P\u0142ocku. Mamy wsparcie od ZPH &#8222;Promyk&#8221;, sk\u0105d dostali\u015bmy kr\u00f3wki na cele promocyjne oraz nagrody, kt\u00f3re mo\u017cna by\u0142o dosta\u0107 na spotkaniu. Mo\u017cna kupi\u0107 nasze torby, kt\u00f3re wespr\u0105 nasz projekt! Wi\u0119cej informacji na naszych mediach spo\u0142eczno\u015bciowych i na naszej stronie internetowej&#8221; \u2013 tak m\u00f3wi o projekcie Mariusz Pietrzak.<\/p>\n<\/blockquote>\n<p style=\"text-align: center;\">Zach\u0119camy do wsparcia projektu!<\/p>\n<p style=\"text-align: center;\"><strong><a href=\"https:\/\/sites.google.com\/view\/projekt-eko-transport\/\">&gt;&gt;&gt;Link do strony projektu&lt;&lt;&lt;<\/a><\/strong><\/p>\n<p style=\"text-align: center;\"><a href=\"https:\/\/pomagam.pl\/projektekotransport\"><strong>&gt;&gt;&gt;Link do zbi\u00f3rki&lt;&lt;&lt;<\/strong><\/a><\/p>\n<p style=\"text-align: center;\"><strong><a href=\"https:\/\/allegrolokalnie.pl\/oferta\/torba-materialowa-projekt-eko-transport\">&gt;&gt;&gt;Link do toreb&lt;&lt;&lt;<\/a><\/strong><\/p>\n<p style=\"text-align: center;\">\r\n<div class=\"ngg-galleryoverview\" id=\"ngg-gallery-938-8611\">\r\n\r\n\t<!-- Slideshow link -->\r\n\t<div class=\"slideshowlink\">\r\n\t\t<a class=\"slideshowlink\" href=\"https:\/\/spbielsk.pl\/?p=8611&amp;show=slide\">\r\n\t\t\t[Show slideshow]\t\t<\/a>\r\n\t<\/div>\r\n\r\n\t\r\n\t<!-- Thumbnails -->\r\n\t\t\r\n\t<div id=\"ngg-image-24882\" class=\"ngg-gallery-thumbnail-box\"  >\r\n\t\t<div class=\"ngg-gallery-thumbnail\" >\r\n\t\t\t<a href=\"https:\/\/spbielsk.pl\/wp-content\/gallery\/ekotrans-pietrzak-luty-2024\/img_20240221_080823798_hdr-copy.jpg\" title=\" \"   rel=\"lightbox[8611]\">\r\n\t\t\t\t\t\t\t\t<img decoding=\"async\" title=\"img_20240221_080823798_hdr-copy\" alt=\"img_20240221_080823798_hdr-copy\" src=\"https:\/\/spbielsk.pl\/wp-content\/gallery\/ekotrans-pietrzak-luty-2024\/thumbs\/thumbs_img_20240221_080823798_hdr-copy.jpg\" width=\"120\" height=\"90\" \/>\r\n\t\t\t\t\t\t\t<\/a>\r\n\t\t<\/div>\r\n\t<\/div>\r\n\t\r\n\t\t\r\n \t\t\r\n\t<div id=\"ngg-image-24883\" class=\"ngg-gallery-thumbnail-box\"  >\r\n\t\t<div class=\"ngg-gallery-thumbnail\" >\r\n\t\t\t<a href=\"https:\/\/spbielsk.pl\/wp-content\/gallery\/ekotrans-pietrzak-luty-2024\/img_20240221_080831206_hdr-copy.jpg\" title=\" \"   rel=\"lightbox[8611]\">\r\n\t\t\t\t\t\t\t\t<img decoding=\"async\" title=\"img_20240221_080831206_hdr-copy\" alt=\"img_20240221_080831206_hdr-copy\" src=\"https:\/\/spbielsk.pl\/wp-content\/gallery\/ekotrans-pietrzak-luty-2024\/thumbs\/thumbs_img_20240221_080831206_hdr-copy.jpg\" width=\"120\" height=\"90\" \/>\r\n\t\t\t\t\t\t\t<\/a>\r\n\t\t<\/div>\r\n\t<\/div>\r\n\t\r\n\t\t\r\n \t\t\r\n\t<div id=\"ngg-image-24884\" class=\"ngg-gallery-thumbnail-box\"  >\r\n\t\t<div class=\"ngg-gallery-thumbnail\" >\r\n\t\t\t<a href=\"https:\/\/spbielsk.pl\/wp-content\/gallery\/ekotrans-pietrzak-luty-2024\/img_20240221_082809448_hdr-copy.jpg\" title=\" \"   rel=\"lightbox[8611]\">\r\n\t\t\t\t\t\t\t\t<img decoding=\"async\" title=\"img_20240221_082809448_hdr-copy\" alt=\"img_20240221_082809448_hdr-copy\" src=\"https:\/\/spbielsk.pl\/wp-content\/gallery\/ekotrans-pietrzak-luty-2024\/thumbs\/thumbs_img_20240221_082809448_hdr-copy.jpg\" width=\"120\" height=\"90\" \/>\r\n\t\t\t\t\t\t\t<\/a>\r\n\t\t<\/div>\r\n\t<\/div>\r\n\t\r\n\t\t\r\n \t\t\r\n\t<div id=\"ngg-image-24885\" class=\"ngg-gallery-thumbnail-box\"  >\r\n\t\t<div class=\"ngg-gallery-thumbnail\" >\r\n\t\t\t<a href=\"https:\/\/spbielsk.pl\/wp-content\/gallery\/ekotrans-pietrzak-luty-2024\/img_20240221_084333503-copy.jpg\" title=\" \"   rel=\"lightbox[8611]\">\r\n\t\t\t\t\t\t\t\t<img loading=\"lazy\" decoding=\"async\" title=\"img_20240221_084333503-copy\" alt=\"img_20240221_084333503-copy\" src=\"https:\/\/spbielsk.pl\/wp-content\/gallery\/ekotrans-pietrzak-luty-2024\/thumbs\/thumbs_img_20240221_084333503-copy.jpg\" width=\"120\" height=\"90\" \/>\r\n\t\t\t\t\t\t\t<\/a>\r\n\t\t<\/div>\r\n\t<\/div>\r\n\t\r\n\t\t\r\n \t\t\r\n\t<div id=\"ngg-image-24886\" class=\"ngg-gallery-thumbnail-box\"  >\r\n\t\t<div class=\"ngg-gallery-thumbnail\" >\r\n\t\t\t<a href=\"https:\/\/spbielsk.pl\/wp-content\/gallery\/ekotrans-pietrzak-luty-2024\/img_20240221_084338413-copy.jpg\" title=\" \"   rel=\"lightbox[8611]\">\r\n\t\t\t\t\t\t\t\t<img loading=\"lazy\" decoding=\"async\" title=\"img_20240221_084338413-copy\" alt=\"img_20240221_084338413-copy\" src=\"https:\/\/spbielsk.pl\/wp-content\/gallery\/ekotrans-pietrzak-luty-2024\/thumbs\/thumbs_img_20240221_084338413-copy.jpg\" width=\"120\" height=\"90\" \/>\r\n\t\t\t\t\t\t\t<\/a>\r\n\t\t<\/div>\r\n\t<\/div>\r\n\t\r\n\t\t\r\n \t\t\r\n\t<div id=\"ngg-image-24887\" class=\"ngg-gallery-thumbnail-box\"  >\r\n\t\t<div class=\"ngg-gallery-thumbnail\" >\r\n\t\t\t<a href=\"https:\/\/spbielsk.pl\/wp-content\/gallery\/ekotrans-pietrzak-luty-2024\/img_20240221_084858908_hdr-copy.jpg\" title=\" \"   rel=\"lightbox[8611]\">\r\n\t\t\t\t\t\t\t\t<img loading=\"lazy\" decoding=\"async\" title=\"img_20240221_084858908_hdr-copy\" alt=\"img_20240221_084858908_hdr-copy\" src=\"https:\/\/spbielsk.pl\/wp-content\/gallery\/ekotrans-pietrzak-luty-2024\/thumbs\/thumbs_img_20240221_084858908_hdr-copy.jpg\" width=\"120\" height=\"90\" \/>\r\n\t\t\t\t\t\t\t<\/a>\r\n\t\t<\/div>\r\n\t<\/div>\r\n\t\r\n\t\t\r\n \t\t\r\n\t<div id=\"ngg-image-24888\" class=\"ngg-gallery-thumbnail-box\"  >\r\n\t\t<div class=\"ngg-gallery-thumbnail\" >\r\n\t\t\t<a href=\"https:\/\/spbielsk.pl\/wp-content\/gallery\/ekotrans-pietrzak-luty-2024\/img_20240221_091914055_hdr-copy.jpg\" title=\" \"   rel=\"lightbox[8611]\">\r\n\t\t\t\t\t\t\t\t<img loading=\"lazy\" decoding=\"async\" title=\"img_20240221_091914055_hdr-copy\" alt=\"img_20240221_091914055_hdr-copy\" src=\"https:\/\/spbielsk.pl\/wp-content\/gallery\/ekotrans-pietrzak-luty-2024\/thumbs\/thumbs_img_20240221_091914055_hdr-copy.jpg\" width=\"120\" height=\"90\" \/>\r\n\t\t\t\t\t\t\t<\/a>\r\n\t\t<\/div>\r\n\t<\/div>\r\n\t\r\n\t\t\r\n \t\t\r\n\t<div id=\"ngg-image-24889\" class=\"ngg-gallery-thumbnail-box\"  >\r\n\t\t<div class=\"ngg-gallery-thumbnail\" >\r\n\t\t\t<a href=\"https:\/\/spbielsk.pl\/wp-content\/gallery\/ekotrans-pietrzak-luty-2024\/img_20240221_091922412_hdr-copy.jpg\" title=\" \"   rel=\"lightbox[8611]\">\r\n\t\t\t\t\t\t\t\t<img loading=\"lazy\" decoding=\"async\" title=\"img_20240221_091922412_hdr-copy\" alt=\"img_20240221_091922412_hdr-copy\" src=\"https:\/\/spbielsk.pl\/wp-content\/gallery\/ekotrans-pietrzak-luty-2024\/thumbs\/thumbs_img_20240221_091922412_hdr-copy.jpg\" width=\"120\" height=\"90\" \/>\r\n\t\t\t\t\t\t\t<\/a>\r\n\t\t<\/div>\r\n\t<\/div>\r\n\t\r\n\t\t\r\n \t\t\r\n\t<div id=\"ngg-image-24890\" class=\"ngg-gallery-thumbnail-box\"  >\r\n\t\t<div class=\"ngg-gallery-thumbnail\" >\r\n\t\t\t<a href=\"https:\/\/spbielsk.pl\/wp-content\/gallery\/ekotrans-pietrzak-luty-2024\/img_20240221_091938009_hdr-copy.jpg\" title=\" \"   rel=\"lightbox[8611]\">\r\n\t\t\t\t\t\t\t\t<img loading=\"lazy\" decoding=\"async\" title=\"img_20240221_091938009_hdr-copy\" alt=\"img_20240221_091938009_hdr-copy\" src=\"https:\/\/spbielsk.pl\/wp-content\/gallery\/ekotrans-pietrzak-luty-2024\/thumbs\/thumbs_img_20240221_091938009_hdr-copy.jpg\" width=\"120\" height=\"90\" \/>\r\n\t\t\t\t\t\t\t<\/a>\r\n\t\t<\/div>\r\n\t<\/div>\r\n\t\r\n\t\t\r\n \t\t\r\n\t<div id=\"ngg-image-24893\" class=\"ngg-gallery-thumbnail-box\"  >\r\n\t\t<div class=\"ngg-gallery-thumbnail\" >\r\n\t\t\t<a href=\"https:\/\/spbielsk.pl\/wp-content\/gallery\/ekotrans-pietrzak-luty-2024\/img_20240221_093311810_hdr-copy.jpg\" title=\" \"   rel=\"lightbox[8611]\">\r\n\t\t\t\t\t\t\t\t<img loading=\"lazy\" decoding=\"async\" title=\"img_20240221_093311810_hdr-copy\" alt=\"img_20240221_093311810_hdr-copy\" src=\"https:\/\/spbielsk.pl\/wp-content\/gallery\/ekotrans-pietrzak-luty-2024\/thumbs\/thumbs_img_20240221_093311810_hdr-copy.jpg\" width=\"120\" height=\"90\" \/>\r\n\t\t\t\t\t\t\t<\/a>\r\n\t\t<\/div>\r\n\t<\/div>\r\n\t\r\n\t\t\r\n \t\t\r\n\t<div id=\"ngg-image-24894\" class=\"ngg-gallery-thumbnail-box\"  >\r\n\t\t<div class=\"ngg-gallery-thumbnail\" >\r\n\t\t\t<a href=\"https:\/\/spbielsk.pl\/wp-content\/gallery\/ekotrans-pietrzak-luty-2024\/img_20240221_094159612_hdr-copy.jpg\" title=\" \"   rel=\"lightbox[8611]\">\r\n\t\t\t\t\t\t\t\t<img loading=\"lazy\" decoding=\"async\" title=\"img_20240221_094159612_hdr-copy\" alt=\"img_20240221_094159612_hdr-copy\" src=\"https:\/\/spbielsk.pl\/wp-content\/gallery\/ekotrans-pietrzak-luty-2024\/thumbs\/thumbs_img_20240221_094159612_hdr-copy.jpg\" width=\"120\" height=\"90\" \/>\r\n\t\t\t\t\t\t\t<\/a>\r\n\t\t<\/div>\r\n\t<\/div>\r\n\t\r\n\t\t\r\n \t\t\r\n\t<div id=\"ngg-image-24895\" class=\"ngg-gallery-thumbnail-box\"  >\r\n\t\t<div class=\"ngg-gallery-thumbnail\" >\r\n\t\t\t<a href=\"https:\/\/spbielsk.pl\/wp-content\/gallery\/ekotrans-pietrzak-luty-2024\/img_20240221_104408108-copy.jpg\" title=\" \"   rel=\"lightbox[8611]\">\r\n\t\t\t\t\t\t\t\t<img loading=\"lazy\" decoding=\"async\" title=\"img_20240221_104408108-copy\" alt=\"img_20240221_104408108-copy\" src=\"https:\/\/spbielsk.pl\/wp-content\/gallery\/ekotrans-pietrzak-luty-2024\/thumbs\/thumbs_img_20240221_104408108-copy.jpg\" width=\"120\" height=\"90\" \/>\r\n\t\t\t\t\t\t\t<\/a>\r\n\t\t<\/div>\r\n\t<\/div>\r\n\t\r\n\t\t\r\n \t \t\r\n\t<!-- Pagination -->\r\n \t<div class='ngg-clear'><\/div>\n \t\r\n<\/div>\r\n\r\n<\/p>\n","protected":false},"excerpt":{"rendered":"<p>W \u015brod\u0119 21 lutego w naszej szkole odby\u0142o si\u0119 spotkanie z uczniami p\u0142ockiego \u201eElektryka\u201d, kt\u00f3rzy w ramach og\u00f3lnopolskiej olimpiady \u201eZwolnionych z Teorii\u201d realizuj\u0105 projekt zatytu\u0142owany \u201eProjekt Eko Transport\u201d. Kierownikiem przedsi\u0119wzi\u0119cia jest absolwent naszej szko\u0142y \u2013 Mariusz Pietrzak, a opr\u00f3cz niego w prac\u0119 nad projektem anga\u017cuj\u0105 si\u0119: Fabian Szafra\u0144ski, Mateusz Borowski i Oscar P\u0119dzikowski, opiekunami przedsi\u0119wzi\u0119cia [&hellip;]<\/p>\n","protected":false},"author":1,"featured_media":8613,"comment_status":"closed","ping_status":"closed","sticky":false,"template":"","format":"standard","meta":{"footnotes":""},"categories":[5],"tags":[],"class_list":["post-8611","post","type-post","status-publish","format-standard","has-post-thumbnail","hentry","category-s-p-bielsk"],"_links":{"self":[{"href":"https:\/\/spbielsk.pl\/index.php?rest_route=\/wp\/v2\/posts\/8611","targetHints":{"allow":["GET"]}}],"collection":[{"href":"https:\/\/spbielsk.pl\/index.php?rest_route=\/wp\/v2\/posts"}],"about":[{"href":"https:\/\/spbielsk.pl\/index.php?rest_route=\/wp\/v2\/types\/post"}],"author":[{"embeddable":true,"href":"https:\/\/spbielsk.pl\/index.php?rest_route=\/wp\/v2\/users\/1"}],"replies":[{"embeddable":true,"href":"https:\/\/spbielsk.pl\/index.php?rest_route=%2Fwp%2Fv2%2Fcomments&post=8611"}],"version-history":[{"count":3,"href":"https:\/\/spbielsk.pl\/index.php?rest_route=\/wp\/v2\/posts\/8611\/revisions"}],"predecessor-version":[{"id":8616,"href":"https:\/\/spbielsk.pl\/index.php?rest_route=\/wp\/v2\/posts\/8611\/revisions\/8616"}],"wp:featuredmedia":[{"embeddable":true,"href":"https:\/\/spbielsk.pl\/index.php?rest_route=\/wp\/v2\/media\/8613"}],"wp:attachment":[{"href":"https:\/\/spbielsk.pl\/index.php?rest_route=%2Fwp%2Fv2%2Fmedia&parent=8611"}],"wp:term":[{"taxonomy":"category","embeddable":true,"href":"https:\/\/spbielsk.pl\/index.php?rest_route=%2Fwp%2Fv2%2Fcategories&post=8611"},{"taxonomy":"post_tag","embeddable":true,"href":"https:\/\/spbielsk.pl\/index.php?rest_route=%2Fwp%2Fv2%2Ftags&post=8611"}],"curies":[{"name":"wp","href":"https:\/\/api.w.org\/{rel}","templated":true}]}}