{"id":8605,"date":"2024-02-19T10:08:46","date_gmt":"2024-02-19T09:08:46","guid":{"rendered":"http:\/\/spbielsk.pl\/?p=8605"},"modified":"2024-02-19T10:08:47","modified_gmt":"2024-02-19T09:08:47","slug":"wstepna-lista-osob-zakwalifikowanych-do-projektu-erasmus","status":"publish","type":"post","link":"https:\/\/spbielsk.pl\/?p=8605","title":{"rendered":"Wst\u0119pna lista os\u00f3b zakwalifikowanych do projektu Erasmus+"},"content":{"rendered":"\n<p style=\"text-align: center;\"><img fetchpriority=\"high\" decoding=\"async\" class=\"aligncenter size-medium wp-image-8517\" src=\"http:\/\/spbielsk.pl\/wp-content\/uploads\/2024\/01\/erasmus--300x273.jpg\" alt=\"\" width=\"300\" height=\"273\" srcset=\"https:\/\/spbielsk.pl\/wp-content\/uploads\/2024\/01\/erasmus--300x273.jpg 300w, https:\/\/spbielsk.pl\/wp-content\/uploads\/2024\/01\/erasmus-.jpg 760w\" sizes=\"(max-width: 300px) 100vw, 300px\" \/>Poni\u017cej znajduje si\u0119 wst\u0119pna lista uczni\u00f3w zakwalifikowanych do projektu Erasmus+ oraz lista rezerwowa.<\/p>\n<p style=\"text-align: center;\"><a href=\"https:\/\/drive.google.com\/file\/d\/15Ln7p2BiTnthWDL073IlOjrjoUq-pq86\/view?usp=sharing\"><strong>&gt;&gt;LISTA&lt;&lt;<\/strong><\/a><\/p>\n<p style=\"text-align: center;\">\u00a0<\/p>\n\n\n","protected":false},"excerpt":{"rendered":"<p>Poni\u017cej znajduje si\u0119 wst\u0119pna lista uczni\u00f3w zakwalifikowanych do projektu Erasmus+ oraz lista rezerwowa. &gt;&gt;LISTA&lt;&lt; \u00a0<\/p>\n","protected":false},"author":1,"featured_media":0,"comment_status":"closed","ping_status":"closed","sticky":false,"template":"","format":"standard","meta":{"footnotes":""},"categories":[5],"tags":[],"class_list":["post-8605","post","type-post","status-publish","format-standard","hentry","category-s-p-bielsk"],"_links":{"self":[{"href":"https:\/\/spbielsk.pl\/index.php?rest_route=\/wp\/v2\/posts\/8605","targetHints":{"allow":["GET"]}}],"collection":[{"href":"https:\/\/spbielsk.pl\/index.php?rest_route=\/wp\/v2\/posts"}],"about":[{"href":"https:\/\/spbielsk.pl\/index.php?rest_route=\/wp\/v2\/types\/post"}],"author":[{"embeddable":true,"href":"https:\/\/spbielsk.pl\/index.php?rest_route=\/wp\/v2\/users\/1"}],"replies":[{"embeddable":true,"href":"https:\/\/spbielsk.pl\/index.php?rest_route=%2Fwp%2Fv2%2Fcomments&post=8605"}],"version-history":[{"count":1,"href":"https:\/\/spbielsk.pl\/index.php?rest_route=\/wp\/v2\/posts\/8605\/revisions"}],"predecessor-version":[{"id":8606,"href":"https:\/\/spbielsk.pl\/index.php?rest_route=\/wp\/v2\/posts\/8605\/revisions\/8606"}],"wp:attachment":[{"href":"https:\/\/spbielsk.pl\/index.php?rest_route=%2Fwp%2Fv2%2Fmedia&parent=8605"}],"wp:term":[{"taxonomy":"category","embeddable":true,"href":"https:\/\/spbielsk.pl\/index.php?rest_route=%2Fwp%2Fv2%2Fcategories&post=8605"},{"taxonomy":"post_tag","embeddable":true,"href":"https:\/\/spbielsk.pl\/index.php?rest_route=%2Fwp%2Fv2%2Ftags&post=8605"}],"curies":[{"name":"wp","href":"https:\/\/api.w.org\/{rel}","templated":true}]}}