{"id":8573,"date":"2024-02-06T12:38:52","date_gmt":"2024-02-06T11:38:52","guid":{"rendered":"http:\/\/spbielsk.pl\/?p=8573"},"modified":"2024-02-06T12:38:53","modified_gmt":"2024-02-06T11:38:53","slug":"dzien-babci-i-dziadka-w-klasie-2b","status":"publish","type":"post","link":"https:\/\/spbielsk.pl\/?p=8573","title":{"rendered":"DZIE\u0143 BABCI I DZIADKA W Klasie 2B"},"content":{"rendered":"\n<p style=\"text-align: justify;\">Z okazji Dnia Babci i Dziadka klasa 2b zorganizowa\u0142a spotkanie dla senior\u00f3w pod has\u0142em &#8222;Herbatka u babci i dziadka&#8221;. Zaproszono swoje babcie i dziadk\u00f3w. Dzieci przygotowa\u0142y wiersze i piosenki. Nie zapomnia\u0142y o chwilce nostalgii. Wsp\u00f3lnie ogl\u0105dali\u015bmy szkolne kroniki, te wsp\u00f3\u0142czesne i te sprzed bardzo wielu lat. Hitem okaza\u0142a si\u0119 jednak wielopokoleniowa dyskoteka przy piosenkach z lat 60. i 70. Ka\u017cdy m\u00f3g\u0142 cz\u0119stowa\u0107 si\u0119 s\u0142odyczami i wypi\u0107 owocow\u0105 herbat\u0119. Zadbali o to rodzice. Wszyscy bawili si\u0119 wy\u015bmienicie.<\/p>\n<p style=\"text-align: center;\"><!--more--><\/p>\n<p style=\"text-align: center;\">\r\n<div class=\"ngg-galleryoverview\" id=\"ngg-gallery-934-8573\">\r\n\r\n\t<!-- Slideshow link -->\r\n\t<div class=\"slideshowlink\">\r\n\t\t<a class=\"slideshowlink\" href=\"https:\/\/spbielsk.pl\/?p=8573&amp;show=slide\">\r\n\t\t\t[Show slideshow]\t\t<\/a>\r\n\t<\/div>\r\n\r\n\t\r\n\t<!-- Thumbnails -->\r\n\t\t\r\n\t<div id=\"ngg-image-24730\" class=\"ngg-gallery-thumbnail-box\"  >\r\n\t\t<div class=\"ngg-gallery-thumbnail\" >\r\n\t\t\t<a href=\"https:\/\/spbielsk.pl\/wp-content\/gallery\/dzien-babci-i-dziadka-w-2-b-luty-2024\/425287916_899306945320293_7363296175479719831_n-1-copy.jpg\" title=\" \"   rel=\"lightbox[8573]\">\r\n\t\t\t\t\t\t\t\t<img decoding=\"async\" title=\"425287916_899306945320293_7363296175479719831_n-1-copy\" alt=\"425287916_899306945320293_7363296175479719831_n-1-copy\" src=\"https:\/\/spbielsk.pl\/wp-content\/gallery\/dzien-babci-i-dziadka-w-2-b-luty-2024\/thumbs\/thumbs_425287916_899306945320293_7363296175479719831_n-1-copy.jpg\" width=\"120\" height=\"90\" \/>\r\n\t\t\t\t\t\t\t<\/a>\r\n\t\t<\/div>\r\n\t<\/div>\r\n\t\r\n\t\t\r\n \t\t\r\n\t<div id=\"ngg-image-24731\" class=\"ngg-gallery-thumbnail-box\"  >\r\n\t\t<div class=\"ngg-gallery-thumbnail\" >\r\n\t\t\t<a href=\"https:\/\/spbielsk.pl\/wp-content\/gallery\/dzien-babci-i-dziadka-w-2-b-luty-2024\/425420246_899307088653612_2180293264068215539_n-copy.jpg\" title=\" \"   rel=\"lightbox[8573]\">\r\n\t\t\t\t\t\t\t\t<img decoding=\"async\" title=\"425420246_899307088653612_2180293264068215539_n-copy\" alt=\"425420246_899307088653612_2180293264068215539_n-copy\" src=\"https:\/\/spbielsk.pl\/wp-content\/gallery\/dzien-babci-i-dziadka-w-2-b-luty-2024\/thumbs\/thumbs_425420246_899307088653612_2180293264068215539_n-copy.jpg\" width=\"120\" height=\"90\" \/>\r\n\t\t\t\t\t\t\t<\/a>\r\n\t\t<\/div>\r\n\t<\/div>\r\n\t\r\n\t\t\r\n \t\t\r\n\t<div id=\"ngg-image-24732\" class=\"ngg-gallery-thumbnail-box\"  >\r\n\t\t<div class=\"ngg-gallery-thumbnail\" >\r\n\t\t\t<a href=\"https:\/\/spbielsk.pl\/wp-content\/gallery\/dzien-babci-i-dziadka-w-2-b-luty-2024\/425643761_899307491986905_2738742700587911974_n-copy.jpg\" title=\" \"   rel=\"lightbox[8573]\">\r\n\t\t\t\t\t\t\t\t<img decoding=\"async\" title=\"425643761_899307491986905_2738742700587911974_n-copy\" alt=\"425643761_899307491986905_2738742700587911974_n-copy\" src=\"https:\/\/spbielsk.pl\/wp-content\/gallery\/dzien-babci-i-dziadka-w-2-b-luty-2024\/thumbs\/thumbs_425643761_899307491986905_2738742700587911974_n-copy.jpg\" width=\"120\" height=\"90\" \/>\r\n\t\t\t\t\t\t\t<\/a>\r\n\t\t<\/div>\r\n\t<\/div>\r\n\t\r\n\t\t\r\n \t\t\r\n\t<div id=\"ngg-image-24733\" class=\"ngg-gallery-thumbnail-box\"  >\r\n\t\t<div class=\"ngg-gallery-thumbnail\" >\r\n\t\t\t<a href=\"https:\/\/spbielsk.pl\/wp-content\/gallery\/dzien-babci-i-dziadka-w-2-b-luty-2024\/425728261_899307428653578_2634702968848585294_n-copy.jpg\" title=\" \"   rel=\"lightbox[8573]\">\r\n\t\t\t\t\t\t\t\t<img loading=\"lazy\" decoding=\"async\" title=\"425728261_899307428653578_2634702968848585294_n-copy\" alt=\"425728261_899307428653578_2634702968848585294_n-copy\" src=\"https:\/\/spbielsk.pl\/wp-content\/gallery\/dzien-babci-i-dziadka-w-2-b-luty-2024\/thumbs\/thumbs_425728261_899307428653578_2634702968848585294_n-copy.jpg\" width=\"120\" height=\"90\" \/>\r\n\t\t\t\t\t\t\t<\/a>\r\n\t\t<\/div>\r\n\t<\/div>\r\n\t\r\n\t\t\r\n \t\t\r\n\t<div id=\"ngg-image-24734\" class=\"ngg-gallery-thumbnail-box\"  >\r\n\t\t<div class=\"ngg-gallery-thumbnail\" >\r\n\t\t\t<a href=\"https:\/\/spbielsk.pl\/wp-content\/gallery\/dzien-babci-i-dziadka-w-2-b-luty-2024\/425729183_899307531986901_6248811871728252654_n-copy.jpg\" title=\" \"   rel=\"lightbox[8573]\">\r\n\t\t\t\t\t\t\t\t<img loading=\"lazy\" decoding=\"async\" title=\"425729183_899307531986901_6248811871728252654_n-copy\" alt=\"425729183_899307531986901_6248811871728252654_n-copy\" src=\"https:\/\/spbielsk.pl\/wp-content\/gallery\/dzien-babci-i-dziadka-w-2-b-luty-2024\/thumbs\/thumbs_425729183_899307531986901_6248811871728252654_n-copy.jpg\" width=\"120\" height=\"90\" \/>\r\n\t\t\t\t\t\t\t<\/a>\r\n\t\t<\/div>\r\n\t<\/div>\r\n\t\r\n\t\t\r\n \t\t\r\n\t<div id=\"ngg-image-24735\" class=\"ngg-gallery-thumbnail-box\"  >\r\n\t\t<div class=\"ngg-gallery-thumbnail\" >\r\n\t\t\t<a href=\"https:\/\/spbielsk.pl\/wp-content\/gallery\/dzien-babci-i-dziadka-w-2-b-luty-2024\/425729517_899307691986885_6942396332780272669_n-copy.jpg\" title=\" \"   rel=\"lightbox[8573]\">\r\n\t\t\t\t\t\t\t\t<img loading=\"lazy\" decoding=\"async\" title=\"425729517_899307691986885_6942396332780272669_n-copy\" alt=\"425729517_899307691986885_6942396332780272669_n-copy\" src=\"https:\/\/spbielsk.pl\/wp-content\/gallery\/dzien-babci-i-dziadka-w-2-b-luty-2024\/thumbs\/thumbs_425729517_899307691986885_6942396332780272669_n-copy.jpg\" width=\"120\" height=\"90\" \/>\r\n\t\t\t\t\t\t\t<\/a>\r\n\t\t<\/div>\r\n\t<\/div>\r\n\t\r\n\t\t\r\n \t\t\r\n\t<div id=\"ngg-image-24736\" class=\"ngg-gallery-thumbnail-box\"  >\r\n\t\t<div class=\"ngg-gallery-thumbnail\" >\r\n\t\t\t<a href=\"https:\/\/spbielsk.pl\/wp-content\/gallery\/dzien-babci-i-dziadka-w-2-b-luty-2024\/425734665_899307641986890_905229251164483394_n-copy.jpg\" title=\" \"   rel=\"lightbox[8573]\">\r\n\t\t\t\t\t\t\t\t<img loading=\"lazy\" decoding=\"async\" title=\"425734665_899307641986890_905229251164483394_n-copy\" alt=\"425734665_899307641986890_905229251164483394_n-copy\" src=\"https:\/\/spbielsk.pl\/wp-content\/gallery\/dzien-babci-i-dziadka-w-2-b-luty-2024\/thumbs\/thumbs_425734665_899307641986890_905229251164483394_n-copy.jpg\" width=\"120\" height=\"90\" \/>\r\n\t\t\t\t\t\t\t<\/a>\r\n\t\t<\/div>\r\n\t<\/div>\r\n\t\r\n\t\t\r\n \t\t\r\n\t<div id=\"ngg-image-24737\" class=\"ngg-gallery-thumbnail-box\"  >\r\n\t\t<div class=\"ngg-gallery-thumbnail\" >\r\n\t\t\t<a href=\"https:\/\/spbielsk.pl\/wp-content\/gallery\/dzien-babci-i-dziadka-w-2-b-luty-2024\/425738772_899307405320247_3747490145677739787_n-copy.jpg\" title=\" \"   rel=\"lightbox[8573]\">\r\n\t\t\t\t\t\t\t\t<img loading=\"lazy\" decoding=\"async\" title=\"425738772_899307405320247_3747490145677739787_n-copy\" alt=\"425738772_899307405320247_3747490145677739787_n-copy\" src=\"https:\/\/spbielsk.pl\/wp-content\/gallery\/dzien-babci-i-dziadka-w-2-b-luty-2024\/thumbs\/thumbs_425738772_899307405320247_3747490145677739787_n-copy.jpg\" width=\"120\" height=\"90\" \/>\r\n\t\t\t\t\t\t\t<\/a>\r\n\t\t<\/div>\r\n\t<\/div>\r\n\t\r\n\t\t\r\n \t\t\r\n\t<div id=\"ngg-image-24738\" class=\"ngg-gallery-thumbnail-box\"  >\r\n\t\t<div class=\"ngg-gallery-thumbnail\" >\r\n\t\t\t<a href=\"https:\/\/spbielsk.pl\/wp-content\/gallery\/dzien-babci-i-dziadka-w-2-b-luty-2024\/425738814_899306901986964_1806726868279690061_n-copy.jpg\" title=\" \"   rel=\"lightbox[8573]\">\r\n\t\t\t\t\t\t\t\t<img loading=\"lazy\" decoding=\"async\" title=\"425738814_899306901986964_1806726868279690061_n-copy\" alt=\"425738814_899306901986964_1806726868279690061_n-copy\" src=\"https:\/\/spbielsk.pl\/wp-content\/gallery\/dzien-babci-i-dziadka-w-2-b-luty-2024\/thumbs\/thumbs_425738814_899306901986964_1806726868279690061_n-copy.jpg\" width=\"120\" height=\"90\" \/>\r\n\t\t\t\t\t\t\t<\/a>\r\n\t\t<\/div>\r\n\t<\/div>\r\n\t\r\n\t\t\r\n \t\t\r\n\t<div id=\"ngg-image-24739\" class=\"ngg-gallery-thumbnail-box\"  >\r\n\t\t<div class=\"ngg-gallery-thumbnail\" >\r\n\t\t\t<a href=\"https:\/\/spbielsk.pl\/wp-content\/gallery\/dzien-babci-i-dziadka-w-2-b-luty-2024\/425739049_899307188653602_3956774370786893630_n-copy.jpg\" title=\" \"   rel=\"lightbox[8573]\">\r\n\t\t\t\t\t\t\t\t<img loading=\"lazy\" decoding=\"async\" title=\"425739049_899307188653602_3956774370786893630_n-copy\" alt=\"425739049_899307188653602_3956774370786893630_n-copy\" src=\"https:\/\/spbielsk.pl\/wp-content\/gallery\/dzien-babci-i-dziadka-w-2-b-luty-2024\/thumbs\/thumbs_425739049_899307188653602_3956774370786893630_n-copy.jpg\" width=\"120\" height=\"90\" \/>\r\n\t\t\t\t\t\t\t<\/a>\r\n\t\t<\/div>\r\n\t<\/div>\r\n\t\r\n\t\t\r\n \t\t\r\n\t<div id=\"ngg-image-24740\" class=\"ngg-gallery-thumbnail-box\"  >\r\n\t\t<div class=\"ngg-gallery-thumbnail\" >\r\n\t\t\t<a href=\"https:\/\/spbielsk.pl\/wp-content\/gallery\/dzien-babci-i-dziadka-w-2-b-luty-2024\/425739059_899307588653562_3548301908832261710_n-copy.jpg\" title=\" \"   rel=\"lightbox[8573]\">\r\n\t\t\t\t\t\t\t\t<img loading=\"lazy\" decoding=\"async\" title=\"425739059_899307588653562_3548301908832261710_n-copy\" alt=\"425739059_899307588653562_3548301908832261710_n-copy\" src=\"https:\/\/spbielsk.pl\/wp-content\/gallery\/dzien-babci-i-dziadka-w-2-b-luty-2024\/thumbs\/thumbs_425739059_899307588653562_3548301908832261710_n-copy.jpg\" width=\"120\" height=\"90\" \/>\r\n\t\t\t\t\t\t\t<\/a>\r\n\t\t<\/div>\r\n\t<\/div>\r\n\t\r\n\t\t\r\n \t\t\r\n\t<div id=\"ngg-image-24741\" class=\"ngg-gallery-thumbnail-box\"  >\r\n\t\t<div class=\"ngg-gallery-thumbnail\" >\r\n\t\t\t<a href=\"https:\/\/spbielsk.pl\/wp-content\/gallery\/dzien-babci-i-dziadka-w-2-b-luty-2024\/425739767_899307258653595_8029903222246854278_n-copy.jpg\" title=\" \"   rel=\"lightbox[8573]\">\r\n\t\t\t\t\t\t\t\t<img loading=\"lazy\" decoding=\"async\" title=\"425739767_899307258653595_8029903222246854278_n-copy\" alt=\"425739767_899307258653595_8029903222246854278_n-copy\" src=\"https:\/\/spbielsk.pl\/wp-content\/gallery\/dzien-babci-i-dziadka-w-2-b-luty-2024\/thumbs\/thumbs_425739767_899307258653595_8029903222246854278_n-copy.jpg\" width=\"120\" height=\"90\" \/>\r\n\t\t\t\t\t\t\t<\/a>\r\n\t\t<\/div>\r\n\t<\/div>\r\n\t\r\n\t\t\r\n \t\t\r\n\t<div id=\"ngg-image-24742\" class=\"ngg-gallery-thumbnail-box\"  >\r\n\t\t<div class=\"ngg-gallery-thumbnail\" >\r\n\t\t\t<a href=\"https:\/\/spbielsk.pl\/wp-content\/gallery\/dzien-babci-i-dziadka-w-2-b-luty-2024\/425745068_899307051986949_8755472360227645355_n-copy.jpg\" title=\" \"   rel=\"lightbox[8573]\">\r\n\t\t\t\t\t\t\t\t<img loading=\"lazy\" decoding=\"async\" title=\"425745068_899307051986949_8755472360227645355_n-copy\" alt=\"425745068_899307051986949_8755472360227645355_n-copy\" src=\"https:\/\/spbielsk.pl\/wp-content\/gallery\/dzien-babci-i-dziadka-w-2-b-luty-2024\/thumbs\/thumbs_425745068_899307051986949_8755472360227645355_n-copy.jpg\" width=\"120\" height=\"90\" \/>\r\n\t\t\t\t\t\t\t<\/a>\r\n\t\t<\/div>\r\n\t<\/div>\r\n\t\r\n\t\t\r\n \t\t\r\n\t<div id=\"ngg-image-24743\" class=\"ngg-gallery-thumbnail-box\"  >\r\n\t\t<div class=\"ngg-gallery-thumbnail\" >\r\n\t\t\t<a href=\"https:\/\/spbielsk.pl\/wp-content\/gallery\/dzien-babci-i-dziadka-w-2-b-luty-2024\/425745807_899307521986902_2344974412006771031_n-copy.jpg\" title=\" \"   rel=\"lightbox[8573]\">\r\n\t\t\t\t\t\t\t\t<img loading=\"lazy\" decoding=\"async\" title=\"425745807_899307521986902_2344974412006771031_n-copy\" alt=\"425745807_899307521986902_2344974412006771031_n-copy\" src=\"https:\/\/spbielsk.pl\/wp-content\/gallery\/dzien-babci-i-dziadka-w-2-b-luty-2024\/thumbs\/thumbs_425745807_899307521986902_2344974412006771031_n-copy.jpg\" width=\"120\" height=\"90\" \/>\r\n\t\t\t\t\t\t\t<\/a>\r\n\t\t<\/div>\r\n\t<\/div>\r\n\t\r\n\t\t\r\n \t\t\r\n\t<div id=\"ngg-image-24744\" class=\"ngg-gallery-thumbnail-box\"  >\r\n\t\t<div class=\"ngg-gallery-thumbnail\" >\r\n\t\t\t<a href=\"https:\/\/spbielsk.pl\/wp-content\/gallery\/dzien-babci-i-dziadka-w-2-b-luty-2024\/425745809_899306741986980_5962794728194793711_n-copy.jpg\" title=\" \"   rel=\"lightbox[8573]\">\r\n\t\t\t\t\t\t\t\t<img loading=\"lazy\" decoding=\"async\" title=\"425745809_899306741986980_5962794728194793711_n-copy\" alt=\"425745809_899306741986980_5962794728194793711_n-copy\" src=\"https:\/\/spbielsk.pl\/wp-content\/gallery\/dzien-babci-i-dziadka-w-2-b-luty-2024\/thumbs\/thumbs_425745809_899306741986980_5962794728194793711_n-copy.jpg\" width=\"120\" height=\"90\" \/>\r\n\t\t\t\t\t\t\t<\/a>\r\n\t\t<\/div>\r\n\t<\/div>\r\n\t\r\n\t\t\r\n \t\t\r\n\t<div id=\"ngg-image-24745\" class=\"ngg-gallery-thumbnail-box\"  >\r\n\t\t<div class=\"ngg-gallery-thumbnail\" >\r\n\t\t\t<a href=\"https:\/\/spbielsk.pl\/wp-content\/gallery\/dzien-babci-i-dziadka-w-2-b-luty-2024\/425749612_899307158653605_6136905324071322919_n-copy.jpg\" title=\" \"   rel=\"lightbox[8573]\">\r\n\t\t\t\t\t\t\t\t<img loading=\"lazy\" decoding=\"async\" title=\"425749612_899307158653605_6136905324071322919_n-copy\" alt=\"425749612_899307158653605_6136905324071322919_n-copy\" src=\"https:\/\/spbielsk.pl\/wp-content\/gallery\/dzien-babci-i-dziadka-w-2-b-luty-2024\/thumbs\/thumbs_425749612_899307158653605_6136905324071322919_n-copy.jpg\" width=\"120\" height=\"90\" \/>\r\n\t\t\t\t\t\t\t<\/a>\r\n\t\t<\/div>\r\n\t<\/div>\r\n\t\r\n\t\t\r\n \t\t\r\n\t<div id=\"ngg-image-24746\" class=\"ngg-gallery-thumbnail-box\"  >\r\n\t\t<div class=\"ngg-gallery-thumbnail\" >\r\n\t\t\t<a href=\"https:\/\/spbielsk.pl\/wp-content\/gallery\/dzien-babci-i-dziadka-w-2-b-luty-2024\/425756192_899307325320255_8592970302490662082_n-copy.jpg\" title=\" \"   rel=\"lightbox[8573]\">\r\n\t\t\t\t\t\t\t\t<img loading=\"lazy\" decoding=\"async\" title=\"425756192_899307325320255_8592970302490662082_n-copy\" alt=\"425756192_899307325320255_8592970302490662082_n-copy\" src=\"https:\/\/spbielsk.pl\/wp-content\/gallery\/dzien-babci-i-dziadka-w-2-b-luty-2024\/thumbs\/thumbs_425756192_899307325320255_8592970302490662082_n-copy.jpg\" width=\"120\" height=\"90\" \/>\r\n\t\t\t\t\t\t\t<\/a>\r\n\t\t<\/div>\r\n\t<\/div>\r\n\t\r\n\t\t\r\n \t\t\r\n\t<div id=\"ngg-image-24747\" class=\"ngg-gallery-thumbnail-box\"  >\r\n\t\t<div class=\"ngg-gallery-thumbnail\" >\r\n\t\t\t<a href=\"https:\/\/spbielsk.pl\/wp-content\/gallery\/dzien-babci-i-dziadka-w-2-b-luty-2024\/425757234_899307118653609_7920294634083847205_n-copy.jpg\" title=\" \"   rel=\"lightbox[8573]\">\r\n\t\t\t\t\t\t\t\t<img loading=\"lazy\" decoding=\"async\" title=\"425757234_899307118653609_7920294634083847205_n-copy\" alt=\"425757234_899307118653609_7920294634083847205_n-copy\" src=\"https:\/\/spbielsk.pl\/wp-content\/gallery\/dzien-babci-i-dziadka-w-2-b-luty-2024\/thumbs\/thumbs_425757234_899307118653609_7920294634083847205_n-copy.jpg\" width=\"120\" height=\"90\" \/>\r\n\t\t\t\t\t\t\t<\/a>\r\n\t\t<\/div>\r\n\t<\/div>\r\n\t\r\n\t\t\r\n \t\t\r\n\t<div id=\"ngg-image-24748\" class=\"ngg-gallery-thumbnail-box\"  >\r\n\t\t<div class=\"ngg-gallery-thumbnail\" >\r\n\t\t\t<a href=\"https:\/\/spbielsk.pl\/wp-content\/gallery\/dzien-babci-i-dziadka-w-2-b-luty-2024\/425760734_899307631986891_3057176294330314767_n-copy.jpg\" title=\" \"   rel=\"lightbox[8573]\">\r\n\t\t\t\t\t\t\t\t<img loading=\"lazy\" decoding=\"async\" title=\"425760734_899307631986891_3057176294330314767_n-copy\" alt=\"425760734_899307631986891_3057176294330314767_n-copy\" src=\"https:\/\/spbielsk.pl\/wp-content\/gallery\/dzien-babci-i-dziadka-w-2-b-luty-2024\/thumbs\/thumbs_425760734_899307631986891_3057176294330314767_n-copy.jpg\" width=\"120\" height=\"90\" \/>\r\n\t\t\t\t\t\t\t<\/a>\r\n\t\t<\/div>\r\n\t<\/div>\r\n\t\r\n\t\t\r\n \t\t\r\n\t<div id=\"ngg-image-24749\" class=\"ngg-gallery-thumbnail-box\"  >\r\n\t\t<div class=\"ngg-gallery-thumbnail\" >\r\n\t\t\t<a href=\"https:\/\/spbielsk.pl\/wp-content\/gallery\/dzien-babci-i-dziadka-w-2-b-luty-2024\/425760742_899307018653619_2304316308172781462_n-1-copy.jpg\" title=\" \"   rel=\"lightbox[8573]\">\r\n\t\t\t\t\t\t\t\t<img loading=\"lazy\" decoding=\"async\" title=\"425760742_899307018653619_2304316308172781462_n-1-copy\" alt=\"425760742_899307018653619_2304316308172781462_n-1-copy\" src=\"https:\/\/spbielsk.pl\/wp-content\/gallery\/dzien-babci-i-dziadka-w-2-b-luty-2024\/thumbs\/thumbs_425760742_899307018653619_2304316308172781462_n-1-copy.jpg\" width=\"120\" height=\"90\" \/>\r\n\t\t\t\t\t\t\t<\/a>\r\n\t\t<\/div>\r\n\t<\/div>\r\n\t\r\n\t\t\r\n \t\t\r\n\t<div id=\"ngg-image-24750\" class=\"ngg-gallery-thumbnail-box\"  >\r\n\t\t<div class=\"ngg-gallery-thumbnail\" >\r\n\t\t\t<a href=\"https:\/\/spbielsk.pl\/wp-content\/gallery\/dzien-babci-i-dziadka-w-2-b-luty-2024\/425760779_899306818653639_2271550138204743062_n-1-copy.jpg\" title=\" \"   rel=\"lightbox[8573]\">\r\n\t\t\t\t\t\t\t\t<img loading=\"lazy\" decoding=\"async\" title=\"425760779_899306818653639_2271550138204743062_n-1-copy\" alt=\"425760779_899306818653639_2271550138204743062_n-1-copy\" src=\"https:\/\/spbielsk.pl\/wp-content\/gallery\/dzien-babci-i-dziadka-w-2-b-luty-2024\/thumbs\/thumbs_425760779_899306818653639_2271550138204743062_n-1-copy.jpg\" width=\"120\" height=\"90\" \/>\r\n\t\t\t\t\t\t\t<\/a>\r\n\t\t<\/div>\r\n\t<\/div>\r\n\t\r\n\t\t\r\n \t\t\r\n\t<div id=\"ngg-image-24751\" class=\"ngg-gallery-thumbnail-box\"  >\r\n\t\t<div class=\"ngg-gallery-thumbnail\" >\r\n\t\t\t<a href=\"https:\/\/spbielsk.pl\/wp-content\/gallery\/dzien-babci-i-dziadka-w-2-b-luty-2024\/425761435_899307381986916_674432402686309296_n-copy.jpg\" title=\" \"   rel=\"lightbox[8573]\">\r\n\t\t\t\t\t\t\t\t<img loading=\"lazy\" decoding=\"async\" title=\"425761435_899307381986916_674432402686309296_n-copy\" alt=\"425761435_899307381986916_674432402686309296_n-copy\" src=\"https:\/\/spbielsk.pl\/wp-content\/gallery\/dzien-babci-i-dziadka-w-2-b-luty-2024\/thumbs\/thumbs_425761435_899307381986916_674432402686309296_n-copy.jpg\" width=\"120\" height=\"90\" \/>\r\n\t\t\t\t\t\t\t<\/a>\r\n\t\t<\/div>\r\n\t<\/div>\r\n\t\r\n\t\t\r\n \t\t\r\n\t<div id=\"ngg-image-24752\" class=\"ngg-gallery-thumbnail-box\"  >\r\n\t\t<div class=\"ngg-gallery-thumbnail\" >\r\n\t\t\t<a href=\"https:\/\/spbielsk.pl\/wp-content\/gallery\/dzien-babci-i-dziadka-w-2-b-luty-2024\/425768218_899306791986975_5910735547441285355_n-copy.jpg\" title=\" \"   rel=\"lightbox[8573]\">\r\n\t\t\t\t\t\t\t\t<img loading=\"lazy\" decoding=\"async\" title=\"425768218_899306791986975_5910735547441285355_n-copy\" alt=\"425768218_899306791986975_5910735547441285355_n-copy\" src=\"https:\/\/spbielsk.pl\/wp-content\/gallery\/dzien-babci-i-dziadka-w-2-b-luty-2024\/thumbs\/thumbs_425768218_899306791986975_5910735547441285355_n-copy.jpg\" width=\"120\" height=\"90\" \/>\r\n\t\t\t\t\t\t\t<\/a>\r\n\t\t<\/div>\r\n\t<\/div>\r\n\t\r\n\t\t\r\n \t\t\r\n\t<div id=\"ngg-image-24753\" class=\"ngg-gallery-thumbnail-box\"  >\r\n\t\t<div class=\"ngg-gallery-thumbnail\" >\r\n\t\t\t<a href=\"https:\/\/spbielsk.pl\/wp-content\/gallery\/dzien-babci-i-dziadka-w-2-b-luty-2024\/425774061_899307295320258_6535943624382630134_n-copy.jpg\" title=\" \"   rel=\"lightbox[8573]\">\r\n\t\t\t\t\t\t\t\t<img loading=\"lazy\" decoding=\"async\" title=\"425774061_899307295320258_6535943624382630134_n-copy\" alt=\"425774061_899307295320258_6535943624382630134_n-copy\" src=\"https:\/\/spbielsk.pl\/wp-content\/gallery\/dzien-babci-i-dziadka-w-2-b-luty-2024\/thumbs\/thumbs_425774061_899307295320258_6535943624382630134_n-copy.jpg\" width=\"120\" height=\"90\" \/>\r\n\t\t\t\t\t\t\t<\/a>\r\n\t\t<\/div>\r\n\t<\/div>\r\n\t\r\n\t\t\r\n \t\t\r\n\t<div id=\"ngg-image-24754\" class=\"ngg-gallery-thumbnail-box\"  >\r\n\t\t<div class=\"ngg-gallery-thumbnail\" >\r\n\t\t\t<a href=\"https:\/\/spbielsk.pl\/wp-content\/gallery\/dzien-babci-i-dziadka-w-2-b-luty-2024\/425781436_899306935320294_2527186628890583351_n-1-copy.jpg\" title=\" \"   rel=\"lightbox[8573]\">\r\n\t\t\t\t\t\t\t\t<img loading=\"lazy\" decoding=\"async\" title=\"425781436_899306935320294_2527186628890583351_n-1-copy\" alt=\"425781436_899306935320294_2527186628890583351_n-1-copy\" src=\"https:\/\/spbielsk.pl\/wp-content\/gallery\/dzien-babci-i-dziadka-w-2-b-luty-2024\/thumbs\/thumbs_425781436_899306935320294_2527186628890583351_n-1-copy.jpg\" width=\"120\" height=\"90\" \/>\r\n\t\t\t\t\t\t\t<\/a>\r\n\t\t<\/div>\r\n\t<\/div>\r\n\t\r\n\t\t\r\n \t\t\r\n\t<div id=\"ngg-image-24755\" class=\"ngg-gallery-thumbnail-box\"  >\r\n\t\t<div class=\"ngg-gallery-thumbnail\" >\r\n\t\t\t<a href=\"https:\/\/spbielsk.pl\/wp-content\/gallery\/dzien-babci-i-dziadka-w-2-b-luty-2024\/425781801_899306845320303_2204926833176155947_n-1-copy.jpg\" title=\" \"   rel=\"lightbox[8573]\">\r\n\t\t\t\t\t\t\t\t<img loading=\"lazy\" decoding=\"async\" title=\"425781801_899306845320303_2204926833176155947_n-1-copy\" alt=\"425781801_899306845320303_2204926833176155947_n-1-copy\" src=\"https:\/\/spbielsk.pl\/wp-content\/gallery\/dzien-babci-i-dziadka-w-2-b-luty-2024\/thumbs\/thumbs_425781801_899306845320303_2204926833176155947_n-1-copy.jpg\" width=\"120\" height=\"90\" \/>\r\n\t\t\t\t\t\t\t<\/a>\r\n\t\t<\/div>\r\n\t<\/div>\r\n\t\r\n\t\t\r\n \t \t\r\n\t<!-- Pagination -->\r\n \t<div class='ngg-clear'><\/div>\n \t\r\n<\/div>\r\n\r\n<\/p>\n\n\n","protected":false},"excerpt":{"rendered":"<p>Z okazji Dnia Babci i Dziadka klasa 2b zorganizowa\u0142a spotkanie dla senior\u00f3w pod has\u0142em &#8222;Herbatka u babci i dziadka&#8221;. Zaproszono swoje babcie i dziadk\u00f3w. Dzieci przygotowa\u0142y wiersze i piosenki. Nie zapomnia\u0142y o chwilce nostalgii. Wsp\u00f3lnie ogl\u0105dali\u015bmy szkolne kroniki, te wsp\u00f3\u0142czesne i te sprzed bardzo wielu lat. Hitem okaza\u0142a si\u0119 jednak wielopokoleniowa dyskoteka przy piosenkach z [&hellip;]<\/p>\n","protected":false},"author":1,"featured_media":8574,"comment_status":"closed","ping_status":"closed","sticky":false,"template":"","format":"standard","meta":{"footnotes":""},"categories":[5],"tags":[],"class_list":["post-8573","post","type-post","status-publish","format-standard","has-post-thumbnail","hentry","category-s-p-bielsk"],"_links":{"self":[{"href":"https:\/\/spbielsk.pl\/index.php?rest_route=\/wp\/v2\/posts\/8573","targetHints":{"allow":["GET"]}}],"collection":[{"href":"https:\/\/spbielsk.pl\/index.php?rest_route=\/wp\/v2\/posts"}],"about":[{"href":"https:\/\/spbielsk.pl\/index.php?rest_route=\/wp\/v2\/types\/post"}],"author":[{"embeddable":true,"href":"https:\/\/spbielsk.pl\/index.php?rest_route=\/wp\/v2\/users\/1"}],"replies":[{"embeddable":true,"href":"https:\/\/spbielsk.pl\/index.php?rest_route=%2Fwp%2Fv2%2Fcomments&post=8573"}],"version-history":[{"count":1,"href":"https:\/\/spbielsk.pl\/index.php?rest_route=\/wp\/v2\/posts\/8573\/revisions"}],"predecessor-version":[{"id":8575,"href":"https:\/\/spbielsk.pl\/index.php?rest_route=\/wp\/v2\/posts\/8573\/revisions\/8575"}],"wp:featuredmedia":[{"embeddable":true,"href":"https:\/\/spbielsk.pl\/index.php?rest_route=\/wp\/v2\/media\/8574"}],"wp:attachment":[{"href":"https:\/\/spbielsk.pl\/index.php?rest_route=%2Fwp%2Fv2%2Fmedia&parent=8573"}],"wp:term":[{"taxonomy":"category","embeddable":true,"href":"https:\/\/spbielsk.pl\/index.php?rest_route=%2Fwp%2Fv2%2Fcategories&post=8573"},{"taxonomy":"post_tag","embeddable":true,"href":"https:\/\/spbielsk.pl\/index.php?rest_route=%2Fwp%2Fv2%2Ftags&post=8573"}],"curies":[{"name":"wp","href":"https:\/\/api.w.org\/{rel}","templated":true}]}}