{"id":8438,"date":"2023-12-16T15:35:35","date_gmt":"2023-12-16T14:35:35","guid":{"rendered":"http:\/\/spbielsk.pl\/?p=8438"},"modified":"2023-12-16T15:35:57","modified_gmt":"2023-12-16T14:35:57","slug":"sukces-w-ogolnopolskim-konkursie-historycznym","status":"publish","type":"post","link":"https:\/\/spbielsk.pl\/?p=8438","title":{"rendered":"SUKCES W OG\u00d3LNOPOLSKIM KONKURSIE HISTORYCZNYM!"},"content":{"rendered":"\n<div class=\"x11i5rnm xat24cr x1mh8g0r x1vvkbs xtlvy1s x126k92a\">\n<div dir=\"auto\" style=\"text-align: justify;\">Z dum\u0105 pragniemy poinformowa\u0107, i\u017c Przemys\u0142aw Michalski ucze\u0144 klasy 6a zaj\u0105\u0142 1 miejsce w\u015br\u00f3d uczni\u00f3w z powiat\u00f3w p\u0142ockiego, sierpeckiego i gostyni\u0144skiego w drugim etapie konkursu historycznego &#8222;Losy \u017co\u0142nierza i dzieje or\u0119\u017ca polskiego w latach 1768-1864. Od konfederacji barskiej do powstania styczniowego. Za nasz\u0105 i wasz\u0105 wolno\u015b\u0107&#8221;<span class=\"x3nfvp2 x1j61x8r x1fcty0u xdj266r xhhsvwb xat24cr xgzva0m xxymvpz xlup9mm x1kky2od\">.<\/span><\/div>\n<\/div>\n<div class=\"x11i5rnm xat24cr x1mh8g0r x1vvkbs xtlvy1s x126k92a\">\n<div dir=\"auto\" style=\"text-align: justify;\">Wynik osi\u0105gni\u0119ty przez Przemka oznacza ponadto zaj\u0119cie bardzo wysokiego 5 miejsca w\u015br\u00f3d wszyskich 281 uczestnik\u00f3w konkursu w wojew\u00f3dztwie mazowieckim, w tym Warszawy ze strat\u0105 zaledwie 1 punktu do miejsca drugiego. Uzyskany wynik jest oczywi\u015bcie kwalifikacj\u0105 do etapu ponadwojew\u00f3dzkiego, kt\u00f3ry odb\u0119dzie si\u0119 w Warszawie w marcu 2024 roku.<\/div>\n<\/div>\n<p><!--more--><\/p>\n<div class=\"x11i5rnm xat24cr x1mh8g0r x1vvkbs xtlvy1s x126k92a\">\n<div dir=\"auto\">W tegorocznej edycji konkursu w ca\u0142ej Polsce wzi\u0119\u0142o udzia\u0142 w drugim etapie \u0142\u0105cznie 1137 uczestnik\u00f3w.<\/div>\n<\/div>\n<div class=\"x11i5rnm xat24cr x1mh8g0r x1vvkbs xtlvy1s x126k92a\">\n<div dir=\"auto\">Warto przypomnie\u0107, i\u017c Przemek jest laureatem dw\u00f3ch poprzednich edycji konkusu &#8222;Losy \u017co\u0142nierza&#8221; i finalist\u0105 zawod\u00f3w krajowych w zesz\u0142ym roku szkolnym.<\/div>\n<\/div>\n<div class=\"x11i5rnm xat24cr x1mh8g0r x1vvkbs xtlvy1s x126k92a\">\n<div dir=\"auto\">Ucze\u0144 do konkursu przygotowuje si\u0119 pod opiek\u0105 p. \u0141ukasza J\u0119drzejewskiego.<\/div>\n<\/div>\n<div class=\"x11i5rnm xat24cr x1mh8g0r x1vvkbs xtlvy1s x126k92a\">\n<div dir=\"auto\">Serdecznie gratulujemy i \u017cyczymy powodzenia w kolejnym etapie konkursu<span class=\"x3nfvp2 x1j61x8r x1fcty0u xdj266r xhhsvwb xat24cr xgzva0m xxymvpz xlup9mm x1kky2od\">!<\/span><\/div>\n<\/div>\n","protected":false},"excerpt":{"rendered":"<p>Z dum\u0105 pragniemy poinformowa\u0107, i\u017c Przemys\u0142aw Michalski ucze\u0144 klasy 6a zaj\u0105\u0142 1 miejsce w\u015br\u00f3d uczni\u00f3w z powiat\u00f3w p\u0142ockiego, sierpeckiego i gostyni\u0144skiego w drugim etapie konkursu historycznego &#8222;Losy \u017co\u0142nierza i dzieje or\u0119\u017ca polskiego w latach 1768-1864. Od konfederacji barskiej do powstania styczniowego. Za nasz\u0105 i wasz\u0105 wolno\u015b\u0107&#8221;. Wynik osi\u0105gni\u0119ty przez Przemka oznacza ponadto zaj\u0119cie bardzo wysokiego [&hellip;]<\/p>\n","protected":false},"author":1,"featured_media":8439,"comment_status":"closed","ping_status":"closed","sticky":false,"template":"","format":"standard","meta":{"footnotes":""},"categories":[5],"tags":[],"class_list":["post-8438","post","type-post","status-publish","format-standard","has-post-thumbnail","hentry","category-s-p-bielsk"],"_links":{"self":[{"href":"https:\/\/spbielsk.pl\/index.php?rest_route=\/wp\/v2\/posts\/8438","targetHints":{"allow":["GET"]}}],"collection":[{"href":"https:\/\/spbielsk.pl\/index.php?rest_route=\/wp\/v2\/posts"}],"about":[{"href":"https:\/\/spbielsk.pl\/index.php?rest_route=\/wp\/v2\/types\/post"}],"author":[{"embeddable":true,"href":"https:\/\/spbielsk.pl\/index.php?rest_route=\/wp\/v2\/users\/1"}],"replies":[{"embeddable":true,"href":"https:\/\/spbielsk.pl\/index.php?rest_route=%2Fwp%2Fv2%2Fcomments&post=8438"}],"version-history":[{"count":2,"href":"https:\/\/spbielsk.pl\/index.php?rest_route=\/wp\/v2\/posts\/8438\/revisions"}],"predecessor-version":[{"id":8442,"href":"https:\/\/spbielsk.pl\/index.php?rest_route=\/wp\/v2\/posts\/8438\/revisions\/8442"}],"wp:featuredmedia":[{"embeddable":true,"href":"https:\/\/spbielsk.pl\/index.php?rest_route=\/wp\/v2\/media\/8439"}],"wp:attachment":[{"href":"https:\/\/spbielsk.pl\/index.php?rest_route=%2Fwp%2Fv2%2Fmedia&parent=8438"}],"wp:term":[{"taxonomy":"category","embeddable":true,"href":"https:\/\/spbielsk.pl\/index.php?rest_route=%2Fwp%2Fv2%2Fcategories&post=8438"},{"taxonomy":"post_tag","embeddable":true,"href":"https:\/\/spbielsk.pl\/index.php?rest_route=%2Fwp%2Fv2%2Ftags&post=8438"}],"curies":[{"name":"wp","href":"https:\/\/api.w.org\/{rel}","templated":true}]}}