{"id":8273,"date":"2023-11-06T07:58:39","date_gmt":"2023-11-06T06:58:39","guid":{"rendered":"http:\/\/spbielsk.pl\/?p=8273"},"modified":"2023-11-06T07:58:40","modified_gmt":"2023-11-06T06:58:40","slug":"narodowe-swieto-niepodleglosci-5","status":"publish","type":"post","link":"https:\/\/spbielsk.pl\/?p=8273","title":{"rendered":"Narodowe \u015awi\u0119to Niepodleg\u0142o\u015bci"},"content":{"rendered":"\n<p><span class=\"x193iq5w xeuugli x13faqbe x1vvkbs x1xmvt09 x1lliihq x1s928wv xhkezso x1gmr53x x1cpjm7i x1fgarty x1943h6x xudqn12 x3x7a5m x6prxxf xvq8zen xo1l8bm xzsf02u x1yc453h\" dir=\"auto\">Jako wsp\u00f3\u0142organizator gminnych obchod\u00f3w Narodowego \u015awi\u0119ta Niepodleg\u0142o\u015bci 11 listopada 2023 roku, serdecznie zapraszamy na program s\u0142owno-muzyczny w wykonaniu uczni\u00f3w naszej szko\u0142y.<\/span><\/p>\n<p style=\"text-align: center;\"><a href=\"http:\/\/spbielsk.pl\/wp-content\/uploads\/2023\/11\/398703109_663841969193845_8835554969385574800_n.jpg\" rel=\"lightbox[8273]\"><img fetchpriority=\"high\" decoding=\"async\" class=\"aligncenter wp-image-8274\" src=\"http:\/\/spbielsk.pl\/wp-content\/uploads\/2023\/11\/398703109_663841969193845_8835554969385574800_n-300x300.jpg\" alt=\"\" width=\"332\" height=\"332\" srcset=\"https:\/\/spbielsk.pl\/wp-content\/uploads\/2023\/11\/398703109_663841969193845_8835554969385574800_n-300x300.jpg 300w, https:\/\/spbielsk.pl\/wp-content\/uploads\/2023\/11\/398703109_663841969193845_8835554969385574800_n-100x100.jpg 100w, https:\/\/spbielsk.pl\/wp-content\/uploads\/2023\/11\/398703109_663841969193845_8835554969385574800_n.jpg 768w\" sizes=\"(max-width: 332px) 100vw, 332px\" \/><\/a><\/p>\n","protected":false},"excerpt":{"rendered":"<p>Jako wsp\u00f3\u0142organizator gminnych obchod\u00f3w Narodowego \u015awi\u0119ta Niepodleg\u0142o\u015bci 11 listopada 2023 roku, serdecznie zapraszamy na program s\u0142owno-muzyczny w wykonaniu uczni\u00f3w naszej szko\u0142y.<\/p>\n","protected":false},"author":1,"featured_media":0,"comment_status":"closed","ping_status":"closed","sticky":false,"template":"","format":"standard","meta":{"footnotes":""},"categories":[5],"tags":[],"class_list":["post-8273","post","type-post","status-publish","format-standard","hentry","category-s-p-bielsk"],"_links":{"self":[{"href":"https:\/\/spbielsk.pl\/index.php?rest_route=\/wp\/v2\/posts\/8273","targetHints":{"allow":["GET"]}}],"collection":[{"href":"https:\/\/spbielsk.pl\/index.php?rest_route=\/wp\/v2\/posts"}],"about":[{"href":"https:\/\/spbielsk.pl\/index.php?rest_route=\/wp\/v2\/types\/post"}],"author":[{"embeddable":true,"href":"https:\/\/spbielsk.pl\/index.php?rest_route=\/wp\/v2\/users\/1"}],"replies":[{"embeddable":true,"href":"https:\/\/spbielsk.pl\/index.php?rest_route=%2Fwp%2Fv2%2Fcomments&post=8273"}],"version-history":[{"count":1,"href":"https:\/\/spbielsk.pl\/index.php?rest_route=\/wp\/v2\/posts\/8273\/revisions"}],"predecessor-version":[{"id":8275,"href":"https:\/\/spbielsk.pl\/index.php?rest_route=\/wp\/v2\/posts\/8273\/revisions\/8275"}],"wp:attachment":[{"href":"https:\/\/spbielsk.pl\/index.php?rest_route=%2Fwp%2Fv2%2Fmedia&parent=8273"}],"wp:term":[{"taxonomy":"category","embeddable":true,"href":"https:\/\/spbielsk.pl\/index.php?rest_route=%2Fwp%2Fv2%2Fcategories&post=8273"},{"taxonomy":"post_tag","embeddable":true,"href":"https:\/\/spbielsk.pl\/index.php?rest_route=%2Fwp%2Fv2%2Ftags&post=8273"}],"curies":[{"name":"wp","href":"https:\/\/api.w.org\/{rel}","templated":true}]}}