{"id":8254,"date":"2023-11-03T05:19:48","date_gmt":"2023-11-03T04:19:48","guid":{"rendered":"http:\/\/spbielsk.pl\/?p=8254"},"modified":"2023-11-03T05:19:50","modified_gmt":"2023-11-03T04:19:50","slug":"czlowiek-zyje-dopoty-dopoki-trwa-pamiec-o-nim-2","status":"publish","type":"post","link":"https:\/\/spbielsk.pl\/?p=8254","title":{"rendered":"Cz\u0142owiek \u017cyje dop\u00f3ty, dop\u00f3ki trwa pami\u0119\u0107 o nim&#8230;"},"content":{"rendered":"\n<div class=\"x11i5rnm xat24cr x1mh8g0r x1vvkbs xtlvy1s x126k92a\">\n<div dir=\"auto\" style=\"text-align: justify;\">W okresie kiedy wspominamy naszych bliskich, szczeg\u00f3lnie wa\u017cne jest pami\u0119ta\u0107 o lokalnych bohaterach, kt\u00f3rzy walczyli i oddali \u017cycie w imi\u0119 wolno\u015bci Ojczyzny.\u00a0<\/div>\n<\/div>\n<div class=\"x11i5rnm xat24cr x1mh8g0r x1vvkbs xtlvy1s x126k92a\" style=\"text-align: justify;\">\n<div dir=\"auto\">W mijaj\u0105cym tygodniu uczniowie klas \u00f3smych naszej szko\u0142y wraz z opiekunami uporz\u0105dkowali groby lokalnych bohater\u00f3w na cmentarzu parafialnym w Bielsku oraz odwiedzili lokalne miejsca pami\u0119ci.\u00a0<\/div>\n<\/div>\n<div class=\"x11i5rnm xat24cr x1mh8g0r x1vvkbs xtlvy1s x126k92a\">\n<div dir=\"auto\" style=\"text-align: justify;\">Nasza szko\u0142a nigdy nie zapomina.<\/div>\n<\/div>\n<p><!--more--><\/p>\n<div dir=\"auto\" style=\"text-align: center;\">\r\n<div class=\"ngg-galleryoverview\" id=\"ngg-gallery-888-8254\">\r\n\r\n\t<!-- Slideshow link -->\r\n\t<div class=\"slideshowlink\">\r\n\t\t<a class=\"slideshowlink\" href=\"https:\/\/spbielsk.pl\/?p=8254&amp;show=slide\">\r\n\t\t\t[Show slideshow]\t\t<\/a>\r\n\t<\/div>\r\n\r\n\t\r\n\t<!-- Thumbnails -->\r\n\t\t\r\n\t<div id=\"ngg-image-23433\" class=\"ngg-gallery-thumbnail-box\"  >\r\n\t\t<div class=\"ngg-gallery-thumbnail\" >\r\n\t\t\t<a href=\"https:\/\/spbielsk.pl\/wp-content\/gallery\/szkola-cmentarz-listopad-2023\/396477038_844268764157445_2312592806669748488_n.jpg\" title=\" \"   rel=\"lightbox[8254]\">\r\n\t\t\t\t\t\t\t\t<img decoding=\"async\" title=\"396477038_844268764157445_2312592806669748488_n\" alt=\"396477038_844268764157445_2312592806669748488_n\" src=\"https:\/\/spbielsk.pl\/wp-content\/gallery\/szkola-cmentarz-listopad-2023\/thumbs\/thumbs_396477038_844268764157445_2312592806669748488_n.jpg\" width=\"120\" height=\"90\" \/>\r\n\t\t\t\t\t\t\t<\/a>\r\n\t\t<\/div>\r\n\t<\/div>\r\n\t\r\n\t\t\r\n \t\t\r\n\t<div id=\"ngg-image-23434\" class=\"ngg-gallery-thumbnail-box\"  >\r\n\t\t<div class=\"ngg-gallery-thumbnail\" >\r\n\t\t\t<a href=\"https:\/\/spbielsk.pl\/wp-content\/gallery\/szkola-cmentarz-listopad-2023\/396490581_844268767490778_5283409462205494852_n.jpg\" title=\" \"   rel=\"lightbox[8254]\">\r\n\t\t\t\t\t\t\t\t<img decoding=\"async\" title=\"396490581_844268767490778_5283409462205494852_n\" alt=\"396490581_844268767490778_5283409462205494852_n\" src=\"https:\/\/spbielsk.pl\/wp-content\/gallery\/szkola-cmentarz-listopad-2023\/thumbs\/thumbs_396490581_844268767490778_5283409462205494852_n.jpg\" width=\"120\" height=\"90\" \/>\r\n\t\t\t\t\t\t\t<\/a>\r\n\t\t<\/div>\r\n\t<\/div>\r\n\t\r\n\t\t\r\n \t\t\r\n\t<div id=\"ngg-image-23435\" class=\"ngg-gallery-thumbnail-box\"  >\r\n\t\t<div class=\"ngg-gallery-thumbnail\" >\r\n\t\t\t<a href=\"https:\/\/spbielsk.pl\/wp-content\/gallery\/szkola-cmentarz-listopad-2023\/396728137_844268754157446_6666642356147473203_n.jpg\" title=\" \"   rel=\"lightbox[8254]\">\r\n\t\t\t\t\t\t\t\t<img decoding=\"async\" title=\"396728137_844268754157446_6666642356147473203_n\" alt=\"396728137_844268754157446_6666642356147473203_n\" src=\"https:\/\/spbielsk.pl\/wp-content\/gallery\/szkola-cmentarz-listopad-2023\/thumbs\/thumbs_396728137_844268754157446_6666642356147473203_n.jpg\" width=\"120\" height=\"90\" \/>\r\n\t\t\t\t\t\t\t<\/a>\r\n\t\t<\/div>\r\n\t<\/div>\r\n\t\r\n\t\t\r\n \t\t\r\n\t<div id=\"ngg-image-23436\" class=\"ngg-gallery-thumbnail-box\"  >\r\n\t\t<div class=\"ngg-gallery-thumbnail\" >\r\n\t\t\t<a href=\"https:\/\/spbielsk.pl\/wp-content\/gallery\/szkola-cmentarz-listopad-2023\/398973822_844268820824106_3430483679322499467_n.jpg\" title=\" \"   rel=\"lightbox[8254]\">\r\n\t\t\t\t\t\t\t\t<img loading=\"lazy\" decoding=\"async\" title=\"398973822_844268820824106_3430483679322499467_n\" alt=\"398973822_844268820824106_3430483679322499467_n\" src=\"https:\/\/spbielsk.pl\/wp-content\/gallery\/szkola-cmentarz-listopad-2023\/thumbs\/thumbs_398973822_844268820824106_3430483679322499467_n.jpg\" width=\"120\" height=\"90\" \/>\r\n\t\t\t\t\t\t\t<\/a>\r\n\t\t<\/div>\r\n\t<\/div>\r\n\t\r\n\t\t\r\n \t\t\r\n\t<div id=\"ngg-image-23437\" class=\"ngg-gallery-thumbnail-box\"  >\r\n\t\t<div class=\"ngg-gallery-thumbnail\" >\r\n\t\t\t<a href=\"https:\/\/spbielsk.pl\/wp-content\/gallery\/szkola-cmentarz-listopad-2023\/398981107_844268830824105_7703440416674015432_n.jpg\" title=\" \"   rel=\"lightbox[8254]\">\r\n\t\t\t\t\t\t\t\t<img loading=\"lazy\" decoding=\"async\" title=\"398981107_844268830824105_7703440416674015432_n\" alt=\"398981107_844268830824105_7703440416674015432_n\" src=\"https:\/\/spbielsk.pl\/wp-content\/gallery\/szkola-cmentarz-listopad-2023\/thumbs\/thumbs_398981107_844268830824105_7703440416674015432_n.jpg\" width=\"120\" height=\"90\" \/>\r\n\t\t\t\t\t\t\t<\/a>\r\n\t\t<\/div>\r\n\t<\/div>\r\n\t\r\n\t\t\r\n \t \t\r\n\t<!-- Pagination -->\r\n \t<div class='ngg-clear'><\/div>\n \t\r\n<\/div>\r\n\r\n\u00a0\u00a0\u00a0\u00a0<\/div>\n<div dir=\"auto\" style=\"text-align: center;\">\u00a0<\/div>\n<div dir=\"auto\">\u00a0<\/div>\n<div dir=\"auto\">\u00a0<\/div>\n","protected":false},"excerpt":{"rendered":"<p>W okresie kiedy wspominamy naszych bliskich, szczeg\u00f3lnie wa\u017cne jest pami\u0119ta\u0107 o lokalnych bohaterach, kt\u00f3rzy walczyli i oddali \u017cycie w imi\u0119 wolno\u015bci Ojczyzny.\u00a0 W mijaj\u0105cym tygodniu uczniowie klas \u00f3smych naszej szko\u0142y wraz z opiekunami uporz\u0105dkowali groby lokalnych bohater\u00f3w na cmentarzu parafialnym w Bielsku oraz odwiedzili lokalne miejsca pami\u0119ci.\u00a0 Nasza szko\u0142a nigdy nie zapomina.<\/p>\n","protected":false},"author":1,"featured_media":8255,"comment_status":"closed","ping_status":"closed","sticky":false,"template":"","format":"standard","meta":{"footnotes":""},"categories":[5],"tags":[],"class_list":["post-8254","post","type-post","status-publish","format-standard","has-post-thumbnail","hentry","category-s-p-bielsk"],"_links":{"self":[{"href":"https:\/\/spbielsk.pl\/index.php?rest_route=\/wp\/v2\/posts\/8254","targetHints":{"allow":["GET"]}}],"collection":[{"href":"https:\/\/spbielsk.pl\/index.php?rest_route=\/wp\/v2\/posts"}],"about":[{"href":"https:\/\/spbielsk.pl\/index.php?rest_route=\/wp\/v2\/types\/post"}],"author":[{"embeddable":true,"href":"https:\/\/spbielsk.pl\/index.php?rest_route=\/wp\/v2\/users\/1"}],"replies":[{"embeddable":true,"href":"https:\/\/spbielsk.pl\/index.php?rest_route=%2Fwp%2Fv2%2Fcomments&post=8254"}],"version-history":[{"count":1,"href":"https:\/\/spbielsk.pl\/index.php?rest_route=\/wp\/v2\/posts\/8254\/revisions"}],"predecessor-version":[{"id":8256,"href":"https:\/\/spbielsk.pl\/index.php?rest_route=\/wp\/v2\/posts\/8254\/revisions\/8256"}],"wp:featuredmedia":[{"embeddable":true,"href":"https:\/\/spbielsk.pl\/index.php?rest_route=\/wp\/v2\/media\/8255"}],"wp:attachment":[{"href":"https:\/\/spbielsk.pl\/index.php?rest_route=%2Fwp%2Fv2%2Fmedia&parent=8254"}],"wp:term":[{"taxonomy":"category","embeddable":true,"href":"https:\/\/spbielsk.pl\/index.php?rest_route=%2Fwp%2Fv2%2Fcategories&post=8254"},{"taxonomy":"post_tag","embeddable":true,"href":"https:\/\/spbielsk.pl\/index.php?rest_route=%2Fwp%2Fv2%2Ftags&post=8254"}],"curies":[{"name":"wp","href":"https:\/\/api.w.org\/{rel}","templated":true}]}}