{"id":8203,"date":"2023-10-12T04:50:51","date_gmt":"2023-10-12T03:50:51","guid":{"rendered":"http:\/\/spbielsk.pl\/?p=8203"},"modified":"2023-10-12T04:50:52","modified_gmt":"2023-10-12T03:50:52","slug":"sztafetowe-biegi-przelajowe-radzanowo-2023","status":"publish","type":"post","link":"https:\/\/spbielsk.pl\/?p=8203","title":{"rendered":"SZTAFETOWE BIEGI PRZE\u0141AJOWE RADZANOWO 2023"},"content":{"rendered":"\n<div class=\"x11i5rnm xat24cr x1mh8g0r x1vvkbs xtlvy1s x126k92a\">\n<div dir=\"auto\" style=\"text-align: justify;\">6 pa\u017adziernika 2023 r. w Radzanowie odby\u0142y si\u0119 Powiatowe Sztafetowe Biegi Prze\u0142ajowe w ramach Igrzysk M\u0142odzie\u017cy Szkolnej. Do rywalizacji przyst\u0105pi\u0142o \u0142\u0105cznie 11 szk\u00f3\u0142 z terenu powiatu p\u0142ockiego. Dru\u017cyna ch\u0142opc\u00f3w w sk\u0142adzie: Marczewski Filip, Rojewski Wojciech, Tercjak \u0141ukasz, Koz\u0142owski Aleksander, D\u0105bkowski Jakub, Budnicki Marcel, Sarnowski Bart\u0142omiej oraz Ogrodnik Szymon zaj\u0119\u0142a I miejsce.<\/div>\n<\/div>\n<div class=\"x11i5rnm xat24cr x1mh8g0r x1vvkbs xtlvy1s x126k92a\" style=\"text-align: justify;\">\n<div dir=\"auto\">Dru\u017cyna dziewcz\u0105t w sk\u0142adzie: \u0141uniewska Julia, Reszczy\u0144ska Natalia, Dominiak Kalina, Marczewska Aleksandra, Bielecka Hanna, Leszczy\u0144ska Anna, Lorenc Maja, oraz Chorzewska Julia zaj\u0119\u0142a II miejsce.<\/div>\n<\/div>\n<div class=\"x11i5rnm xat24cr x1mh8g0r x1vvkbs xtlvy1s x126k92a\">\n<div dir=\"auto\" style=\"text-align: justify;\">Wszytkim uczestnikom zawod\u00f3w serdecznie gratulujemy osi\u0105gni\u0119tych wynik\u00f3w i \u017cyczymy sukces\u00f3w w kolejnych zawodach<span class=\"x3nfvp2 x1j61x8r x1fcty0u xdj266r xhhsvwb xat24cr xgzva0m xxymvpz xlup9mm x1kky2od\">!<\/span><\/div>\n<\/div>\n<p><!--more--><\/p>\n<p style=\"text-align: center;\">\r\n<div class=\"ngg-galleryoverview\" id=\"ngg-gallery-880-8203\">\r\n\r\n\t<!-- Slideshow link -->\r\n\t<div class=\"slideshowlink\">\r\n\t\t<a class=\"slideshowlink\" href=\"https:\/\/spbielsk.pl\/?p=8203&amp;show=slide\">\r\n\t\t\t[Show slideshow]\t\t<\/a>\r\n\t<\/div>\r\n\r\n\t\r\n\t<!-- Thumbnails -->\r\n\t\t\r\n\t<div id=\"ngg-image-23230\" class=\"ngg-gallery-thumbnail-box\"  >\r\n\t\t<div class=\"ngg-gallery-thumbnail\" >\r\n\t\t\t<a href=\"https:\/\/spbielsk.pl\/wp-content\/gallery\/biegi-sztafetowe-pazdziernik-2023\/386748809_831483255435996_8767425993068921832_n.jpg\" title=\" \"   rel=\"lightbox[8203]\">\r\n\t\t\t\t\t\t\t\t<img decoding=\"async\" title=\"386748809_831483255435996_8767425993068921832_n\" alt=\"386748809_831483255435996_8767425993068921832_n\" src=\"https:\/\/spbielsk.pl\/wp-content\/gallery\/biegi-sztafetowe-pazdziernik-2023\/thumbs\/thumbs_386748809_831483255435996_8767425993068921832_n.jpg\" width=\"120\" height=\"90\" \/>\r\n\t\t\t\t\t\t\t<\/a>\r\n\t\t<\/div>\r\n\t<\/div>\r\n\t\r\n\t\t\r\n \t\t\r\n\t<div id=\"ngg-image-23231\" class=\"ngg-gallery-thumbnail-box\"  >\r\n\t\t<div class=\"ngg-gallery-thumbnail\" >\r\n\t\t\t<a href=\"https:\/\/spbielsk.pl\/wp-content\/gallery\/biegi-sztafetowe-pazdziernik-2023\/387011802_831483265435995_4451060934492150168_n.jpg\" title=\" \"   rel=\"lightbox[8203]\">\r\n\t\t\t\t\t\t\t\t<img decoding=\"async\" title=\"387011802_831483265435995_4451060934492150168_n\" alt=\"387011802_831483265435995_4451060934492150168_n\" src=\"https:\/\/spbielsk.pl\/wp-content\/gallery\/biegi-sztafetowe-pazdziernik-2023\/thumbs\/thumbs_387011802_831483265435995_4451060934492150168_n.jpg\" width=\"120\" height=\"90\" \/>\r\n\t\t\t\t\t\t\t<\/a>\r\n\t\t<\/div>\r\n\t<\/div>\r\n\t\r\n\t\t\r\n \t\t\r\n\t<div id=\"ngg-image-23232\" class=\"ngg-gallery-thumbnail-box\"  >\r\n\t\t<div class=\"ngg-gallery-thumbnail\" >\r\n\t\t\t<a href=\"https:\/\/spbielsk.pl\/wp-content\/gallery\/biegi-sztafetowe-pazdziernik-2023\/387049292_831483245435997_6051805882026611692_n.jpg\" title=\" \"   rel=\"lightbox[8203]\">\r\n\t\t\t\t\t\t\t\t<img decoding=\"async\" title=\"387049292_831483245435997_6051805882026611692_n\" alt=\"387049292_831483245435997_6051805882026611692_n\" src=\"https:\/\/spbielsk.pl\/wp-content\/gallery\/biegi-sztafetowe-pazdziernik-2023\/thumbs\/thumbs_387049292_831483245435997_6051805882026611692_n.jpg\" width=\"120\" height=\"90\" \/>\r\n\t\t\t\t\t\t\t<\/a>\r\n\t\t<\/div>\r\n\t<\/div>\r\n\t\r\n\t\t\r\n \t\t\r\n\t<div id=\"ngg-image-23233\" class=\"ngg-gallery-thumbnail-box\"  >\r\n\t\t<div class=\"ngg-gallery-thumbnail\" >\r\n\t\t\t<a href=\"https:\/\/spbielsk.pl\/wp-content\/gallery\/biegi-sztafetowe-pazdziernik-2023\/387060718_831483318769323_8510296811891456509_n.jpg\" title=\" \"   rel=\"lightbox[8203]\">\r\n\t\t\t\t\t\t\t\t<img loading=\"lazy\" decoding=\"async\" title=\"387060718_831483318769323_8510296811891456509_n\" alt=\"387060718_831483318769323_8510296811891456509_n\" src=\"https:\/\/spbielsk.pl\/wp-content\/gallery\/biegi-sztafetowe-pazdziernik-2023\/thumbs\/thumbs_387060718_831483318769323_8510296811891456509_n.jpg\" width=\"120\" height=\"90\" \/>\r\n\t\t\t\t\t\t\t<\/a>\r\n\t\t<\/div>\r\n\t<\/div>\r\n\t\r\n\t\t\r\n \t \t\r\n\t<!-- Pagination -->\r\n \t<div class='ngg-clear'><\/div>\n \t\r\n<\/div>\r\n\r\n<\/p>\n","protected":false},"excerpt":{"rendered":"<p>6 pa\u017adziernika 2023 r. w Radzanowie odby\u0142y si\u0119 Powiatowe Sztafetowe Biegi Prze\u0142ajowe w ramach Igrzysk M\u0142odzie\u017cy Szkolnej. Do rywalizacji przyst\u0105pi\u0142o \u0142\u0105cznie 11 szk\u00f3\u0142 z terenu powiatu p\u0142ockiego. Dru\u017cyna ch\u0142opc\u00f3w w sk\u0142adzie: Marczewski Filip, Rojewski Wojciech, Tercjak \u0141ukasz, Koz\u0142owski Aleksander, D\u0105bkowski Jakub, Budnicki Marcel, Sarnowski Bart\u0142omiej oraz Ogrodnik Szymon zaj\u0119\u0142a I miejsce. Dru\u017cyna dziewcz\u0105t w sk\u0142adzie: [&hellip;]<\/p>\n","protected":false},"author":1,"featured_media":8204,"comment_status":"closed","ping_status":"closed","sticky":false,"template":"","format":"standard","meta":{"footnotes":""},"categories":[5],"tags":[],"class_list":["post-8203","post","type-post","status-publish","format-standard","has-post-thumbnail","hentry","category-s-p-bielsk"],"_links":{"self":[{"href":"https:\/\/spbielsk.pl\/index.php?rest_route=\/wp\/v2\/posts\/8203","targetHints":{"allow":["GET"]}}],"collection":[{"href":"https:\/\/spbielsk.pl\/index.php?rest_route=\/wp\/v2\/posts"}],"about":[{"href":"https:\/\/spbielsk.pl\/index.php?rest_route=\/wp\/v2\/types\/post"}],"author":[{"embeddable":true,"href":"https:\/\/spbielsk.pl\/index.php?rest_route=\/wp\/v2\/users\/1"}],"replies":[{"embeddable":true,"href":"https:\/\/spbielsk.pl\/index.php?rest_route=%2Fwp%2Fv2%2Fcomments&post=8203"}],"version-history":[{"count":1,"href":"https:\/\/spbielsk.pl\/index.php?rest_route=\/wp\/v2\/posts\/8203\/revisions"}],"predecessor-version":[{"id":8205,"href":"https:\/\/spbielsk.pl\/index.php?rest_route=\/wp\/v2\/posts\/8203\/revisions\/8205"}],"wp:featuredmedia":[{"embeddable":true,"href":"https:\/\/spbielsk.pl\/index.php?rest_route=\/wp\/v2\/media\/8204"}],"wp:attachment":[{"href":"https:\/\/spbielsk.pl\/index.php?rest_route=%2Fwp%2Fv2%2Fmedia&parent=8203"}],"wp:term":[{"taxonomy":"category","embeddable":true,"href":"https:\/\/spbielsk.pl\/index.php?rest_route=%2Fwp%2Fv2%2Fcategories&post=8203"},{"taxonomy":"post_tag","embeddable":true,"href":"https:\/\/spbielsk.pl\/index.php?rest_route=%2Fwp%2Fv2%2Ftags&post=8203"}],"curies":[{"name":"wp","href":"https:\/\/api.w.org\/{rel}","templated":true}]}}