{"id":8199,"date":"2023-10-10T10:10:16","date_gmt":"2023-10-10T09:10:16","guid":{"rendered":"http:\/\/spbielsk.pl\/?p=8199"},"modified":"2023-10-10T10:10:17","modified_gmt":"2023-10-10T09:10:17","slug":"ogolnopolski-dzien-glosnego-czytania-iii-edycja-czytamy-z-sercem","status":"publish","type":"post","link":"https:\/\/spbielsk.pl\/?p=8199","title":{"rendered":"Og\u00f3lnopolski Dzie\u0144 G\u0142o\u015bnego Czytania \u2013 III edycja \u201eCzytamy z Sercem\u201d"},"content":{"rendered":"\n<p style=\"text-align: justify;\">W dniach od 29 wrze\u015bnia do 5 pa\u017adziernika \u00a0uczniowie naszej szko\u0142y uczestniczyli po raz trzeci \u00a0w og\u00f3lnopolskiej akcji czytelniczej\u00a0 \u201eCzytamy z Sercem\u201d. W ramach wydarzenia odby\u0142y si\u0119 w klasach 4 lekcje, w czasie kt\u00f3rych uczniowie przyswoili sobie informacje na temat serca jako narz\u0105du, a tak\u017ce poznali sposoby, jak o nie dba\u0107 i jak rozpozna\u0107 choroby uk\u0142adu kr\u0105\u017cenia. By\u0142a to r\u00f3wnie\u017c okazja do g\u0142o\u015bnego, p\u0142ynnego czytania tekst\u00f3w literackich i popularnonaukowych, \u00a0kt\u00f3rych tematem by\u0142o serce.<\/p>\n<p style=\"text-align: justify;\">Dzi\u0119ki ulotkom przygotowanym przez fundacj\u0119 Serce Dziecka uczniowie zapoznali si\u0119 z zasadami udzielania pierwszej pomocy przedmedycznej <br \/>w przypadku zas\u0142abni\u0119cia lub utraty przytomno\u015bci. W bibliotece mo\u017cna by\u0142o obejrze\u0107 okoliczno\u015bciow\u0105 gazetk\u0119, kolorowa\u0107 du\u017ce serce i ma\u0142e serduszka, wykona\u0107 r\u00f3\u017cne kreatywne zadania.<\/p>\n<p style=\"text-align: center;\"><!--more--><\/p>\n<p style=\"text-align: center;\">\r\n<div class=\"ngg-galleryoverview\" id=\"ngg-gallery-879-8199\">\r\n\r\n\t<!-- Slideshow link -->\r\n\t<div class=\"slideshowlink\">\r\n\t\t<a class=\"slideshowlink\" href=\"https:\/\/spbielsk.pl\/?p=8199&amp;show=slide\">\r\n\t\t\t[Show slideshow]\t\t<\/a>\r\n\t<\/div>\r\n\r\n\t\r\n\t<!-- Thumbnails -->\r\n\t\t\r\n\t<div id=\"ngg-image-23222\" class=\"ngg-gallery-thumbnail-box\"  >\r\n\t\t<div class=\"ngg-gallery-thumbnail\" >\r\n\t\t\t<a href=\"https:\/\/spbielsk.pl\/wp-content\/gallery\/tydzien-glosnego-czytania-pazdziernik-2023\/370218694_343171821528761_5733620287490972510_n-copy.jpg\" title=\" \"   rel=\"lightbox[8199]\">\r\n\t\t\t\t\t\t\t\t<img decoding=\"async\" title=\"370218694_343171821528761_5733620287490972510_n-copy\" alt=\"370218694_343171821528761_5733620287490972510_n-copy\" src=\"https:\/\/spbielsk.pl\/wp-content\/gallery\/tydzien-glosnego-czytania-pazdziernik-2023\/thumbs\/thumbs_370218694_343171821528761_5733620287490972510_n-copy.jpg\" width=\"120\" height=\"90\" \/>\r\n\t\t\t\t\t\t\t<\/a>\r\n\t\t<\/div>\r\n\t<\/div>\r\n\t\r\n\t\t\r\n \t\t\r\n\t<div id=\"ngg-image-23223\" class=\"ngg-gallery-thumbnail-box\"  >\r\n\t\t<div class=\"ngg-gallery-thumbnail\" >\r\n\t\t\t<a href=\"https:\/\/spbielsk.pl\/wp-content\/gallery\/tydzien-glosnego-czytania-pazdziernik-2023\/371170439_862012698960036_6265121031184234379_n-copy.jpg\" title=\" \"   rel=\"lightbox[8199]\">\r\n\t\t\t\t\t\t\t\t<img decoding=\"async\" title=\"371170439_862012698960036_6265121031184234379_n-copy\" alt=\"371170439_862012698960036_6265121031184234379_n-copy\" src=\"https:\/\/spbielsk.pl\/wp-content\/gallery\/tydzien-glosnego-czytania-pazdziernik-2023\/thumbs\/thumbs_371170439_862012698960036_6265121031184234379_n-copy.jpg\" width=\"120\" height=\"90\" \/>\r\n\t\t\t\t\t\t\t<\/a>\r\n\t\t<\/div>\r\n\t<\/div>\r\n\t\r\n\t\t\r\n \t\t\r\n\t<div id=\"ngg-image-23224\" class=\"ngg-gallery-thumbnail-box\"  >\r\n\t\t<div class=\"ngg-gallery-thumbnail\" >\r\n\t\t\t<a href=\"https:\/\/spbielsk.pl\/wp-content\/gallery\/tydzien-glosnego-czytania-pazdziernik-2023\/385360789_688530949865932_4090130854916047878_n-copy.jpg\" title=\" \"   rel=\"lightbox[8199]\">\r\n\t\t\t\t\t\t\t\t<img decoding=\"async\" title=\"385360789_688530949865932_4090130854916047878_n-copy\" alt=\"385360789_688530949865932_4090130854916047878_n-copy\" src=\"https:\/\/spbielsk.pl\/wp-content\/gallery\/tydzien-glosnego-czytania-pazdziernik-2023\/thumbs\/thumbs_385360789_688530949865932_4090130854916047878_n-copy.jpg\" width=\"120\" height=\"90\" \/>\r\n\t\t\t\t\t\t\t<\/a>\r\n\t\t<\/div>\r\n\t<\/div>\r\n\t\r\n\t\t\r\n \t\t\r\n\t<div id=\"ngg-image-23225\" class=\"ngg-gallery-thumbnail-box\"  >\r\n\t\t<div class=\"ngg-gallery-thumbnail\" >\r\n\t\t\t<a href=\"https:\/\/spbielsk.pl\/wp-content\/gallery\/tydzien-glosnego-czytania-pazdziernik-2023\/387321544_287483677383188_2923188948082838636_n-copy.jpg\" title=\" \"   rel=\"lightbox[8199]\">\r\n\t\t\t\t\t\t\t\t<img loading=\"lazy\" decoding=\"async\" title=\"387321544_287483677383188_2923188948082838636_n-copy\" alt=\"387321544_287483677383188_2923188948082838636_n-copy\" src=\"https:\/\/spbielsk.pl\/wp-content\/gallery\/tydzien-glosnego-czytania-pazdziernik-2023\/thumbs\/thumbs_387321544_287483677383188_2923188948082838636_n-copy.jpg\" width=\"120\" height=\"90\" \/>\r\n\t\t\t\t\t\t\t<\/a>\r\n\t\t<\/div>\r\n\t<\/div>\r\n\t\r\n\t\t\r\n \t\t\r\n\t<div id=\"ngg-image-23226\" class=\"ngg-gallery-thumbnail-box\"  >\r\n\t\t<div class=\"ngg-gallery-thumbnail\" >\r\n\t\t\t<a href=\"https:\/\/spbielsk.pl\/wp-content\/gallery\/tydzien-glosnego-czytania-pazdziernik-2023\/387323231_1065714324336644_9206020146065131812_n-copy.jpg\" title=\" \"   rel=\"lightbox[8199]\">\r\n\t\t\t\t\t\t\t\t<img loading=\"lazy\" decoding=\"async\" title=\"387323231_1065714324336644_9206020146065131812_n-copy\" alt=\"387323231_1065714324336644_9206020146065131812_n-copy\" src=\"https:\/\/spbielsk.pl\/wp-content\/gallery\/tydzien-glosnego-czytania-pazdziernik-2023\/thumbs\/thumbs_387323231_1065714324336644_9206020146065131812_n-copy.jpg\" width=\"120\" height=\"90\" \/>\r\n\t\t\t\t\t\t\t<\/a>\r\n\t\t<\/div>\r\n\t<\/div>\r\n\t\r\n\t\t\r\n \t\t\r\n\t<div id=\"ngg-image-23227\" class=\"ngg-gallery-thumbnail-box\"  >\r\n\t\t<div class=\"ngg-gallery-thumbnail\" >\r\n\t\t\t<a href=\"https:\/\/spbielsk.pl\/wp-content\/gallery\/tydzien-glosnego-czytania-pazdziernik-2023\/387489937_1034282357700824_5424370725902243499_n-copy.jpg\" title=\" \"   rel=\"lightbox[8199]\">\r\n\t\t\t\t\t\t\t\t<img loading=\"lazy\" decoding=\"async\" title=\"387489937_1034282357700824_5424370725902243499_n-copy\" alt=\"387489937_1034282357700824_5424370725902243499_n-copy\" src=\"https:\/\/spbielsk.pl\/wp-content\/gallery\/tydzien-glosnego-czytania-pazdziernik-2023\/thumbs\/thumbs_387489937_1034282357700824_5424370725902243499_n-copy.jpg\" width=\"120\" height=\"90\" \/>\r\n\t\t\t\t\t\t\t<\/a>\r\n\t\t<\/div>\r\n\t<\/div>\r\n\t\r\n\t\t\r\n \t\t\r\n\t<div id=\"ngg-image-23228\" class=\"ngg-gallery-thumbnail-box\"  >\r\n\t\t<div class=\"ngg-gallery-thumbnail\" >\r\n\t\t\t<a href=\"https:\/\/spbielsk.pl\/wp-content\/gallery\/tydzien-glosnego-czytania-pazdziernik-2023\/387519576_531832259141783_7279525939069511859_n-copy.jpg\" title=\" \"   rel=\"lightbox[8199]\">\r\n\t\t\t\t\t\t\t\t<img loading=\"lazy\" decoding=\"async\" title=\"387519576_531832259141783_7279525939069511859_n-copy\" alt=\"387519576_531832259141783_7279525939069511859_n-copy\" src=\"https:\/\/spbielsk.pl\/wp-content\/gallery\/tydzien-glosnego-czytania-pazdziernik-2023\/thumbs\/thumbs_387519576_531832259141783_7279525939069511859_n-copy.jpg\" width=\"120\" height=\"90\" \/>\r\n\t\t\t\t\t\t\t<\/a>\r\n\t\t<\/div>\r\n\t<\/div>\r\n\t\r\n\t\t\r\n \t\t\r\n\t<div id=\"ngg-image-23229\" class=\"ngg-gallery-thumbnail-box\"  >\r\n\t\t<div class=\"ngg-gallery-thumbnail\" >\r\n\t\t\t<a href=\"https:\/\/spbielsk.pl\/wp-content\/gallery\/tydzien-glosnego-czytania-pazdziernik-2023\/387532412_3176305346006621_991912452488601651_n-copy.jpg\" title=\" \"   rel=\"lightbox[8199]\">\r\n\t\t\t\t\t\t\t\t<img loading=\"lazy\" decoding=\"async\" title=\"387532412_3176305346006621_991912452488601651_n-copy\" alt=\"387532412_3176305346006621_991912452488601651_n-copy\" src=\"https:\/\/spbielsk.pl\/wp-content\/gallery\/tydzien-glosnego-czytania-pazdziernik-2023\/thumbs\/thumbs_387532412_3176305346006621_991912452488601651_n-copy.jpg\" width=\"120\" height=\"90\" \/>\r\n\t\t\t\t\t\t\t<\/a>\r\n\t\t<\/div>\r\n\t<\/div>\r\n\t\r\n\t\t\r\n \t \t\r\n\t<!-- Pagination -->\r\n \t<div class='ngg-clear'><\/div>\n \t\r\n<\/div>\r\n\r\n<\/p>\n\n\n\n\n","protected":false},"excerpt":{"rendered":"<p>W dniach od 29 wrze\u015bnia do 5 pa\u017adziernika \u00a0uczniowie naszej szko\u0142y uczestniczyli po raz trzeci \u00a0w og\u00f3lnopolskiej akcji czytelniczej\u00a0 \u201eCzytamy z Sercem\u201d. W ramach wydarzenia odby\u0142y si\u0119 w klasach 4 lekcje, w czasie kt\u00f3rych uczniowie przyswoili sobie informacje na temat serca jako narz\u0105du, a tak\u017ce poznali sposoby, jak o nie dba\u0107 i jak rozpozna\u0107 choroby [&hellip;]<\/p>\n","protected":false},"author":1,"featured_media":8200,"comment_status":"closed","ping_status":"closed","sticky":false,"template":"","format":"standard","meta":{"footnotes":""},"categories":[5],"tags":[],"class_list":["post-8199","post","type-post","status-publish","format-standard","has-post-thumbnail","hentry","category-s-p-bielsk"],"_links":{"self":[{"href":"https:\/\/spbielsk.pl\/index.php?rest_route=\/wp\/v2\/posts\/8199","targetHints":{"allow":["GET"]}}],"collection":[{"href":"https:\/\/spbielsk.pl\/index.php?rest_route=\/wp\/v2\/posts"}],"about":[{"href":"https:\/\/spbielsk.pl\/index.php?rest_route=\/wp\/v2\/types\/post"}],"author":[{"embeddable":true,"href":"https:\/\/spbielsk.pl\/index.php?rest_route=\/wp\/v2\/users\/1"}],"replies":[{"embeddable":true,"href":"https:\/\/spbielsk.pl\/index.php?rest_route=%2Fwp%2Fv2%2Fcomments&post=8199"}],"version-history":[{"count":1,"href":"https:\/\/spbielsk.pl\/index.php?rest_route=\/wp\/v2\/posts\/8199\/revisions"}],"predecessor-version":[{"id":8201,"href":"https:\/\/spbielsk.pl\/index.php?rest_route=\/wp\/v2\/posts\/8199\/revisions\/8201"}],"wp:featuredmedia":[{"embeddable":true,"href":"https:\/\/spbielsk.pl\/index.php?rest_route=\/wp\/v2\/media\/8200"}],"wp:attachment":[{"href":"https:\/\/spbielsk.pl\/index.php?rest_route=%2Fwp%2Fv2%2Fmedia&parent=8199"}],"wp:term":[{"taxonomy":"category","embeddable":true,"href":"https:\/\/spbielsk.pl\/index.php?rest_route=%2Fwp%2Fv2%2Fcategories&post=8199"},{"taxonomy":"post_tag","embeddable":true,"href":"https:\/\/spbielsk.pl\/index.php?rest_route=%2Fwp%2Fv2%2Ftags&post=8199"}],"curies":[{"name":"wp","href":"https:\/\/api.w.org\/{rel}","templated":true}]}}