{"id":7936,"date":"2023-04-01T06:30:31","date_gmt":"2023-04-01T05:30:31","guid":{"rendered":"http:\/\/spbielsk.pl\/?p=7936"},"modified":"2023-06-02T06:34:03","modified_gmt":"2023-06-02T05:34:03","slug":"jalmuzna-wielkopostna-2023","status":"publish","type":"post","link":"https:\/\/spbielsk.pl\/?p=7936","title":{"rendered":"JA\u0141MU\u017bNA WIELKOPOSTNA 2023"},"content":{"rendered":"\n<p style=\"text-align: center;\"><img fetchpriority=\"high\" decoding=\"async\" class=\"aligncenter size-medium wp-image-7937\" src=\"http:\/\/spbielsk.pl\/wp-content\/uploads\/2023\/06\/plakat-polowa-Copy-300x224.jpg\" alt=\"\" width=\"300\" height=\"224\" srcset=\"https:\/\/spbielsk.pl\/wp-content\/uploads\/2023\/06\/plakat-polowa-Copy-300x224.jpg 300w, https:\/\/spbielsk.pl\/wp-content\/uploads\/2023\/06\/plakat-polowa-Copy-768x573.jpg 768w, https:\/\/spbielsk.pl\/wp-content\/uploads\/2023\/06\/plakat-polowa-Copy.jpg 1024w\" sizes=\"(max-width: 300px) 100vw, 300px\" \/><\/p>\n<p style=\"text-align: justify;\">By zauwa\u017cy\u0107 osoby starsze i potrzebuj\u0105ce\u2026<\/p>\n<p style=\"text-align: center;\"><!--more--><\/p>\n<p style=\"text-align: justify;\">Pomoc seniorom &#8211; osobom starszym, samotnym, ubogim i promocja rozwoju osobistego w duchu mi\u0142o\u015bci do bli\u017aniego \u2013 to dwa najwa\u017cniejsze cele tegorocznej edycji charytatywnej akcji Ja\u0142mu\u017cna Wielkopostna, kt\u00f3ra zosta\u0142a zainaugurowana pod has\u0142em \u201eCzas Mi\u0142osierdzia\u201d. Kampania jest po\u0142\u0105czona ze zbi\u00f3rk\u0105 \u015brodk\u00f3w na pomoc seniorom \u2013 grupie, kt\u00f3ra szczeg\u00f3lnie potrzebuje naszego wsparcia. Zbi\u00f3rki do specjalnie przygotowanych skarbonek s\u0105 prowadzone w szko\u0142ach i parafiach przez ca\u0142y okres Wielkiego Postu oraz w nast\u0119puj\u0105cym po nim Tygodniu Mi\u0142osierdzia. Ja\u0142mu\u017cna, to znak mi\u0142osierdzia.<\/p>\n<p>Nasza szko\u0142a, jak co roku przy\u0142\u0105czy\u0142a si\u0119 do akcji.<\/p>\n<p style=\"text-align: right;\">Serdecznie dzi\u0119kujemy\u00a0 wszystkim\u00a0 darczy\u0144com.<\/p>\n<p style=\"text-align: center;\">\r\n<div class=\"ngg-galleryoverview\" id=\"ngg-gallery-842-7936\">\r\n\r\n\t<!-- Slideshow link -->\r\n\t<div class=\"slideshowlink\">\r\n\t\t<a class=\"slideshowlink\" href=\"https:\/\/spbielsk.pl\/?p=7936&amp;show=slide\">\r\n\t\t\t[Show slideshow]\t\t<\/a>\r\n\t<\/div>\r\n\r\n\t\r\n\t<!-- Thumbnails -->\r\n\t\t\r\n\t<div id=\"ngg-image-22076\" class=\"ngg-gallery-thumbnail-box\"  >\r\n\t\t<div class=\"ngg-gallery-thumbnail\" >\r\n\t\t\t<a href=\"https:\/\/spbielsk.pl\/wp-content\/gallery\/jalmuzna-wielkopostna\/20230403_114620-copy.jpg\" title=\" \"   rel=\"lightbox[7936]\">\r\n\t\t\t\t\t\t\t\t<img decoding=\"async\" title=\"20230403_114620-copy\" alt=\"20230403_114620-copy\" src=\"https:\/\/spbielsk.pl\/wp-content\/gallery\/jalmuzna-wielkopostna\/thumbs\/thumbs_20230403_114620-copy.jpg\" width=\"120\" height=\"90\" \/>\r\n\t\t\t\t\t\t\t<\/a>\r\n\t\t<\/div>\r\n\t<\/div>\r\n\t\r\n\t\t\r\n \t\t\r\n\t<div id=\"ngg-image-22077\" class=\"ngg-gallery-thumbnail-box\"  >\r\n\t\t<div class=\"ngg-gallery-thumbnail\" >\r\n\t\t\t<a href=\"https:\/\/spbielsk.pl\/wp-content\/gallery\/jalmuzna-wielkopostna\/20230405_115001-copy.jpg\" title=\" \"   rel=\"lightbox[7936]\">\r\n\t\t\t\t\t\t\t\t<img decoding=\"async\" title=\"20230405_115001-copy\" alt=\"20230405_115001-copy\" src=\"https:\/\/spbielsk.pl\/wp-content\/gallery\/jalmuzna-wielkopostna\/thumbs\/thumbs_20230405_115001-copy.jpg\" width=\"120\" height=\"90\" \/>\r\n\t\t\t\t\t\t\t<\/a>\r\n\t\t<\/div>\r\n\t<\/div>\r\n\t\r\n\t\t\r\n \t\t\r\n\t<div id=\"ngg-image-22078\" class=\"ngg-gallery-thumbnail-box\"  >\r\n\t\t<div class=\"ngg-gallery-thumbnail\" >\r\n\t\t\t<a href=\"https:\/\/spbielsk.pl\/wp-content\/gallery\/jalmuzna-wielkopostna\/plakat-polowa-copy.jpg\" title=\" \"   rel=\"lightbox[7936]\">\r\n\t\t\t\t\t\t\t\t<img loading=\"lazy\" decoding=\"async\" title=\"plakat-polowa-copy\" alt=\"plakat-polowa-copy\" src=\"https:\/\/spbielsk.pl\/wp-content\/gallery\/jalmuzna-wielkopostna\/thumbs\/thumbs_plakat-polowa-copy.jpg\" width=\"120\" height=\"90\" \/>\r\n\t\t\t\t\t\t\t<\/a>\r\n\t\t<\/div>\r\n\t<\/div>\r\n\t\r\n\t\t\r\n \t \t\r\n\t<!-- Pagination -->\r\n \t<div class='ngg-clear'><\/div>\n \t\r\n<\/div>\r\n\r\n<\/p>\n<p>\u00a0<\/p>\n","protected":false},"excerpt":{"rendered":"<p>By zauwa\u017cy\u0107 osoby starsze i potrzebuj\u0105ce\u2026<\/p>\n","protected":false},"author":1,"featured_media":0,"comment_status":"closed","ping_status":"closed","sticky":false,"template":"","format":"standard","meta":{"footnotes":""},"categories":[5],"tags":[],"class_list":["post-7936","post","type-post","status-publish","format-standard","hentry","category-s-p-bielsk"],"_links":{"self":[{"href":"https:\/\/spbielsk.pl\/index.php?rest_route=\/wp\/v2\/posts\/7936","targetHints":{"allow":["GET"]}}],"collection":[{"href":"https:\/\/spbielsk.pl\/index.php?rest_route=\/wp\/v2\/posts"}],"about":[{"href":"https:\/\/spbielsk.pl\/index.php?rest_route=\/wp\/v2\/types\/post"}],"author":[{"embeddable":true,"href":"https:\/\/spbielsk.pl\/index.php?rest_route=\/wp\/v2\/users\/1"}],"replies":[{"embeddable":true,"href":"https:\/\/spbielsk.pl\/index.php?rest_route=%2Fwp%2Fv2%2Fcomments&post=7936"}],"version-history":[{"count":2,"href":"https:\/\/spbielsk.pl\/index.php?rest_route=\/wp\/v2\/posts\/7936\/revisions"}],"predecessor-version":[{"id":7940,"href":"https:\/\/spbielsk.pl\/index.php?rest_route=\/wp\/v2\/posts\/7936\/revisions\/7940"}],"wp:attachment":[{"href":"https:\/\/spbielsk.pl\/index.php?rest_route=%2Fwp%2Fv2%2Fmedia&parent=7936"}],"wp:term":[{"taxonomy":"category","embeddable":true,"href":"https:\/\/spbielsk.pl\/index.php?rest_route=%2Fwp%2Fv2%2Fcategories&post=7936"},{"taxonomy":"post_tag","embeddable":true,"href":"https:\/\/spbielsk.pl\/index.php?rest_route=%2Fwp%2Fv2%2Ftags&post=7936"}],"curies":[{"name":"wp","href":"https:\/\/api.w.org\/{rel}","templated":true}]}}