{"id":7923,"date":"2023-04-03T07:35:58","date_gmt":"2023-04-03T06:35:58","guid":{"rendered":"http:\/\/spbielsk.pl\/?p=7923"},"modified":"2023-06-01T07:37:40","modified_gmt":"2023-06-01T06:37:40","slug":"diecezjalny-konkurs-plastyczny-2022-2023-starotestamentalne-portrety-szkicowane-wyobraznia-dziecka","status":"publish","type":"post","link":"https:\/\/spbielsk.pl\/?p=7923","title":{"rendered":"DIECEZJALNY KONKURS PLASTYCZNY\u00a0 2022\/2023. Starotestamentalne portrety szkicowane wyobra\u017ani\u0105 dziecka"},"content":{"rendered":"\n\n\n<p style=\"text-align: center;\"><img fetchpriority=\"high\" decoding=\"async\" class=\"aligncenter size-medium wp-image-7924\" src=\"http:\/\/spbielsk.pl\/wp-content\/uploads\/2023\/06\/333044196_580176680828793_5354700036131236489_n-Copy-300x225.jpg\" alt=\"\" width=\"300\" height=\"225\" srcset=\"https:\/\/spbielsk.pl\/wp-content\/uploads\/2023\/06\/333044196_580176680828793_5354700036131236489_n-Copy-300x225.jpg 300w, https:\/\/spbielsk.pl\/wp-content\/uploads\/2023\/06\/333044196_580176680828793_5354700036131236489_n-Copy-768x576.jpg 768w, https:\/\/spbielsk.pl\/wp-content\/uploads\/2023\/06\/333044196_580176680828793_5354700036131236489_n-Copy.jpg 1024w\" sizes=\"(max-width: 300px) 100vw, 300px\" \/><\/p>\n<p style=\"text-align: justify;\">W II semestrze bie\u017c\u0105cego roku szkolnego, uczniowie naszej szko\u0142y wzi\u0119li udzia\u0142 w diecezjalnym konkursie plastycznym. Zadaniem uczestnik\u00f3w konkursu by\u0142o przedstawienie starotestamentalnej postaci biblijnej.\u00a0 \u00a0 Przedmiotem oceny prac by\u0142o og\u00f3lne wra\u017cenie artystyczne, estetyka wykonania pracy oraz oryginalny spos\u00f3b zaprezentowania tematu konkursu.<br \/>Na etapie szkolnym wy\u0142oniono dwie prace, na etap diecezjalny w kategoriach wiekowych:<\/p>\n<p style=\"text-align: center;\"><!--more--><\/p>\n<p><strong>Kategoria klas I-II: <\/strong><strong><u>praca Jana Figurskiego kl. Ib<br \/><\/u><\/strong><strong>Kategoria klas III- IV: <\/strong><strong><u>praca Marceliny Gawi\u0144skiej kl. IVb<\/u><\/strong><\/p>\n<p>Na etapie diecezjalnym <strong>praca uczennicy Marceliny Gawi\u0144skiej zosta\u0142a wyr\u00f3\u017cniona. <\/strong><\/p>\n<p style=\"text-align: right;\"><strong>\u00a0\u00a0\u00a0\u00a0\u00a0\u00a0\u00a0\u00a0\u00a0\u00a0\u00a0\u00a0\u00a0\u00a0\u00a0\u00a0\u00a0\u00a0\u00a0\u00a0\u00a0\u00a0\u00a0\u00a0\u00a0\u00a0\u00a0\u00a0\u00a0\u00a0\u00a0\u00a0\u00a0\u00a0\u00a0\u00a0\u00a0\u00a0\u00a0\u00a0\u00a0\u00a0\u00a0\u00a0\u00a0\u00a0\u00a0\u00a0\u00a0\u00a0\u00a0\u00a0\u00a0\u00a0\u00a0\u00a0\u00a0\u00a0\u00a0\u00a0\u00a0\u00a0\u00a0\u00a0\u00a0\u00a0\u00a0\u00a0\u00a0\u00a0\u00a0\u00a0\u00a0\u00a0\u00a0\u00a0\u00a0\u00a0\u00a0\u00a0\u00a0\u00a0\u00a0\u00a0\u00a0\u00a0\u00a0\u00a0\u00a0\u00a0\u00a0\u00a0\u00a0\u00a0\u00a0 Gratulujemy!!!<br \/><\/strong>A.M. Maruszewska<br \/>Ks. G. Makowski<\/p>\n<p style=\"text-align: center;\">\r\n<div class=\"ngg-galleryoverview\" id=\"ngg-gallery-839-7923\">\r\n\r\n\t<!-- Slideshow link -->\r\n\t<div class=\"slideshowlink\">\r\n\t\t<a class=\"slideshowlink\" href=\"https:\/\/spbielsk.pl\/?p=7923&amp;show=slide\">\r\n\t\t\t[Show slideshow]\t\t<\/a>\r\n\t<\/div>\r\n\r\n\t\r\n\t<!-- Thumbnails -->\r\n\t\t\r\n\t<div id=\"ngg-image-21907\" class=\"ngg-gallery-thumbnail-box\"  >\r\n\t\t<div class=\"ngg-gallery-thumbnail\" >\r\n\t\t\t<a href=\"https:\/\/spbielsk.pl\/wp-content\/gallery\/diecezjalny-plastyczny-marzec-2023\/20230206_141423-copy.jpg\" title=\" \"   rel=\"lightbox[7923]\">\r\n\t\t\t\t\t\t\t\t<img decoding=\"async\" title=\"20230206_141423-copy\" alt=\"20230206_141423-copy\" src=\"https:\/\/spbielsk.pl\/wp-content\/gallery\/diecezjalny-plastyczny-marzec-2023\/thumbs\/thumbs_20230206_141423-copy.jpg\" width=\"120\" height=\"90\" \/>\r\n\t\t\t\t\t\t\t<\/a>\r\n\t\t<\/div>\r\n\t<\/div>\r\n\t\r\n\t\t\r\n \t\t\r\n\t<div id=\"ngg-image-21908\" class=\"ngg-gallery-thumbnail-box\"  >\r\n\t\t<div class=\"ngg-gallery-thumbnail\" >\r\n\t\t\t<a href=\"https:\/\/spbielsk.pl\/wp-content\/gallery\/diecezjalny-plastyczny-marzec-2023\/20230206_141435-copy.jpg\" title=\" \"   rel=\"lightbox[7923]\">\r\n\t\t\t\t\t\t\t\t<img decoding=\"async\" title=\"20230206_141435-copy\" alt=\"20230206_141435-copy\" src=\"https:\/\/spbielsk.pl\/wp-content\/gallery\/diecezjalny-plastyczny-marzec-2023\/thumbs\/thumbs_20230206_141435-copy.jpg\" width=\"120\" height=\"90\" \/>\r\n\t\t\t\t\t\t\t<\/a>\r\n\t\t<\/div>\r\n\t<\/div>\r\n\t\r\n\t\t\r\n \t\t\r\n\t<div id=\"ngg-image-21909\" class=\"ngg-gallery-thumbnail-box\"  >\r\n\t\t<div class=\"ngg-gallery-thumbnail\" >\r\n\t\t\t<a href=\"https:\/\/spbielsk.pl\/wp-content\/gallery\/diecezjalny-plastyczny-marzec-2023\/20230206_141455-copy.jpg\" title=\" \"   rel=\"lightbox[7923]\">\r\n\t\t\t\t\t\t\t\t<img loading=\"lazy\" decoding=\"async\" title=\"20230206_141455-copy\" alt=\"20230206_141455-copy\" src=\"https:\/\/spbielsk.pl\/wp-content\/gallery\/diecezjalny-plastyczny-marzec-2023\/thumbs\/thumbs_20230206_141455-copy.jpg\" width=\"120\" height=\"90\" \/>\r\n\t\t\t\t\t\t\t<\/a>\r\n\t\t<\/div>\r\n\t<\/div>\r\n\t\r\n\t\t\r\n \t\t\r\n\t<div id=\"ngg-image-21910\" class=\"ngg-gallery-thumbnail-box\"  >\r\n\t\t<div class=\"ngg-gallery-thumbnail\" >\r\n\t\t\t<a href=\"https:\/\/spbielsk.pl\/wp-content\/gallery\/diecezjalny-plastyczny-marzec-2023\/20230206_141513-copy.jpg\" title=\" \"   rel=\"lightbox[7923]\">\r\n\t\t\t\t\t\t\t\t<img loading=\"lazy\" decoding=\"async\" title=\"20230206_141513-copy\" alt=\"20230206_141513-copy\" src=\"https:\/\/spbielsk.pl\/wp-content\/gallery\/diecezjalny-plastyczny-marzec-2023\/thumbs\/thumbs_20230206_141513-copy.jpg\" width=\"120\" height=\"90\" \/>\r\n\t\t\t\t\t\t\t<\/a>\r\n\t\t<\/div>\r\n\t<\/div>\r\n\t\r\n\t\t\r\n \t\t\r\n\t<div id=\"ngg-image-21911\" class=\"ngg-gallery-thumbnail-box\"  >\r\n\t\t<div class=\"ngg-gallery-thumbnail\" >\r\n\t\t\t<a href=\"https:\/\/spbielsk.pl\/wp-content\/gallery\/diecezjalny-plastyczny-marzec-2023\/20230206_141525-copy.jpg\" title=\" \"   rel=\"lightbox[7923]\">\r\n\t\t\t\t\t\t\t\t<img loading=\"lazy\" decoding=\"async\" title=\"20230206_141525-copy\" alt=\"20230206_141525-copy\" src=\"https:\/\/spbielsk.pl\/wp-content\/gallery\/diecezjalny-plastyczny-marzec-2023\/thumbs\/thumbs_20230206_141525-copy.jpg\" width=\"120\" height=\"90\" \/>\r\n\t\t\t\t\t\t\t<\/a>\r\n\t\t<\/div>\r\n\t<\/div>\r\n\t\r\n\t\t\r\n \t\t\r\n\t<div id=\"ngg-image-21912\" class=\"ngg-gallery-thumbnail-box\"  >\r\n\t\t<div class=\"ngg-gallery-thumbnail\" >\r\n\t\t\t<a href=\"https:\/\/spbielsk.pl\/wp-content\/gallery\/diecezjalny-plastyczny-marzec-2023\/20230206_141536-copy.jpg\" title=\" \"   rel=\"lightbox[7923]\">\r\n\t\t\t\t\t\t\t\t<img loading=\"lazy\" decoding=\"async\" title=\"20230206_141536-copy\" alt=\"20230206_141536-copy\" src=\"https:\/\/spbielsk.pl\/wp-content\/gallery\/diecezjalny-plastyczny-marzec-2023\/thumbs\/thumbs_20230206_141536-copy.jpg\" width=\"120\" height=\"90\" \/>\r\n\t\t\t\t\t\t\t<\/a>\r\n\t\t<\/div>\r\n\t<\/div>\r\n\t\r\n\t\t\r\n \t\t\r\n\t<div id=\"ngg-image-21913\" class=\"ngg-gallery-thumbnail-box\"  >\r\n\t\t<div class=\"ngg-gallery-thumbnail\" >\r\n\t\t\t<a href=\"https:\/\/spbielsk.pl\/wp-content\/gallery\/diecezjalny-plastyczny-marzec-2023\/20230206_141724-copy.jpg\" title=\" \"   rel=\"lightbox[7923]\">\r\n\t\t\t\t\t\t\t\t<img loading=\"lazy\" decoding=\"async\" title=\"20230206_141724-copy\" alt=\"20230206_141724-copy\" src=\"https:\/\/spbielsk.pl\/wp-content\/gallery\/diecezjalny-plastyczny-marzec-2023\/thumbs\/thumbs_20230206_141724-copy.jpg\" width=\"120\" height=\"90\" \/>\r\n\t\t\t\t\t\t\t<\/a>\r\n\t\t<\/div>\r\n\t<\/div>\r\n\t\r\n\t\t\r\n \t\t\r\n\t<div id=\"ngg-image-21914\" class=\"ngg-gallery-thumbnail-box\"  >\r\n\t\t<div class=\"ngg-gallery-thumbnail\" >\r\n\t\t\t<a href=\"https:\/\/spbielsk.pl\/wp-content\/gallery\/diecezjalny-plastyczny-marzec-2023\/20230331_141232-copy.jpg\" title=\" \"   rel=\"lightbox[7923]\">\r\n\t\t\t\t\t\t\t\t<img loading=\"lazy\" decoding=\"async\" title=\"20230331_141232-copy\" alt=\"20230331_141232-copy\" src=\"https:\/\/spbielsk.pl\/wp-content\/gallery\/diecezjalny-plastyczny-marzec-2023\/thumbs\/thumbs_20230331_141232-copy.jpg\" width=\"120\" height=\"90\" \/>\r\n\t\t\t\t\t\t\t<\/a>\r\n\t\t<\/div>\r\n\t<\/div>\r\n\t\r\n\t\t\r\n \t\t\r\n\t<div id=\"ngg-image-21915\" class=\"ngg-gallery-thumbnail-box\"  >\r\n\t\t<div class=\"ngg-gallery-thumbnail\" >\r\n\t\t\t<a href=\"https:\/\/spbielsk.pl\/wp-content\/gallery\/diecezjalny-plastyczny-marzec-2023\/20230427_104114-copy.jpg\" title=\" \"   rel=\"lightbox[7923]\">\r\n\t\t\t\t\t\t\t\t<img loading=\"lazy\" decoding=\"async\" title=\"20230427_104114-copy\" alt=\"20230427_104114-copy\" src=\"https:\/\/spbielsk.pl\/wp-content\/gallery\/diecezjalny-plastyczny-marzec-2023\/thumbs\/thumbs_20230427_104114-copy.jpg\" width=\"120\" height=\"90\" \/>\r\n\t\t\t\t\t\t\t<\/a>\r\n\t\t<\/div>\r\n\t<\/div>\r\n\t\r\n\t\t\r\n \t\t\r\n\t<div id=\"ngg-image-21916\" class=\"ngg-gallery-thumbnail-box\"  >\r\n\t\t<div class=\"ngg-gallery-thumbnail\" >\r\n\t\t\t<a href=\"https:\/\/spbielsk.pl\/wp-content\/gallery\/diecezjalny-plastyczny-marzec-2023\/331545895_562403469185971_2827093830373111357_n-copy.jpg\" title=\" \"   rel=\"lightbox[7923]\">\r\n\t\t\t\t\t\t\t\t<img loading=\"lazy\" decoding=\"async\" title=\"331545895_562403469185971_2827093830373111357_n-copy\" alt=\"331545895_562403469185971_2827093830373111357_n-copy\" src=\"https:\/\/spbielsk.pl\/wp-content\/gallery\/diecezjalny-plastyczny-marzec-2023\/thumbs\/thumbs_331545895_562403469185971_2827093830373111357_n-copy.jpg\" width=\"120\" height=\"90\" \/>\r\n\t\t\t\t\t\t\t<\/a>\r\n\t\t<\/div>\r\n\t<\/div>\r\n\t\r\n\t\t\r\n \t\t\r\n\t<div id=\"ngg-image-21917\" class=\"ngg-gallery-thumbnail-box\"  >\r\n\t\t<div class=\"ngg-gallery-thumbnail\" >\r\n\t\t\t<a href=\"https:\/\/spbielsk.pl\/wp-content\/gallery\/diecezjalny-plastyczny-marzec-2023\/331584376_171641818972658_4643377982186406555_n-copy.jpg\" title=\" \"   rel=\"lightbox[7923]\">\r\n\t\t\t\t\t\t\t\t<img loading=\"lazy\" decoding=\"async\" title=\"331584376_171641818972658_4643377982186406555_n-copy\" alt=\"331584376_171641818972658_4643377982186406555_n-copy\" src=\"https:\/\/spbielsk.pl\/wp-content\/gallery\/diecezjalny-plastyczny-marzec-2023\/thumbs\/thumbs_331584376_171641818972658_4643377982186406555_n-copy.jpg\" width=\"120\" height=\"90\" \/>\r\n\t\t\t\t\t\t\t<\/a>\r\n\t\t<\/div>\r\n\t<\/div>\r\n\t\r\n\t\t\r\n \t\t\r\n\t<div id=\"ngg-image-21918\" class=\"ngg-gallery-thumbnail-box\"  >\r\n\t\t<div class=\"ngg-gallery-thumbnail\" >\r\n\t\t\t<a href=\"https:\/\/spbielsk.pl\/wp-content\/gallery\/diecezjalny-plastyczny-marzec-2023\/332179403_944860363598010_8529835866789370194_n-copy.jpg\" title=\" \"   rel=\"lightbox[7923]\">\r\n\t\t\t\t\t\t\t\t<img loading=\"lazy\" decoding=\"async\" title=\"332179403_944860363598010_8529835866789370194_n-copy\" alt=\"332179403_944860363598010_8529835866789370194_n-copy\" src=\"https:\/\/spbielsk.pl\/wp-content\/gallery\/diecezjalny-plastyczny-marzec-2023\/thumbs\/thumbs_332179403_944860363598010_8529835866789370194_n-copy.jpg\" width=\"120\" height=\"90\" \/>\r\n\t\t\t\t\t\t\t<\/a>\r\n\t\t<\/div>\r\n\t<\/div>\r\n\t\r\n\t\t\r\n \t\t\r\n\t<div id=\"ngg-image-21919\" class=\"ngg-gallery-thumbnail-box\"  >\r\n\t\t<div class=\"ngg-gallery-thumbnail\" >\r\n\t\t\t<a href=\"https:\/\/spbielsk.pl\/wp-content\/gallery\/diecezjalny-plastyczny-marzec-2023\/333044196_580176680828793_5354700036131236489_n-copy.jpg\" title=\" \"   rel=\"lightbox[7923]\">\r\n\t\t\t\t\t\t\t\t<img loading=\"lazy\" decoding=\"async\" title=\"333044196_580176680828793_5354700036131236489_n-copy\" alt=\"333044196_580176680828793_5354700036131236489_n-copy\" src=\"https:\/\/spbielsk.pl\/wp-content\/gallery\/diecezjalny-plastyczny-marzec-2023\/thumbs\/thumbs_333044196_580176680828793_5354700036131236489_n-copy.jpg\" width=\"120\" height=\"90\" \/>\r\n\t\t\t\t\t\t\t<\/a>\r\n\t\t<\/div>\r\n\t<\/div>\r\n\t\r\n\t\t\r\n \t \t\r\n\t<!-- Pagination -->\r\n \t<div class='ngg-clear'><\/div>\n \t\r\n<\/div>\r\n\r\n<\/p>\n","protected":false},"excerpt":{"rendered":"<p>W II semestrze bie\u017c\u0105cego roku szkolnego, uczniowie naszej szko\u0142y wzi\u0119li udzia\u0142 w diecezjalnym konkursie plastycznym. Zadaniem uczestnik\u00f3w konkursu by\u0142o przedstawienie starotestamentalnej postaci biblijnej.\u00a0 \u00a0 Przedmiotem oceny prac by\u0142o og\u00f3lne wra\u017cenie artystyczne, estetyka wykonania pracy oraz oryginalny spos\u00f3b zaprezentowania tematu konkursu.Na etapie szkolnym wy\u0142oniono dwie prace, na etap diecezjalny w kategoriach wiekowych:<\/p>\n","protected":false},"author":1,"featured_media":0,"comment_status":"closed","ping_status":"closed","sticky":false,"template":"","format":"standard","meta":{"footnotes":""},"categories":[5],"tags":[],"class_list":["post-7923","post","type-post","status-publish","format-standard","hentry","category-s-p-bielsk"],"_links":{"self":[{"href":"https:\/\/spbielsk.pl\/index.php?rest_route=\/wp\/v2\/posts\/7923","targetHints":{"allow":["GET"]}}],"collection":[{"href":"https:\/\/spbielsk.pl\/index.php?rest_route=\/wp\/v2\/posts"}],"about":[{"href":"https:\/\/spbielsk.pl\/index.php?rest_route=\/wp\/v2\/types\/post"}],"author":[{"embeddable":true,"href":"https:\/\/spbielsk.pl\/index.php?rest_route=\/wp\/v2\/users\/1"}],"replies":[{"embeddable":true,"href":"https:\/\/spbielsk.pl\/index.php?rest_route=%2Fwp%2Fv2%2Fcomments&post=7923"}],"version-history":[{"count":1,"href":"https:\/\/spbielsk.pl\/index.php?rest_route=\/wp\/v2\/posts\/7923\/revisions"}],"predecessor-version":[{"id":7925,"href":"https:\/\/spbielsk.pl\/index.php?rest_route=\/wp\/v2\/posts\/7923\/revisions\/7925"}],"wp:attachment":[{"href":"https:\/\/spbielsk.pl\/index.php?rest_route=%2Fwp%2Fv2%2Fmedia&parent=7923"}],"wp:term":[{"taxonomy":"category","embeddable":true,"href":"https:\/\/spbielsk.pl\/index.php?rest_route=%2Fwp%2Fv2%2Fcategories&post=7923"},{"taxonomy":"post_tag","embeddable":true,"href":"https:\/\/spbielsk.pl\/index.php?rest_route=%2Fwp%2Fv2%2Ftags&post=7923"}],"curies":[{"name":"wp","href":"https:\/\/api.w.org\/{rel}","templated":true}]}}