{"id":7771,"date":"2023-04-05T19:23:20","date_gmt":"2023-04-05T18:23:20","guid":{"rendered":"http:\/\/spbielsk.pl\/?p=7771"},"modified":"2023-04-14T04:56:51","modified_gmt":"2023-04-14T03:56:51","slug":"wyroznienie-przemyslawa-michalskiego-w-konkursie-w-mozgu-nie-tylko-neuron","status":"publish","type":"post","link":"https:\/\/spbielsk.pl\/?p=7771","title":{"rendered":"Wyr\u00f3\u017cnienie Przemys\u0142awa Michalskiego w konkursie &#8222;W m\u00f3zgu nie tylko neuron&#8221;"},"content":{"rendered":"\n<p style=\"text-align: center;\"><a href=\"http:\/\/spbielsk.pl\/wp-content\/uploads\/2023\/04\/341146059_1375324063301171_7961497883946023459_n.jpg\" rel=\"lightbox[7771]\"><img fetchpriority=\"high\" decoding=\"async\" class=\"aligncenter wp-image-7780 size-medium\" src=\"http:\/\/spbielsk.pl\/wp-content\/uploads\/2023\/04\/341146059_1375324063301171_7961497883946023459_n-300x230.jpg\" alt=\"\" width=\"300\" height=\"230\" srcset=\"https:\/\/spbielsk.pl\/wp-content\/uploads\/2023\/04\/341146059_1375324063301171_7961497883946023459_n-300x230.jpg 300w, https:\/\/spbielsk.pl\/wp-content\/uploads\/2023\/04\/341146059_1375324063301171_7961497883946023459_n-768x588.jpg 768w, https:\/\/spbielsk.pl\/wp-content\/uploads\/2023\/04\/341146059_1375324063301171_7961497883946023459_n.jpg 1003w\" sizes=\"(max-width: 300px) 100vw, 300px\" \/><\/a><\/p>\n<p style=\"text-align: justify;\">Z przyjemno\u015bci\u0105 informujemy, \u017ce ucze\u0144 klasy V a: Przemys\u0142aw Michalski, zdoby\u0142 wyr\u00f3\u017cnienie w konkursie plastycznym: ,,W m\u00f3zgu nie tylko neuron&#8221;. Konkurs odby\u0142 si\u0119 w ramach: ,,Tygodnia M\u00f3zgu 2023&#8243;, skierowany by\u0142 do dzieci i m\u0142odzie\u017cy z wojew\u00f3dztwa mazowieckiego.<br \/>Celem konkursu by\u0142o przybli\u017cenie uczniom wiedzy o m\u00f3zgu i uk\u0142adzie nerwowym. Organizatorem tego przedsi\u0119wzi\u0119cia by\u0142a Fundacja Marcelego Nenckiego Wspierania Nauk Biologicznych oraz Instytut Biologii Do\u015bwiadczalnej im. Marcelego Nenckiego PAN. W konkursie wzi\u0119\u0142o udzia\u0142 300 uczni\u00f3w. Tym bardziej gratulujemy Przemkowi, \u017ce znalaz\u0142 si\u0119 w gronie os\u00f3b wyr\u00f3\u017cnionych.<\/p>\n<p style=\"text-align: right;\">Opiekun: S. Banachowicz<\/p>\n","protected":false},"excerpt":{"rendered":"<p>Z przyjemno\u015bci\u0105 informujemy, \u017ce ucze\u0144 klasy V a: Przemys\u0142aw Michalski, zdoby\u0142 wyr\u00f3\u017cnienie w konkursie plastycznym: ,,W m\u00f3zgu nie tylko neuron&#8221;. Konkurs odby\u0142 si\u0119 w ramach: ,,Tygodnia M\u00f3zgu 2023&#8243;, skierowany by\u0142 do dzieci i m\u0142odzie\u017cy z wojew\u00f3dztwa mazowieckiego.Celem konkursu by\u0142o przybli\u017cenie uczniom wiedzy o m\u00f3zgu i uk\u0142adzie nerwowym. Organizatorem tego przedsi\u0119wzi\u0119cia by\u0142a Fundacja Marcelego Nenckiego Wspierania [&hellip;]<\/p>\n","protected":false},"author":1,"featured_media":0,"comment_status":"closed","ping_status":"closed","sticky":false,"template":"","format":"standard","meta":{"footnotes":""},"categories":[5],"tags":[],"class_list":["post-7771","post","type-post","status-publish","format-standard","hentry","category-s-p-bielsk"],"_links":{"self":[{"href":"https:\/\/spbielsk.pl\/index.php?rest_route=\/wp\/v2\/posts\/7771","targetHints":{"allow":["GET"]}}],"collection":[{"href":"https:\/\/spbielsk.pl\/index.php?rest_route=\/wp\/v2\/posts"}],"about":[{"href":"https:\/\/spbielsk.pl\/index.php?rest_route=\/wp\/v2\/types\/post"}],"author":[{"embeddable":true,"href":"https:\/\/spbielsk.pl\/index.php?rest_route=\/wp\/v2\/users\/1"}],"replies":[{"embeddable":true,"href":"https:\/\/spbielsk.pl\/index.php?rest_route=%2Fwp%2Fv2%2Fcomments&post=7771"}],"version-history":[{"count":2,"href":"https:\/\/spbielsk.pl\/index.php?rest_route=\/wp\/v2\/posts\/7771\/revisions"}],"predecessor-version":[{"id":7781,"href":"https:\/\/spbielsk.pl\/index.php?rest_route=\/wp\/v2\/posts\/7771\/revisions\/7781"}],"wp:attachment":[{"href":"https:\/\/spbielsk.pl\/index.php?rest_route=%2Fwp%2Fv2%2Fmedia&parent=7771"}],"wp:term":[{"taxonomy":"category","embeddable":true,"href":"https:\/\/spbielsk.pl\/index.php?rest_route=%2Fwp%2Fv2%2Fcategories&post=7771"},{"taxonomy":"post_tag","embeddable":true,"href":"https:\/\/spbielsk.pl\/index.php?rest_route=%2Fwp%2Fv2%2Ftags&post=7771"}],"curies":[{"name":"wp","href":"https:\/\/api.w.org\/{rel}","templated":true}]}}