{"id":7757,"date":"2023-04-02T16:18:53","date_gmt":"2023-04-02T15:18:53","guid":{"rendered":"http:\/\/spbielsk.pl\/?p=7757"},"modified":"2023-04-02T16:18:54","modified_gmt":"2023-04-02T15:18:54","slug":"spojrz-w-niebo-final-i-edycji-konkursu","status":"publish","type":"post","link":"https:\/\/spbielsk.pl\/?p=7757","title":{"rendered":"&#8222;SP\u00d3JRZ W NIEBO&#8221; &#8211; FINA\u0141 I EDYCJI KONKURSU"},"content":{"rendered":"\n<p style=\"text-align: justify;\">W dniu 31 marca odby\u0142 si\u0119 etap fina\u0142owy I edycji powiatowego interdyscyplinarnego konkursu historyczno-geograficznego dla uczni\u00f3w szk\u00f3\u0142 podstawowych &#8222;Sp\u00f3jrz w niebo&#8221;.<br \/>Nasz\u0105 szko\u0142\u0119 reprezentowa\u0142a dru\u017cyna w sk\u0142adzie: Martyna Badurska, Oliwia Pryczy\u0144ska i Julia Reszczy\u0144ska.<br \/>Dziewczyny osi\u0105gn\u0119\u0142y bardzo dobre wyniki we wszystkich etapach konkursu, na kt\u00f3ry sk\u0142ada\u0142y si\u0119: film, zdj\u0119cia oraz test wiedzy i ostatecznie zaj\u0119\u0142y 5 miejsce w gronie \u0142\u0105cznie a\u017c 18 dru\u017cyn z P\u0142ocka i powiatu p\u0142ockiego, z niewielk\u0105 strat\u0105 do podium.<\/p>\n<p style=\"text-align: center;\"><!--more--><\/p>\n<p style=\"text-align: justify;\">Wszystkie dru\u017cyny nagrodzone zosta\u0142y pami\u0105tkowymi dyplomami, a laureaci miejsc nagrodami rzeczowymi.<br \/>Dodatkow\u0105 atrakcj\u0105 dla wszystkich uczestnicz\u0105cych w konkursie, by\u0142a mo\u017cliwo\u015b\u0107 zobaczenia &#8222;na \u017cywo&#8221; jednego z pierwszych wyda\u0144 dzie\u0142a &#8222;De revolutionibus orbium coelestium&#8221;, kt\u00f3re znajduje si\u0119 w zbiorach Towarzystwa Naukowego P\u0142ockiego.<br \/>Organizatorem konkursu by\u0142a Szko\u0142a Podstawowa nr 16 im. Miko\u0142aja Kopernika w P\u0142ocku oraz Ksi\u0105\u017cnica P\u0142ocka im. W\u0142adys\u0142awa Broniewskiego. Szkolnymi koordynatorami konkursu byli p. B.\u017bo\u0142nowska, p. \u0141.J\u0119drzejewski oraz p. T.Piechowski.<br \/>Gratulujemy zwyci\u0119zcom i organizatrom i mamy nadziej\u0119, \u017ce by\u0142a to pierwsza edycja cyklicznego konkursu, kt\u00f3ry na sta\u0142e wpisze si\u0119 w kalendarz regionalnych imprez wiedzowych.<\/p>\n<p style=\"text-align: center;\">\r\n<div class=\"ngg-galleryoverview\" id=\"ngg-gallery-815-7757\">\r\n\r\n\t<!-- Slideshow link -->\r\n\t<div class=\"slideshowlink\">\r\n\t\t<a class=\"slideshowlink\" href=\"https:\/\/spbielsk.pl\/?p=7757&amp;show=slide\">\r\n\t\t\t[Show slideshow]\t\t<\/a>\r\n\t<\/div>\r\n\r\n\t\r\n\t<!-- Thumbnails -->\r\n\t\t\r\n\t<div id=\"ngg-image-21117\" class=\"ngg-gallery-thumbnail-box\"  >\r\n\t\t<div class=\"ngg-gallery-thumbnail\" >\r\n\t\t\t<a href=\"https:\/\/spbielsk.pl\/wp-content\/gallery\/spojrz-w-niebo-marzec-2023\/338521830_554633193434846_54390066279578128_n.jpg\" title=\" \"   rel=\"lightbox[7757]\">\r\n\t\t\t\t\t\t\t\t<img decoding=\"async\" title=\"338521830_554633193434846_54390066279578128_n\" alt=\"338521830_554633193434846_54390066279578128_n\" src=\"https:\/\/spbielsk.pl\/wp-content\/gallery\/spojrz-w-niebo-marzec-2023\/thumbs\/thumbs_338521830_554633193434846_54390066279578128_n.jpg\" width=\"120\" height=\"90\" \/>\r\n\t\t\t\t\t\t\t<\/a>\r\n\t\t<\/div>\r\n\t<\/div>\r\n\t\r\n\t\t\r\n \t\t\r\n\t<div id=\"ngg-image-21118\" class=\"ngg-gallery-thumbnail-box\"  >\r\n\t\t<div class=\"ngg-gallery-thumbnail\" >\r\n\t\t\t<a href=\"https:\/\/spbielsk.pl\/wp-content\/gallery\/spojrz-w-niebo-marzec-2023\/338701858_244860854704540_8822675440555872881_n.jpg\" title=\" \"   rel=\"lightbox[7757]\">\r\n\t\t\t\t\t\t\t\t<img decoding=\"async\" title=\"338701858_244860854704540_8822675440555872881_n\" alt=\"338701858_244860854704540_8822675440555872881_n\" src=\"https:\/\/spbielsk.pl\/wp-content\/gallery\/spojrz-w-niebo-marzec-2023\/thumbs\/thumbs_338701858_244860854704540_8822675440555872881_n.jpg\" width=\"120\" height=\"90\" \/>\r\n\t\t\t\t\t\t\t<\/a>\r\n\t\t<\/div>\r\n\t<\/div>\r\n\t\r\n\t\t\r\n \t\t\r\n\t<div id=\"ngg-image-21119\" class=\"ngg-gallery-thumbnail-box\"  >\r\n\t\t<div class=\"ngg-gallery-thumbnail\" >\r\n\t\t\t<a href=\"https:\/\/spbielsk.pl\/wp-content\/gallery\/spojrz-w-niebo-marzec-2023\/338749914_516895700649407_1609149468695627359_n.jpg\" title=\" \"   rel=\"lightbox[7757]\">\r\n\t\t\t\t\t\t\t\t<img decoding=\"async\" title=\"338749914_516895700649407_1609149468695627359_n\" alt=\"338749914_516895700649407_1609149468695627359_n\" src=\"https:\/\/spbielsk.pl\/wp-content\/gallery\/spojrz-w-niebo-marzec-2023\/thumbs\/thumbs_338749914_516895700649407_1609149468695627359_n.jpg\" width=\"120\" height=\"90\" \/>\r\n\t\t\t\t\t\t\t<\/a>\r\n\t\t<\/div>\r\n\t<\/div>\r\n\t\r\n\t\t\r\n \t\t\r\n\t<div id=\"ngg-image-21120\" class=\"ngg-gallery-thumbnail-box\"  >\r\n\t\t<div class=\"ngg-gallery-thumbnail\" >\r\n\t\t\t<a href=\"https:\/\/spbielsk.pl\/wp-content\/gallery\/spojrz-w-niebo-marzec-2023\/339098410_889217485708820_7283392581132134662_n.jpg\" title=\" \"   rel=\"lightbox[7757]\">\r\n\t\t\t\t\t\t\t\t<img loading=\"lazy\" decoding=\"async\" title=\"339098410_889217485708820_7283392581132134662_n\" alt=\"339098410_889217485708820_7283392581132134662_n\" src=\"https:\/\/spbielsk.pl\/wp-content\/gallery\/spojrz-w-niebo-marzec-2023\/thumbs\/thumbs_339098410_889217485708820_7283392581132134662_n.jpg\" width=\"120\" height=\"90\" \/>\r\n\t\t\t\t\t\t\t<\/a>\r\n\t\t<\/div>\r\n\t<\/div>\r\n\t\r\n\t\t\r\n \t\t\r\n\t<div id=\"ngg-image-21121\" class=\"ngg-gallery-thumbnail-box\"  >\r\n\t\t<div class=\"ngg-gallery-thumbnail\" >\r\n\t\t\t<a href=\"https:\/\/spbielsk.pl\/wp-content\/gallery\/spojrz-w-niebo-marzec-2023\/339152845_753980232780479_4433099165794087959_n.jpg\" title=\" \"   rel=\"lightbox[7757]\">\r\n\t\t\t\t\t\t\t\t<img loading=\"lazy\" decoding=\"async\" title=\"339152845_753980232780479_4433099165794087959_n\" alt=\"339152845_753980232780479_4433099165794087959_n\" src=\"https:\/\/spbielsk.pl\/wp-content\/gallery\/spojrz-w-niebo-marzec-2023\/thumbs\/thumbs_339152845_753980232780479_4433099165794087959_n.jpg\" width=\"120\" height=\"90\" \/>\r\n\t\t\t\t\t\t\t<\/a>\r\n\t\t<\/div>\r\n\t<\/div>\r\n\t\r\n\t\t\r\n \t\t\r\n\t<div id=\"ngg-image-21122\" class=\"ngg-gallery-thumbnail-box\"  >\r\n\t\t<div class=\"ngg-gallery-thumbnail\" >\r\n\t\t\t<a href=\"https:\/\/spbielsk.pl\/wp-content\/gallery\/spojrz-w-niebo-marzec-2023\/339413961_2090636171130278_7123832239780923231_n.jpg\" title=\" \"   rel=\"lightbox[7757]\">\r\n\t\t\t\t\t\t\t\t<img loading=\"lazy\" decoding=\"async\" title=\"339413961_2090636171130278_7123832239780923231_n\" alt=\"339413961_2090636171130278_7123832239780923231_n\" src=\"https:\/\/spbielsk.pl\/wp-content\/gallery\/spojrz-w-niebo-marzec-2023\/thumbs\/thumbs_339413961_2090636171130278_7123832239780923231_n.jpg\" width=\"120\" height=\"90\" \/>\r\n\t\t\t\t\t\t\t<\/a>\r\n\t\t<\/div>\r\n\t<\/div>\r\n\t\r\n\t\t\r\n \t\t\r\n\t<div id=\"ngg-image-21123\" class=\"ngg-gallery-thumbnail-box\"  >\r\n\t\t<div class=\"ngg-gallery-thumbnail\" >\r\n\t\t\t<a href=\"https:\/\/spbielsk.pl\/wp-content\/gallery\/spojrz-w-niebo-marzec-2023\/339444212_3459981757581585_611043492843172029_n.jpg\" title=\" \"   rel=\"lightbox[7757]\">\r\n\t\t\t\t\t\t\t\t<img loading=\"lazy\" decoding=\"async\" title=\"339444212_3459981757581585_611043492843172029_n\" alt=\"339444212_3459981757581585_611043492843172029_n\" src=\"https:\/\/spbielsk.pl\/wp-content\/gallery\/spojrz-w-niebo-marzec-2023\/thumbs\/thumbs_339444212_3459981757581585_611043492843172029_n.jpg\" width=\"120\" height=\"90\" \/>\r\n\t\t\t\t\t\t\t<\/a>\r\n\t\t<\/div>\r\n\t<\/div>\r\n\t\r\n\t\t\r\n \t \t\r\n\t<!-- Pagination -->\r\n \t<div class='ngg-clear'><\/div>\n \t\r\n<\/div>\r\n\r\n<\/p>\n","protected":false},"excerpt":{"rendered":"<p>W dniu 31 marca odby\u0142 si\u0119 etap fina\u0142owy I edycji powiatowego interdyscyplinarnego konkursu historyczno-geograficznego dla uczni\u00f3w szk\u00f3\u0142 podstawowych &#8222;Sp\u00f3jrz w niebo&#8221;.Nasz\u0105 szko\u0142\u0119 reprezentowa\u0142a dru\u017cyna w sk\u0142adzie: Martyna Badurska, Oliwia Pryczy\u0144ska i Julia Reszczy\u0144ska.Dziewczyny osi\u0105gn\u0119\u0142y bardzo dobre wyniki we wszystkich etapach konkursu, na kt\u00f3ry sk\u0142ada\u0142y si\u0119: film, zdj\u0119cia oraz test wiedzy i ostatecznie zaj\u0119\u0142y 5 miejsce [&hellip;]<\/p>\n","protected":false},"author":1,"featured_media":7758,"comment_status":"closed","ping_status":"closed","sticky":false,"template":"","format":"standard","meta":{"footnotes":""},"categories":[5],"tags":[],"class_list":["post-7757","post","type-post","status-publish","format-standard","has-post-thumbnail","hentry","category-s-p-bielsk"],"_links":{"self":[{"href":"https:\/\/spbielsk.pl\/index.php?rest_route=\/wp\/v2\/posts\/7757","targetHints":{"allow":["GET"]}}],"collection":[{"href":"https:\/\/spbielsk.pl\/index.php?rest_route=\/wp\/v2\/posts"}],"about":[{"href":"https:\/\/spbielsk.pl\/index.php?rest_route=\/wp\/v2\/types\/post"}],"author":[{"embeddable":true,"href":"https:\/\/spbielsk.pl\/index.php?rest_route=\/wp\/v2\/users\/1"}],"replies":[{"embeddable":true,"href":"https:\/\/spbielsk.pl\/index.php?rest_route=%2Fwp%2Fv2%2Fcomments&post=7757"}],"version-history":[{"count":1,"href":"https:\/\/spbielsk.pl\/index.php?rest_route=\/wp\/v2\/posts\/7757\/revisions"}],"predecessor-version":[{"id":7759,"href":"https:\/\/spbielsk.pl\/index.php?rest_route=\/wp\/v2\/posts\/7757\/revisions\/7759"}],"wp:featuredmedia":[{"embeddable":true,"href":"https:\/\/spbielsk.pl\/index.php?rest_route=\/wp\/v2\/media\/7758"}],"wp:attachment":[{"href":"https:\/\/spbielsk.pl\/index.php?rest_route=%2Fwp%2Fv2%2Fmedia&parent=7757"}],"wp:term":[{"taxonomy":"category","embeddable":true,"href":"https:\/\/spbielsk.pl\/index.php?rest_route=%2Fwp%2Fv2%2Fcategories&post=7757"},{"taxonomy":"post_tag","embeddable":true,"href":"https:\/\/spbielsk.pl\/index.php?rest_route=%2Fwp%2Fv2%2Ftags&post=7757"}],"curies":[{"name":"wp","href":"https:\/\/api.w.org\/{rel}","templated":true}]}}