{"id":7753,"date":"2023-04-02T16:11:27","date_gmt":"2023-04-02T15:11:27","guid":{"rendered":"http:\/\/spbielsk.pl\/?p=7753"},"modified":"2023-04-02T16:11:37","modified_gmt":"2023-04-02T15:11:37","slug":"mamy-laureata-ogolnopolskiego-konkursu-historycznego-2","status":"publish","type":"post","link":"https:\/\/spbielsk.pl\/?p=7753","title":{"rendered":"MAMY LAUREATA OG\u00d3LNOPOLSKIEGO KONKURSU HISTORYCZNEGO!"},"content":{"rendered":"\n<div class=\"x11i5rnm xat24cr x1mh8g0r x1vvkbs xtlvy1s x126k92a\">\n<div dir=\"auto\" style=\"text-align: justify;\">Z dum\u0105 pragniemy poinformowa\u0107, i\u017c Przemys\u0142aw Michalski, ucze\u0144 klasy 5a uzyska\u0142 tytu\u0142 laureata XXVIII og\u00f3lnopolskiego konkursu historycznego &#8222;Losy \u017co\u0142nierza i dzieje or\u0119\u017ca polskiego w latach 1887-1922. O niepodleg\u0142o\u015b\u0107 i granice Rzeczypospolitej&#8221;.<\/div>\n<div dir=\"auto\" style=\"text-align: justify;\">Przemek podczas etapu ponadwojwew\u00f3dzkiego, kt\u00f3ry odby\u0142 si\u0119 16 marca br. w MSCDN w Warszawie, zdoby\u0142 87% punkt\u00f3w i zgodnie z regulaminem konkursu uzyska\u0142 tytu\u0142 laureata. Warto podkre\u015bli\u0107, i\u017c Przemek powt\u00f3rzy\u0142 tym samym osi\u0105gni\u0119cie sprzed roku, kiedy po raz pierwszy zosta\u0142 laureatem tego niezwykle zas\u0142u\u017conego dla polskiej historii, og\u00f3lnopolskiego konkursu przedmiotowego.<\/div>\n<\/div>\n<div class=\"x11i5rnm xat24cr x1mh8g0r x1vvkbs xtlvy1s x126k92a\" style=\"text-align: justify;\">\n<div dir=\"auto\">Ucze\u0144 do konkursu przygotowywa\u0142 si\u0119 pod opiek\u0105 p. \u0141ukasza J\u0119drzejewskiego<span class=\"x3nfvp2 x1j61x8r x1fcty0u xdj266r xhhsvwb xat24cr xgzva0m xxymvpz xlup9mm x1kky2od\">.<\/span><\/div>\n<\/div>\n<div class=\"x11i5rnm xat24cr x1mh8g0r x1vvkbs xtlvy1s x126k92a\">\n<div dir=\"auto\" style=\"text-align: justify;\">Serdecznie gratulujemy i \u017cyczymy powodzenia w kolejnych edycjach &#8222;Los\u00f3w \u017co\u0142nierza&#8221;<\/div>\n<\/div>\n<p><!--more--><\/p>\n<div dir=\"auto\" style=\"text-align: center;\">\r\n<div class=\"ngg-galleryoverview\" id=\"ngg-gallery-814-7753\">\r\n\r\n\t<!-- Slideshow link -->\r\n\t<div class=\"slideshowlink\">\r\n\t\t<a class=\"slideshowlink\" href=\"https:\/\/spbielsk.pl\/?p=7753&amp;show=slide\">\r\n\t\t\t[Show slideshow]\t\t<\/a>\r\n\t<\/div>\r\n\r\n\t\r\n\t<!-- Thumbnails -->\r\n\t\t\r\n\t<div id=\"ngg-image-21113\" class=\"ngg-gallery-thumbnail-box\"  >\r\n\t\t<div class=\"ngg-gallery-thumbnail\" >\r\n\t\t\t<a href=\"https:\/\/spbielsk.pl\/wp-content\/gallery\/sukces-michalski-marzec-2023\/338415288_213698164590945_1947338353555155866_n.jpg\" title=\" \"   rel=\"lightbox[7753]\">\r\n\t\t\t\t\t\t\t\t<img decoding=\"async\" title=\"338415288_213698164590945_1947338353555155866_n\" alt=\"338415288_213698164590945_1947338353555155866_n\" src=\"https:\/\/spbielsk.pl\/wp-content\/gallery\/sukces-michalski-marzec-2023\/thumbs\/thumbs_338415288_213698164590945_1947338353555155866_n.jpg\" width=\"120\" height=\"90\" \/>\r\n\t\t\t\t\t\t\t<\/a>\r\n\t\t<\/div>\r\n\t<\/div>\r\n\t\r\n\t\t\r\n \t\t\r\n\t<div id=\"ngg-image-21114\" class=\"ngg-gallery-thumbnail-box\"  >\r\n\t\t<div class=\"ngg-gallery-thumbnail\" >\r\n\t\t\t<a href=\"https:\/\/spbielsk.pl\/wp-content\/gallery\/sukces-michalski-marzec-2023\/338873731_5986030918159473_2151650432467029180_n.jpg\" title=\" \"   rel=\"lightbox[7753]\">\r\n\t\t\t\t\t\t\t\t<img decoding=\"async\" title=\"338873731_5986030918159473_2151650432467029180_n\" alt=\"338873731_5986030918159473_2151650432467029180_n\" src=\"https:\/\/spbielsk.pl\/wp-content\/gallery\/sukces-michalski-marzec-2023\/thumbs\/thumbs_338873731_5986030918159473_2151650432467029180_n.jpg\" width=\"120\" height=\"90\" \/>\r\n\t\t\t\t\t\t\t<\/a>\r\n\t\t<\/div>\r\n\t<\/div>\r\n\t\r\n\t\t\r\n \t\t\r\n\t<div id=\"ngg-image-21115\" class=\"ngg-gallery-thumbnail-box\"  >\r\n\t\t<div class=\"ngg-gallery-thumbnail\" >\r\n\t\t\t<a href=\"https:\/\/spbielsk.pl\/wp-content\/gallery\/sukces-michalski-marzec-2023\/339106624_6177814068951621_114012608442409353_n.jpg\" title=\" \"   rel=\"lightbox[7753]\">\r\n\t\t\t\t\t\t\t\t<img decoding=\"async\" title=\"339106624_6177814068951621_114012608442409353_n\" alt=\"339106624_6177814068951621_114012608442409353_n\" src=\"https:\/\/spbielsk.pl\/wp-content\/gallery\/sukces-michalski-marzec-2023\/thumbs\/thumbs_339106624_6177814068951621_114012608442409353_n.jpg\" width=\"120\" height=\"90\" \/>\r\n\t\t\t\t\t\t\t<\/a>\r\n\t\t<\/div>\r\n\t<\/div>\r\n\t\r\n\t\t\r\n \t\t\r\n\t<div id=\"ngg-image-21116\" class=\"ngg-gallery-thumbnail-box\"  >\r\n\t\t<div class=\"ngg-gallery-thumbnail\" >\r\n\t\t\t<a href=\"https:\/\/spbielsk.pl\/wp-content\/gallery\/sukces-michalski-marzec-2023\/339147548_1017280889235370_3285646360667459604_n.jpg\" title=\" \"   rel=\"lightbox[7753]\">\r\n\t\t\t\t\t\t\t\t<img loading=\"lazy\" decoding=\"async\" title=\"339147548_1017280889235370_3285646360667459604_n\" alt=\"339147548_1017280889235370_3285646360667459604_n\" src=\"https:\/\/spbielsk.pl\/wp-content\/gallery\/sukces-michalski-marzec-2023\/thumbs\/thumbs_339147548_1017280889235370_3285646360667459604_n.jpg\" width=\"120\" height=\"90\" \/>\r\n\t\t\t\t\t\t\t<\/a>\r\n\t\t<\/div>\r\n\t<\/div>\r\n\t\r\n\t\t\r\n \t \t\r\n\t<!-- Pagination -->\r\n \t<div class='ngg-clear'><\/div>\n \t\r\n<\/div>\r\n\r\n<\/div>\n","protected":false},"excerpt":{"rendered":"<p>Z dum\u0105 pragniemy poinformowa\u0107, i\u017c Przemys\u0142aw Michalski, ucze\u0144 klasy 5a uzyska\u0142 tytu\u0142 laureata XXVIII og\u00f3lnopolskiego konkursu historycznego &#8222;Losy \u017co\u0142nierza i dzieje or\u0119\u017ca polskiego w latach 1887-1922. O niepodleg\u0142o\u015b\u0107 i granice Rzeczypospolitej&#8221;. Przemek podczas etapu ponadwojwew\u00f3dzkiego, kt\u00f3ry odby\u0142 si\u0119 16 marca br. w MSCDN w Warszawie, zdoby\u0142 87% punkt\u00f3w i zgodnie z regulaminem konkursu uzyska\u0142 tytu\u0142 [&hellip;]<\/p>\n","protected":false},"author":1,"featured_media":7754,"comment_status":"closed","ping_status":"closed","sticky":false,"template":"","format":"standard","meta":{"footnotes":""},"categories":[5],"tags":[],"class_list":["post-7753","post","type-post","status-publish","format-standard","has-post-thumbnail","hentry","category-s-p-bielsk"],"_links":{"self":[{"href":"https:\/\/spbielsk.pl\/index.php?rest_route=\/wp\/v2\/posts\/7753","targetHints":{"allow":["GET"]}}],"collection":[{"href":"https:\/\/spbielsk.pl\/index.php?rest_route=\/wp\/v2\/posts"}],"about":[{"href":"https:\/\/spbielsk.pl\/index.php?rest_route=\/wp\/v2\/types\/post"}],"author":[{"embeddable":true,"href":"https:\/\/spbielsk.pl\/index.php?rest_route=\/wp\/v2\/users\/1"}],"replies":[{"embeddable":true,"href":"https:\/\/spbielsk.pl\/index.php?rest_route=%2Fwp%2Fv2%2Fcomments&post=7753"}],"version-history":[{"count":2,"href":"https:\/\/spbielsk.pl\/index.php?rest_route=\/wp\/v2\/posts\/7753\/revisions"}],"predecessor-version":[{"id":7756,"href":"https:\/\/spbielsk.pl\/index.php?rest_route=\/wp\/v2\/posts\/7753\/revisions\/7756"}],"wp:featuredmedia":[{"embeddable":true,"href":"https:\/\/spbielsk.pl\/index.php?rest_route=\/wp\/v2\/media\/7754"}],"wp:attachment":[{"href":"https:\/\/spbielsk.pl\/index.php?rest_route=%2Fwp%2Fv2%2Fmedia&parent=7753"}],"wp:term":[{"taxonomy":"category","embeddable":true,"href":"https:\/\/spbielsk.pl\/index.php?rest_route=%2Fwp%2Fv2%2Fcategories&post=7753"},{"taxonomy":"post_tag","embeddable":true,"href":"https:\/\/spbielsk.pl\/index.php?rest_route=%2Fwp%2Fv2%2Ftags&post=7753"}],"curies":[{"name":"wp","href":"https:\/\/api.w.org\/{rel}","templated":true}]}}