{"id":7662,"date":"2023-03-06T07:58:16","date_gmt":"2023-03-06T06:58:16","guid":{"rendered":"http:\/\/spbielsk.pl\/?p=7662"},"modified":"2023-03-06T07:58:16","modified_gmt":"2023-03-06T06:58:16","slug":"odlacz-sie-polacz-sie-realnie-odpowiedzialni","status":"publish","type":"post","link":"https:\/\/spbielsk.pl\/?p=7662","title":{"rendered":"<strong>\u201eOd\u0142\u0105cz si\u0119 \u2013 po\u0142\u0105cz si\u0119\u201d Re@alnie Odpowiedzialni<\/strong>"},"content":{"rendered":"\n<p style=\"text-align: center;\"><img fetchpriority=\"high\" decoding=\"async\" class=\"aligncenter  wp-image-7663\" src=\"http:\/\/spbielsk.pl\/wp-content\/uploads\/2023\/03\/bierzemy-udzial-w-programie-Re@lnie-Odpowiedzialni-300x251.png\" alt=\"\" width=\"350\" height=\"293\" srcset=\"https:\/\/spbielsk.pl\/wp-content\/uploads\/2023\/03\/bierzemy-udzial-w-programie-Re@lnie-Odpowiedzialni-300x251.png 300w, https:\/\/spbielsk.pl\/wp-content\/uploads\/2023\/03\/bierzemy-udzial-w-programie-Re@lnie-Odpowiedzialni-768x644.png 768w, https:\/\/spbielsk.pl\/wp-content\/uploads\/2023\/03\/bierzemy-udzial-w-programie-Re@lnie-Odpowiedzialni.png 940w\" sizes=\"(max-width: 350px) 100vw, 350px\" \/><\/p>\n<p style=\"text-align: justify;\">W naszej szkole jest realizowany profilaktyczny program edukacyjny &#8222;Re@lnie Odpowiedzialni\u201d . Zosta\u0142 on przygotowany przez ekspert\u00f3w ze Stowarzyszenia Strefa Wsparcia.<\/p>\n<p style=\"text-align: justify;\">Celem powy\u017cszego programu jest uwra\u017cliwienie doros\u0142ych na kwestie nadmiernego korzystania z wysokich technologii przez dzieci w wieku przedszkolnym oraz wczesnoszkolnym.<\/p>\n","protected":false},"excerpt":{"rendered":"<p>W naszej szkole jest realizowany profilaktyczny program edukacyjny &#8222;Re@lnie Odpowiedzialni\u201d . Zosta\u0142 on przygotowany przez ekspert\u00f3w ze Stowarzyszenia Strefa Wsparcia. Celem powy\u017cszego programu jest uwra\u017cliwienie doros\u0142ych na kwestie nadmiernego korzystania z wysokich technologii przez dzieci w wieku przedszkolnym oraz wczesnoszkolnym.<\/p>\n","protected":false},"author":1,"featured_media":0,"comment_status":"closed","ping_status":"closed","sticky":false,"template":"","format":"standard","meta":{"footnotes":""},"categories":[5],"tags":[],"class_list":["post-7662","post","type-post","status-publish","format-standard","hentry","category-s-p-bielsk"],"_links":{"self":[{"href":"https:\/\/spbielsk.pl\/index.php?rest_route=\/wp\/v2\/posts\/7662","targetHints":{"allow":["GET"]}}],"collection":[{"href":"https:\/\/spbielsk.pl\/index.php?rest_route=\/wp\/v2\/posts"}],"about":[{"href":"https:\/\/spbielsk.pl\/index.php?rest_route=\/wp\/v2\/types\/post"}],"author":[{"embeddable":true,"href":"https:\/\/spbielsk.pl\/index.php?rest_route=\/wp\/v2\/users\/1"}],"replies":[{"embeddable":true,"href":"https:\/\/spbielsk.pl\/index.php?rest_route=%2Fwp%2Fv2%2Fcomments&post=7662"}],"version-history":[{"count":1,"href":"https:\/\/spbielsk.pl\/index.php?rest_route=\/wp\/v2\/posts\/7662\/revisions"}],"predecessor-version":[{"id":7664,"href":"https:\/\/spbielsk.pl\/index.php?rest_route=\/wp\/v2\/posts\/7662\/revisions\/7664"}],"wp:attachment":[{"href":"https:\/\/spbielsk.pl\/index.php?rest_route=%2Fwp%2Fv2%2Fmedia&parent=7662"}],"wp:term":[{"taxonomy":"category","embeddable":true,"href":"https:\/\/spbielsk.pl\/index.php?rest_route=%2Fwp%2Fv2%2Fcategories&post=7662"},{"taxonomy":"post_tag","embeddable":true,"href":"https:\/\/spbielsk.pl\/index.php?rest_route=%2Fwp%2Fv2%2Ftags&post=7662"}],"curies":[{"name":"wp","href":"https:\/\/api.w.org\/{rel}","templated":true}]}}