{"id":7659,"date":"2023-03-02T07:51:54","date_gmt":"2023-03-02T06:51:54","guid":{"rendered":"http:\/\/spbielsk.pl\/?p=7659"},"modified":"2023-03-06T07:52:09","modified_gmt":"2023-03-06T06:52:09","slug":"narodowy-dzien-pamieci-zolnierzy-wykletych-202","status":"publish","type":"post","link":"https:\/\/spbielsk.pl\/?p=7659","title":{"rendered":"NARODOWY DZIE\u0143 PAMI\u0118CI &#8222;\u017bO\u0141NIERZY WYKL\u0118TYCH&#8221; 202"},"content":{"rendered":"\n\n\n<div class=\"x11i5rnm xat24cr x1mh8g0r x1vvkbs xdj266r x126k92a\">\n<div dir=\"auto\" style=\"text-align: justify;\"><span class=\"x3nfvp2 x1j61x8r x1fcty0u xdj266r xhhsvwb xat24cr xgzva0m xxymvpz xlup9mm x1kky2od\"><span style=\"color: initial;\">1 marca 2023 roku Szko\u0142a Podstawowa im. W\u0142adys\u0142awa Broniewskiego w Bielsku przy\u0142\u0105czy\u0142a si\u0119 do uczczenia pami\u0119ci o polskich bohaterach antykomunistycznego podziemia. <\/span><\/span><span style=\"color: initial;\">Tego dnia delegacja naszej szko\u0142y z\u0142o\u017cy\u0142a kwiaty oraz zapali\u0142a znicze przed miejscem pami\u0119ci \u017co\u0142nierza AK, ROAK i NSZ por. Franciszka Majewskiego ps. \u201eS\u0142ony\u201d, przy ko\u015bciele pw. \u015bw. Jana Chrzciciela w Bielsku.<br \/><\/span><span class=\"x3nfvp2 x1j61x8r x1fcty0u xdj266r xhhsvwb xat24cr xgzva0m xxymvpz xlup9mm x1kky2od\" style=\"color: initial;\"><span style=\"color: initial;\">Dzie\u0144 1 marca jest zgodnie z postanowieniem Sejmu Rzeczpospolitej Polskiej z dnia 3 lutego 2011 roku Narodowym Dniem Pami\u0119ci \u201e\u017bo\u0142nierzy Wykl\u0119tych\u201d.<\/span><\/span><\/div>\n<div dir=\"auto\" style=\"text-align: right;\"><span style=\"color: initial;\">Cze\u015b\u0107 i Chwa\u0142a Bohaterom!<\/span><\/div>\n<\/div>\n<p><!--more--><\/p>\n<div class=\"x11i5rnm xat24cr x1mh8g0r x1vvkbs xdj266r x126k92a\">\n<div dir=\"auto\" style=\"text-align: center;\">\r\n<div class=\"ngg-galleryoverview\" id=\"ngg-gallery-800-7659\">\r\n\r\n\t<!-- Slideshow link -->\r\n\t<div class=\"slideshowlink\">\r\n\t\t<a class=\"slideshowlink\" href=\"https:\/\/spbielsk.pl\/?p=7659&amp;show=slide\">\r\n\t\t\t[Show slideshow]\t\t<\/a>\r\n\t<\/div>\r\n\r\n\t\r\n\t<!-- Thumbnails -->\r\n\t\t\r\n\t<div id=\"ngg-image-20881\" class=\"ngg-gallery-thumbnail-box\"  >\r\n\t\t<div class=\"ngg-gallery-thumbnail\" >\r\n\t\t\t<a href=\"https:\/\/spbielsk.pl\/wp-content\/gallery\/dzien-zolnierzy-wykletych-marzec-2023\/331630179_3483973968547826_4683036246542077389_n-1-copy.jpg\" title=\" \"   rel=\"lightbox[7659]\">\r\n\t\t\t\t\t\t\t\t<img decoding=\"async\" title=\"331630179_3483973968547826_4683036246542077389_n-1-copy\" alt=\"331630179_3483973968547826_4683036246542077389_n-1-copy\" src=\"https:\/\/spbielsk.pl\/wp-content\/gallery\/dzien-zolnierzy-wykletych-marzec-2023\/thumbs\/thumbs_331630179_3483973968547826_4683036246542077389_n-1-copy.jpg\" width=\"120\" height=\"90\" \/>\r\n\t\t\t\t\t\t\t<\/a>\r\n\t\t<\/div>\r\n\t<\/div>\r\n\t\r\n\t\t\r\n \t\t\r\n\t<div id=\"ngg-image-20882\" class=\"ngg-gallery-thumbnail-box\"  >\r\n\t\t<div class=\"ngg-gallery-thumbnail\" >\r\n\t\t\t<a href=\"https:\/\/spbielsk.pl\/wp-content\/gallery\/dzien-zolnierzy-wykletych-marzec-2023\/331725446_143287275310177_4277394598855252519_n-copy.jpg\" title=\" \"   rel=\"lightbox[7659]\">\r\n\t\t\t\t\t\t\t\t<img decoding=\"async\" title=\"331725446_143287275310177_4277394598855252519_n-copy\" alt=\"331725446_143287275310177_4277394598855252519_n-copy\" src=\"https:\/\/spbielsk.pl\/wp-content\/gallery\/dzien-zolnierzy-wykletych-marzec-2023\/thumbs\/thumbs_331725446_143287275310177_4277394598855252519_n-copy.jpg\" width=\"120\" height=\"90\" \/>\r\n\t\t\t\t\t\t\t<\/a>\r\n\t\t<\/div>\r\n\t<\/div>\r\n\t\r\n\t\t\r\n \t\t\r\n\t<div id=\"ngg-image-20883\" class=\"ngg-gallery-thumbnail-box\"  >\r\n\t\t<div class=\"ngg-gallery-thumbnail\" >\r\n\t\t\t<a href=\"https:\/\/spbielsk.pl\/wp-content\/gallery\/dzien-zolnierzy-wykletych-marzec-2023\/332070491_201102325935684_2312156830557849496_n-copy.jpg\" title=\" \"   rel=\"lightbox[7659]\">\r\n\t\t\t\t\t\t\t\t<img decoding=\"async\" title=\"332070491_201102325935684_2312156830557849496_n-copy\" alt=\"332070491_201102325935684_2312156830557849496_n-copy\" src=\"https:\/\/spbielsk.pl\/wp-content\/gallery\/dzien-zolnierzy-wykletych-marzec-2023\/thumbs\/thumbs_332070491_201102325935684_2312156830557849496_n-copy.jpg\" width=\"120\" height=\"90\" \/>\r\n\t\t\t\t\t\t\t<\/a>\r\n\t\t<\/div>\r\n\t<\/div>\r\n\t\r\n\t\t\r\n \t \t\r\n\t<!-- Pagination -->\r\n \t<div class='ngg-clear'><\/div>\n \t\r\n<\/div>\r\n\r\n<\/div>\n<\/div>\n","protected":false},"excerpt":{"rendered":"<p>1 marca 2023 roku Szko\u0142a Podstawowa im. W\u0142adys\u0142awa Broniewskiego w Bielsku przy\u0142\u0105czy\u0142a si\u0119 do uczczenia pami\u0119ci o polskich bohaterach antykomunistycznego podziemia. Tego dnia delegacja naszej szko\u0142y z\u0142o\u017cy\u0142a kwiaty oraz zapali\u0142a znicze przed miejscem pami\u0119ci \u017co\u0142nierza AK, ROAK i NSZ por. Franciszka Majewskiego ps. \u201eS\u0142ony\u201d, przy ko\u015bciele pw. \u015bw. Jana Chrzciciela w Bielsku.Dzie\u0144 1 marca jest [&hellip;]<\/p>\n","protected":false},"author":1,"featured_media":7660,"comment_status":"closed","ping_status":"closed","sticky":false,"template":"","format":"standard","meta":{"footnotes":""},"categories":[5],"tags":[],"class_list":["post-7659","post","type-post","status-publish","format-standard","has-post-thumbnail","hentry","category-s-p-bielsk"],"_links":{"self":[{"href":"https:\/\/spbielsk.pl\/index.php?rest_route=\/wp\/v2\/posts\/7659","targetHints":{"allow":["GET"]}}],"collection":[{"href":"https:\/\/spbielsk.pl\/index.php?rest_route=\/wp\/v2\/posts"}],"about":[{"href":"https:\/\/spbielsk.pl\/index.php?rest_route=\/wp\/v2\/types\/post"}],"author":[{"embeddable":true,"href":"https:\/\/spbielsk.pl\/index.php?rest_route=\/wp\/v2\/users\/1"}],"replies":[{"embeddable":true,"href":"https:\/\/spbielsk.pl\/index.php?rest_route=%2Fwp%2Fv2%2Fcomments&post=7659"}],"version-history":[{"count":1,"href":"https:\/\/spbielsk.pl\/index.php?rest_route=\/wp\/v2\/posts\/7659\/revisions"}],"predecessor-version":[{"id":7661,"href":"https:\/\/spbielsk.pl\/index.php?rest_route=\/wp\/v2\/posts\/7659\/revisions\/7661"}],"wp:featuredmedia":[{"embeddable":true,"href":"https:\/\/spbielsk.pl\/index.php?rest_route=\/wp\/v2\/media\/7660"}],"wp:attachment":[{"href":"https:\/\/spbielsk.pl\/index.php?rest_route=%2Fwp%2Fv2%2Fmedia&parent=7659"}],"wp:term":[{"taxonomy":"category","embeddable":true,"href":"https:\/\/spbielsk.pl\/index.php?rest_route=%2Fwp%2Fv2%2Fcategories&post=7659"},{"taxonomy":"post_tag","embeddable":true,"href":"https:\/\/spbielsk.pl\/index.php?rest_route=%2Fwp%2Fv2%2Ftags&post=7659"}],"curies":[{"name":"wp","href":"https:\/\/api.w.org\/{rel}","templated":true}]}}