{"id":7643,"date":"2023-02-28T10:11:48","date_gmt":"2023-02-28T09:11:48","guid":{"rendered":"http:\/\/spbielsk.pl\/?p=7643"},"modified":"2023-02-28T10:11:49","modified_gmt":"2023-02-28T09:11:49","slug":"randka-z-ksiazka-wybierz-sobie-ksiazke-do-czytania","status":"publish","type":"post","link":"https:\/\/spbielsk.pl\/?p=7643","title":{"rendered":"<strong>\u201eRandka z ksi\u0105\u017ck\u0105\u201d \u2013 wybierz sobie ksi\u0105\u017ck\u0119 do czytania!<\/strong>"},"content":{"rendered":"\n<p style=\"text-align: center;\"><img fetchpriority=\"high\" decoding=\"async\" class=\"aligncenter size-medium wp-image-7645\" src=\"http:\/\/spbielsk.pl\/wp-content\/uploads\/2023\/02\/randka-z-ksiazka-Copy-300x169.jpg\" alt=\"\" width=\"300\" height=\"169\" srcset=\"https:\/\/spbielsk.pl\/wp-content\/uploads\/2023\/02\/randka-z-ksiazka-Copy-300x169.jpg 300w, https:\/\/spbielsk.pl\/wp-content\/uploads\/2023\/02\/randka-z-ksiazka-Copy-768x432.jpg 768w, https:\/\/spbielsk.pl\/wp-content\/uploads\/2023\/02\/randka-z-ksiazka-Copy.jpg 1024w\" sizes=\"(max-width: 300px) 100vw, 300px\" \/><\/p>\n<p style=\"text-align: justify;\">Z okazji walentynek uczniowie wypo\u017cyczaj\u0105cy przed feriami ksi\u0105\u017cki mogli wzi\u0105\u0107 ze sob\u0105 ksi\u0105\u017ck\u0119-niespodziank\u0119, sugeruj\u0105c si\u0119 jedynie jej numerem. Akcja cieszy\u0142a si\u0119 du\u017cym zainteresowaniem i na pewno poszerzy\u0142a horyzonty czytelnicze niejednego ucznia.<\/p>\n<p style=\"text-align: center;\"><!--more--><\/p>\n<p style=\"text-align: center;\"><a href=\"http:\/\/spbielsk.pl\/wp-content\/uploads\/2023\/02\/334057459_622467116374254_8399603927621170385_n-Copy.jpg\" rel=\"lightbox[7643]\"><img decoding=\"async\" class=\"aligncenter wp-image-7644 size-medium\" src=\"http:\/\/spbielsk.pl\/wp-content\/uploads\/2023\/02\/334057459_622467116374254_8399603927621170385_n-Copy-300x225.jpg\" alt=\"\" width=\"300\" height=\"225\" srcset=\"https:\/\/spbielsk.pl\/wp-content\/uploads\/2023\/02\/334057459_622467116374254_8399603927621170385_n-Copy-300x225.jpg 300w, https:\/\/spbielsk.pl\/wp-content\/uploads\/2023\/02\/334057459_622467116374254_8399603927621170385_n-Copy-768x576.jpg 768w, https:\/\/spbielsk.pl\/wp-content\/uploads\/2023\/02\/334057459_622467116374254_8399603927621170385_n-Copy.jpg 1024w\" sizes=\"(max-width: 300px) 100vw, 300px\" \/><\/a><\/p>\n\n\n","protected":false},"excerpt":{"rendered":"<p>Z okazji walentynek uczniowie wypo\u017cyczaj\u0105cy przed feriami ksi\u0105\u017cki mogli wzi\u0105\u0107 ze sob\u0105 ksi\u0105\u017ck\u0119-niespodziank\u0119, sugeruj\u0105c si\u0119 jedynie jej numerem. Akcja cieszy\u0142a si\u0119 du\u017cym zainteresowaniem i na pewno poszerzy\u0142a horyzonty czytelnicze niejednego ucznia.<\/p>\n","protected":false},"author":1,"featured_media":0,"comment_status":"closed","ping_status":"closed","sticky":false,"template":"","format":"standard","meta":{"footnotes":""},"categories":[5],"tags":[],"class_list":["post-7643","post","type-post","status-publish","format-standard","hentry","category-s-p-bielsk"],"_links":{"self":[{"href":"https:\/\/spbielsk.pl\/index.php?rest_route=\/wp\/v2\/posts\/7643","targetHints":{"allow":["GET"]}}],"collection":[{"href":"https:\/\/spbielsk.pl\/index.php?rest_route=\/wp\/v2\/posts"}],"about":[{"href":"https:\/\/spbielsk.pl\/index.php?rest_route=\/wp\/v2\/types\/post"}],"author":[{"embeddable":true,"href":"https:\/\/spbielsk.pl\/index.php?rest_route=\/wp\/v2\/users\/1"}],"replies":[{"embeddable":true,"href":"https:\/\/spbielsk.pl\/index.php?rest_route=%2Fwp%2Fv2%2Fcomments&post=7643"}],"version-history":[{"count":1,"href":"https:\/\/spbielsk.pl\/index.php?rest_route=\/wp\/v2\/posts\/7643\/revisions"}],"predecessor-version":[{"id":7646,"href":"https:\/\/spbielsk.pl\/index.php?rest_route=\/wp\/v2\/posts\/7643\/revisions\/7646"}],"wp:attachment":[{"href":"https:\/\/spbielsk.pl\/index.php?rest_route=%2Fwp%2Fv2%2Fmedia&parent=7643"}],"wp:term":[{"taxonomy":"category","embeddable":true,"href":"https:\/\/spbielsk.pl\/index.php?rest_route=%2Fwp%2Fv2%2Fcategories&post=7643"},{"taxonomy":"post_tag","embeddable":true,"href":"https:\/\/spbielsk.pl\/index.php?rest_route=%2Fwp%2Fv2%2Ftags&post=7643"}],"curies":[{"name":"wp","href":"https:\/\/api.w.org\/{rel}","templated":true}]}}