{"id":7630,"date":"2023-02-18T22:53:25","date_gmt":"2023-02-18T21:53:25","guid":{"rendered":"http:\/\/spbielsk.pl\/?p=7630"},"modified":"2023-02-18T22:54:10","modified_gmt":"2023-02-18T21:54:10","slug":"konkurs-pisma-odrecznego","status":"publish","type":"post","link":"https:\/\/spbielsk.pl\/?p=7630","title":{"rendered":"KONKURS PISMA ODR\u0118CZNEGO"},"content":{"rendered":"\n<p style=\"text-align: center;\"><strong><a href=\"http:\/\/spbielsk.pl\/wp-content\/uploads\/2023\/02\/331731242_741672444284307_4356297456359070266_n.jpg\" rel=\"lightbox[7630]\"><img fetchpriority=\"high\" decoding=\"async\" class=\"aligncenter wp-image-7631 size-medium\" src=\"http:\/\/spbielsk.pl\/wp-content\/uploads\/2023\/02\/331731242_741672444284307_4356297456359070266_n-300x226.jpg\" alt=\"\" width=\"300\" height=\"226\" srcset=\"https:\/\/spbielsk.pl\/wp-content\/uploads\/2023\/02\/331731242_741672444284307_4356297456359070266_n-300x226.jpg 300w, https:\/\/spbielsk.pl\/wp-content\/uploads\/2023\/02\/331731242_741672444284307_4356297456359070266_n.jpg 638w\" sizes=\"(max-width: 300px) 100vw, 300px\" \/><\/a><\/strong><\/p>\n<p style=\"text-align: justify;\"><span class=\"x4k7w5x x1h91t0o x1h9r5lt xv2umb2 x1beo9mf xaigb6o x12ejxvf x3igimt xarpa2k xedcshv x1lytzrv x1t2pt76 x7ja8zs x1qrby5j x1jfb8zj\">9 lutego 2023 roku zosta\u0142 rozstrzygni\u0119ty szkolny konkurs: &#8222;WIERSZE ROMANTYK\u00d3W W PI\u015aMIE ODR\u0118CZNYM&#8221;. Nagrody zdobyli: I miejsce: <strong>Marcelina Gawi\u0144ska<\/strong> &#8211; kl. 4a, II miejsce: <strong>Wiktor Marcinkowski <\/strong>&#8211; kl. 5a, III miejsce: <strong>Mateusz Klekowicki<\/strong> &#8211; kl. 5a. Wyr\u00f3\u017cnienie: <strong>Martyna Szumska<\/strong> &#8211; kl. 6a.<br \/>Celem konkursu by\u0142o zwr\u00f3cenie uwagi uczni\u00f3w na estetyk\u0119 pisma oraz poznanie poezji romantyk\u00f3w.<\/span><\/p>\n","protected":false},"excerpt":{"rendered":"<p>9 lutego 2023 roku zosta\u0142 rozstrzygni\u0119ty szkolny konkurs: &#8222;WIERSZE ROMANTYK\u00d3W W PI\u015aMIE ODR\u0118CZNYM&#8221;. Nagrody zdobyli: I miejsce: Marcelina Gawi\u0144ska &#8211; kl. 4a, II miejsce: Wiktor Marcinkowski &#8211; kl. 5a, III miejsce: Mateusz Klekowicki &#8211; kl. 5a. Wyr\u00f3\u017cnienie: Martyna Szumska &#8211; kl. 6a.Celem konkursu by\u0142o zwr\u00f3cenie uwagi uczni\u00f3w na estetyk\u0119 pisma oraz poznanie poezji romantyk\u00f3w.<\/p>\n","protected":false},"author":1,"featured_media":0,"comment_status":"closed","ping_status":"closed","sticky":false,"template":"","format":"standard","meta":{"footnotes":""},"categories":[5],"tags":[],"class_list":["post-7630","post","type-post","status-publish","format-standard","hentry","category-s-p-bielsk"],"_links":{"self":[{"href":"https:\/\/spbielsk.pl\/index.php?rest_route=\/wp\/v2\/posts\/7630","targetHints":{"allow":["GET"]}}],"collection":[{"href":"https:\/\/spbielsk.pl\/index.php?rest_route=\/wp\/v2\/posts"}],"about":[{"href":"https:\/\/spbielsk.pl\/index.php?rest_route=\/wp\/v2\/types\/post"}],"author":[{"embeddable":true,"href":"https:\/\/spbielsk.pl\/index.php?rest_route=\/wp\/v2\/users\/1"}],"replies":[{"embeddable":true,"href":"https:\/\/spbielsk.pl\/index.php?rest_route=%2Fwp%2Fv2%2Fcomments&post=7630"}],"version-history":[{"count":2,"href":"https:\/\/spbielsk.pl\/index.php?rest_route=\/wp\/v2\/posts\/7630\/revisions"}],"predecessor-version":[{"id":7633,"href":"https:\/\/spbielsk.pl\/index.php?rest_route=\/wp\/v2\/posts\/7630\/revisions\/7633"}],"wp:attachment":[{"href":"https:\/\/spbielsk.pl\/index.php?rest_route=%2Fwp%2Fv2%2Fmedia&parent=7630"}],"wp:term":[{"taxonomy":"category","embeddable":true,"href":"https:\/\/spbielsk.pl\/index.php?rest_route=%2Fwp%2Fv2%2Fcategories&post=7630"},{"taxonomy":"post_tag","embeddable":true,"href":"https:\/\/spbielsk.pl\/index.php?rest_route=%2Fwp%2Fv2%2Ftags&post=7630"}],"curies":[{"name":"wp","href":"https:\/\/api.w.org\/{rel}","templated":true}]}}