{"id":7592,"date":"2023-02-02T08:23:56","date_gmt":"2023-02-02T07:23:56","guid":{"rendered":"http:\/\/spbielsk.pl\/?p=7592"},"modified":"2023-02-02T08:23:57","modified_gmt":"2023-02-02T07:23:57","slug":"wielka-orkiestra-swiatecznej-pomocy-2023","status":"publish","type":"post","link":"https:\/\/spbielsk.pl\/?p=7592","title":{"rendered":"WIELKA\u00a0ORKIESTRA\u00a0\u015aWI\u0104TECZNEJ POMOCY 2023!\u00a0"},"content":{"rendered":"\n<p style=\"text-align: justify;\">Szkolny Klub Wolontariusza w tym roku w\u0142\u0105czy\u0142 si\u0119 w akcj\u0119 charytatywn\u0105 kwestuj\u0105c na terenie szko\u0142y dla naszego lokalnego Sztabu 6188 WO\u015aP w BIELSKU, prowadzonego przez Gminny O\u015brodek Kultury.<br \/><strong>Has\u0142o 31. Fina\u0142u WO\u015aP \/29 stycznia\/<em>\u00a0<\/em><\/strong><strong><em>\u201eChcemy wygra\u0107 z seps\u0105!<br \/>Gramy dla wszystkich &#8211; ma\u0142ych i du\u017cych!\u201d<\/em><\/strong><strong>, <\/strong><strong>nawi\u0105zywa\u0142o do celu zbi\u00f3rki<\/strong> tej edycji <strong>Wielkiej Orkiestry \u015awi\u0105tecznej Pomocy.<br \/><\/strong><strong>Sepsa to zesp\u00f3\u0142 objaw\u00f3w wywo\u0142anych przez niekontrolowan\u0105, gwa\u0142town\u0105 reakcj\u0119 organizmu na zaka\u017cenie. W przebiegu sepsy w ci\u0105gu kilku godzin mo\u017ce doj\u015b\u0107 do niewydolno\u015bci wielonarz\u0105dowej, wstrz\u0105su i \u015bmierci.\u00a0<\/strong> Jak wynika z najnowszych bada\u0144, w skali globalnej <strong>sepsa jest przyczyn\u0105 20 proc. wszystkich zgon\u00f3w<\/strong>. Wed\u0142ug \u015awiatowej Organizacji Zdrowia, <strong>w 2017 roku sepsa wyst\u0105pi\u0142a u 49 milion\u00f3w ludzi na \u015bwiecie, a 11 milion\u00f3w zmar\u0142o z jej powodu<\/strong>. Prawie po\u0142owa \u00a0zachorowa\u0144 dotyczy\u0142a dzieci (oko\u0142o 20 milion\u00f3w), a w populacji do 5. roku \u017cycia sepsa by\u0142a przyczyn\u0105 2,9 miliona zgon\u00f3w.<\/p>\n<p style=\"text-align: center;\"><!--more--><\/p>\n<p>Dzi\u0119kujemy serdecznie za \u017cyczliwo\u015b\u0107 i hojno\u015b\u0107 rodzicom, ma\u0142ym darczy\u0144com, wszystkim uczniom \u00a0i pracownikom za \u00a0<strong>WIELKIE SERCE dla WIELKIEJ ORKIESTRY.<\/strong><\/p>\n<p style=\"text-align: right;\"><strong>RADA I OPIEKUNOWIE WOLONTARIATU<\/strong><\/p>\n<p style=\"text-align: center;\">\r\n<div class=\"ngg-galleryoverview\" id=\"ngg-gallery-788-7592\">\r\n\r\n\t<!-- Slideshow link -->\r\n\t<div class=\"slideshowlink\">\r\n\t\t<a class=\"slideshowlink\" href=\"https:\/\/spbielsk.pl\/?p=7592&amp;show=slide\">\r\n\t\t\t[Show slideshow]\t\t<\/a>\r\n\t<\/div>\r\n\r\n\t\r\n\t<!-- Thumbnails -->\r\n\t\t\r\n\t<div id=\"ngg-image-20598\" class=\"ngg-gallery-thumbnail-box\"  >\r\n\t\t<div class=\"ngg-gallery-thumbnail\" >\r\n\t\t\t<a href=\"https:\/\/spbielsk.pl\/wp-content\/gallery\/wosp-wolontariat-styczen-2023\/20230126_114441-copy.jpg\" title=\" \"   rel=\"lightbox[7592]\">\r\n\t\t\t\t\t\t\t\t<img decoding=\"async\" title=\"20230126_114441-copy\" alt=\"20230126_114441-copy\" src=\"https:\/\/spbielsk.pl\/wp-content\/gallery\/wosp-wolontariat-styczen-2023\/thumbs\/thumbs_20230126_114441-copy.jpg\" width=\"120\" height=\"90\" \/>\r\n\t\t\t\t\t\t\t<\/a>\r\n\t\t<\/div>\r\n\t<\/div>\r\n\t\r\n\t\t\r\n \t\t\r\n\t<div id=\"ngg-image-20599\" class=\"ngg-gallery-thumbnail-box\"  >\r\n\t\t<div class=\"ngg-gallery-thumbnail\" >\r\n\t\t\t<a href=\"https:\/\/spbielsk.pl\/wp-content\/gallery\/wosp-wolontariat-styczen-2023\/20230126_114515-copy.jpg\" title=\" \"   rel=\"lightbox[7592]\">\r\n\t\t\t\t\t\t\t\t<img decoding=\"async\" title=\"20230126_114515-copy\" alt=\"20230126_114515-copy\" src=\"https:\/\/spbielsk.pl\/wp-content\/gallery\/wosp-wolontariat-styczen-2023\/thumbs\/thumbs_20230126_114515-copy.jpg\" width=\"120\" height=\"90\" \/>\r\n\t\t\t\t\t\t\t<\/a>\r\n\t\t<\/div>\r\n\t<\/div>\r\n\t\r\n\t\t\r\n \t\t\r\n\t<div id=\"ngg-image-20600\" class=\"ngg-gallery-thumbnail-box\"  >\r\n\t\t<div class=\"ngg-gallery-thumbnail\" >\r\n\t\t\t<a href=\"https:\/\/spbielsk.pl\/wp-content\/gallery\/wosp-wolontariat-styczen-2023\/20230126_114619-copy.jpg\" title=\" \"   rel=\"lightbox[7592]\">\r\n\t\t\t\t\t\t\t\t<img decoding=\"async\" title=\"20230126_114619-copy\" alt=\"20230126_114619-copy\" src=\"https:\/\/spbielsk.pl\/wp-content\/gallery\/wosp-wolontariat-styczen-2023\/thumbs\/thumbs_20230126_114619-copy.jpg\" width=\"120\" height=\"90\" \/>\r\n\t\t\t\t\t\t\t<\/a>\r\n\t\t<\/div>\r\n\t<\/div>\r\n\t\r\n\t\t\r\n \t\t\r\n\t<div id=\"ngg-image-20601\" class=\"ngg-gallery-thumbnail-box\"  >\r\n\t\t<div class=\"ngg-gallery-thumbnail\" >\r\n\t\t\t<a href=\"https:\/\/spbielsk.pl\/wp-content\/gallery\/wosp-wolontariat-styczen-2023\/20230127_113825-copy.jpg\" title=\" \"   rel=\"lightbox[7592]\">\r\n\t\t\t\t\t\t\t\t<img loading=\"lazy\" decoding=\"async\" title=\"20230127_113825-copy\" alt=\"20230127_113825-copy\" src=\"https:\/\/spbielsk.pl\/wp-content\/gallery\/wosp-wolontariat-styczen-2023\/thumbs\/thumbs_20230127_113825-copy.jpg\" width=\"120\" height=\"90\" \/>\r\n\t\t\t\t\t\t\t<\/a>\r\n\t\t<\/div>\r\n\t<\/div>\r\n\t\r\n\t\t\r\n \t\t\r\n\t<div id=\"ngg-image-20602\" class=\"ngg-gallery-thumbnail-box\"  >\r\n\t\t<div class=\"ngg-gallery-thumbnail\" >\r\n\t\t\t<a href=\"https:\/\/spbielsk.pl\/wp-content\/gallery\/wosp-wolontariat-styczen-2023\/20230127_113843-copy.jpg\" title=\" \"   rel=\"lightbox[7592]\">\r\n\t\t\t\t\t\t\t\t<img loading=\"lazy\" decoding=\"async\" title=\"20230127_113843-copy\" alt=\"20230127_113843-copy\" src=\"https:\/\/spbielsk.pl\/wp-content\/gallery\/wosp-wolontariat-styczen-2023\/thumbs\/thumbs_20230127_113843-copy.jpg\" width=\"120\" height=\"90\" \/>\r\n\t\t\t\t\t\t\t<\/a>\r\n\t\t<\/div>\r\n\t<\/div>\r\n\t\r\n\t\t\r\n \t\t\r\n\t<div id=\"ngg-image-20603\" class=\"ngg-gallery-thumbnail-box\"  >\r\n\t\t<div class=\"ngg-gallery-thumbnail\" >\r\n\t\t\t<a href=\"https:\/\/spbielsk.pl\/wp-content\/gallery\/wosp-wolontariat-styczen-2023\/20230127_114047-copy.jpg\" title=\" \"   rel=\"lightbox[7592]\">\r\n\t\t\t\t\t\t\t\t<img loading=\"lazy\" decoding=\"async\" title=\"20230127_114047-copy\" alt=\"20230127_114047-copy\" src=\"https:\/\/spbielsk.pl\/wp-content\/gallery\/wosp-wolontariat-styczen-2023\/thumbs\/thumbs_20230127_114047-copy.jpg\" width=\"120\" height=\"90\" \/>\r\n\t\t\t\t\t\t\t<\/a>\r\n\t\t<\/div>\r\n\t<\/div>\r\n\t\r\n\t\t\r\n \t\t\r\n\t<div id=\"ngg-image-20604\" class=\"ngg-gallery-thumbnail-box\"  >\r\n\t\t<div class=\"ngg-gallery-thumbnail\" >\r\n\t\t\t<a href=\"https:\/\/spbielsk.pl\/wp-content\/gallery\/wosp-wolontariat-styczen-2023\/20230127_114110-copy.jpg\" title=\" \"   rel=\"lightbox[7592]\">\r\n\t\t\t\t\t\t\t\t<img loading=\"lazy\" decoding=\"async\" title=\"20230127_114110-copy\" alt=\"20230127_114110-copy\" src=\"https:\/\/spbielsk.pl\/wp-content\/gallery\/wosp-wolontariat-styczen-2023\/thumbs\/thumbs_20230127_114110-copy.jpg\" width=\"120\" height=\"90\" \/>\r\n\t\t\t\t\t\t\t<\/a>\r\n\t\t<\/div>\r\n\t<\/div>\r\n\t\r\n\t\t\r\n \t\t\r\n\t<div id=\"ngg-image-20605\" class=\"ngg-gallery-thumbnail-box\"  >\r\n\t\t<div class=\"ngg-gallery-thumbnail\" >\r\n\t\t\t<a href=\"https:\/\/spbielsk.pl\/wp-content\/gallery\/wosp-wolontariat-styczen-2023\/20230127_114112-copy.jpg\" title=\" \"   rel=\"lightbox[7592]\">\r\n\t\t\t\t\t\t\t\t<img loading=\"lazy\" decoding=\"async\" title=\"20230127_114112-copy\" alt=\"20230127_114112-copy\" src=\"https:\/\/spbielsk.pl\/wp-content\/gallery\/wosp-wolontariat-styczen-2023\/thumbs\/thumbs_20230127_114112-copy.jpg\" width=\"120\" height=\"90\" \/>\r\n\t\t\t\t\t\t\t<\/a>\r\n\t\t<\/div>\r\n\t<\/div>\r\n\t\r\n\t\t\r\n \t\t\r\n\t<div id=\"ngg-image-20606\" class=\"ngg-gallery-thumbnail-box\"  >\r\n\t\t<div class=\"ngg-gallery-thumbnail\" >\r\n\t\t\t<a href=\"https:\/\/spbielsk.pl\/wp-content\/gallery\/wosp-wolontariat-styczen-2023\/20230127_114850-copy.jpg\" title=\" \"   rel=\"lightbox[7592]\">\r\n\t\t\t\t\t\t\t\t<img loading=\"lazy\" decoding=\"async\" title=\"20230127_114850-copy\" alt=\"20230127_114850-copy\" src=\"https:\/\/spbielsk.pl\/wp-content\/gallery\/wosp-wolontariat-styczen-2023\/thumbs\/thumbs_20230127_114850-copy.jpg\" width=\"120\" height=\"90\" \/>\r\n\t\t\t\t\t\t\t<\/a>\r\n\t\t<\/div>\r\n\t<\/div>\r\n\t\r\n\t\t\r\n \t \t\r\n\t<!-- Pagination -->\r\n \t<div class='ngg-clear'><\/div>\n \t\r\n<\/div>\r\n\r\n<\/p>\n<p>\u00a0<\/p>\n","protected":false},"excerpt":{"rendered":"<p>Szkolny Klub Wolontariusza w tym roku w\u0142\u0105czy\u0142 si\u0119 w akcj\u0119 charytatywn\u0105 kwestuj\u0105c na terenie szko\u0142y dla naszego lokalnego Sztabu 6188 WO\u015aP w BIELSKU, prowadzonego przez Gminny O\u015brodek Kultury.Has\u0142o 31. Fina\u0142u WO\u015aP \/29 stycznia\/\u00a0\u201eChcemy wygra\u0107 z seps\u0105!Gramy dla wszystkich &#8211; ma\u0142ych i du\u017cych!\u201d, nawi\u0105zywa\u0142o do celu zbi\u00f3rki tej edycji Wielkiej Orkiestry \u015awi\u0105tecznej Pomocy.Sepsa to zesp\u00f3\u0142 objaw\u00f3w [&hellip;]<\/p>\n","protected":false},"author":1,"featured_media":7593,"comment_status":"closed","ping_status":"closed","sticky":false,"template":"","format":"standard","meta":{"footnotes":""},"categories":[5],"tags":[],"class_list":["post-7592","post","type-post","status-publish","format-standard","has-post-thumbnail","hentry","category-s-p-bielsk"],"_links":{"self":[{"href":"https:\/\/spbielsk.pl\/index.php?rest_route=\/wp\/v2\/posts\/7592","targetHints":{"allow":["GET"]}}],"collection":[{"href":"https:\/\/spbielsk.pl\/index.php?rest_route=\/wp\/v2\/posts"}],"about":[{"href":"https:\/\/spbielsk.pl\/index.php?rest_route=\/wp\/v2\/types\/post"}],"author":[{"embeddable":true,"href":"https:\/\/spbielsk.pl\/index.php?rest_route=\/wp\/v2\/users\/1"}],"replies":[{"embeddable":true,"href":"https:\/\/spbielsk.pl\/index.php?rest_route=%2Fwp%2Fv2%2Fcomments&post=7592"}],"version-history":[{"count":1,"href":"https:\/\/spbielsk.pl\/index.php?rest_route=\/wp\/v2\/posts\/7592\/revisions"}],"predecessor-version":[{"id":7594,"href":"https:\/\/spbielsk.pl\/index.php?rest_route=\/wp\/v2\/posts\/7592\/revisions\/7594"}],"wp:featuredmedia":[{"embeddable":true,"href":"https:\/\/spbielsk.pl\/index.php?rest_route=\/wp\/v2\/media\/7593"}],"wp:attachment":[{"href":"https:\/\/spbielsk.pl\/index.php?rest_route=%2Fwp%2Fv2%2Fmedia&parent=7592"}],"wp:term":[{"taxonomy":"category","embeddable":true,"href":"https:\/\/spbielsk.pl\/index.php?rest_route=%2Fwp%2Fv2%2Fcategories&post=7592"},{"taxonomy":"post_tag","embeddable":true,"href":"https:\/\/spbielsk.pl\/index.php?rest_route=%2Fwp%2Fv2%2Ftags&post=7592"}],"curies":[{"name":"wp","href":"https:\/\/api.w.org\/{rel}","templated":true}]}}