{"id":7350,"date":"2022-12-01T16:53:05","date_gmt":"2022-12-01T15:53:05","guid":{"rendered":"http:\/\/spbielsk.pl\/?p=7350"},"modified":"2022-12-01T16:54:33","modified_gmt":"2022-12-01T15:54:33","slug":"prosimy-o-wsparcie-naszego-projektu-ja-i-moj-bohater-literacki","status":"publish","type":"post","link":"https:\/\/spbielsk.pl\/?p=7350","title":{"rendered":"Prosimy o wsparcie naszego projektu -&#8221; Ja i m\u00f3j bohater literacki&#8221;"},"content":{"rendered":"\n<p><span class=\"x4k7w5x x1h91t0o x1h9r5lt xv2umb2 x1beo9mf xaigb6o x12ejxvf x3igimt xarpa2k xedcshv x1lytzrv x1t2pt76 x7ja8zs x1qrby5j x1jfb8zj\">Klasa Vc wraz z nauczycielem j\u0119zyka polskiego &#8211; p. Joann\u0105 Sieradzk\u0105 <\/span><span class=\"x4k7w5x x1h91t0o x1h9r5lt xv2umb2 x1beo9mf xaigb6o x12ejxvf x3igimt xarpa2k xedcshv x1lytzrv x1t2pt76 x7ja8zs x1qrby5j x1jfb8zj\">bierze udzia\u0142 w XIII edycji konkursu &#8222;Projektanci edukacji&#8221;. G\u0142osowanie trwa od dzsiaj do 9 grudnia. Mo\u017cna odda\u0107 jeden g\u0142os dziennie.<\/span><\/p>\n<p style=\"text-align: center;\"><a href=\"https:\/\/projektanciedukacji.pl\/projekt?id=20542\"><strong>&gt;&gt;ZAG\u0141OSUJ TU&lt;&lt;&lt;<\/strong><\/a><\/p>\n<p style=\"text-align: center;\"><!--more--><\/p>\n<p style=\"text-align: justify;\"><span class=\"x4k7w5x x1h91t0o x1h9r5lt xv2umb2 x1beo9mf xaigb6o x12ejxvf x3igimt xarpa2k xedcshv x1lytzrv x1t2pt76 x7ja8zs x1qrby5j x1jfb8zj\">Szczeg\u00f3\u0142owe zasady g\u0142osowania: Aby odda\u0107 g\u0142os w konkursie, wejd\u017a na stron\u0119 projektanciedukacji.pl, zak\u0142adka \u201eKonkurs\u201d. Mo\u017cesz odda\u0107 jeden g\u0142os dziennie na jeden projekt w ka\u017cdej kategorii wiekowej. W \u201eGalerii pomys\u0142\u00f3w\u201d znajdziesz list\u0119 pomys\u0142\u00f3w, kt\u00f3re bior\u0105 udzia\u0142 w g\u0142osowaniu. Kliknij przycisk \u201eZag\u0142osuj na ten projekt\u201d przy wybranym pomy\u015ble. Wpisz sw\u00f3j adres e-mail i zatwierd\u017a przyciskiem \u201eZag\u0142osuj na projekt\u201d (je\u015bli g\u0142osujesz pierwszy raz, system poprosi Ci\u0119 o uzupe\u0142nienie danych niezb\u0119dnych do udzia\u0142u w g\u0142osowaniu).<br \/><\/span><span class=\"x4k7w5x x1h91t0o x1h9r5lt xv2umb2 x1beo9mf xaigb6o x12ejxvf x3igimt xarpa2k xedcshv x1lytzrv x1t2pt76 x7ja8zs x1qrby5j x1jfb8zj\">UWAGA! Adres e-mail nale\u017cy aktywowa\u0107 linkiem, kt\u00f3ry zostanie na niego wys\u0142any. Masz na to czas do p\u00f3\u0142nocy.<\/span><\/p>\n","protected":false},"excerpt":{"rendered":"<p>Klasa Vc wraz z nauczycielem j\u0119zyka polskiego &#8211; p. Joann\u0105 Sieradzk\u0105 bierze udzia\u0142 w XIII edycji konkursu &#8222;Projektanci edukacji&#8221;. G\u0142osowanie trwa od dzsiaj do 9 grudnia. Mo\u017cna odda\u0107 jeden g\u0142os dziennie. &gt;&gt;ZAG\u0141OSUJ TU&lt;&lt;&lt;<\/p>\n","protected":false},"author":1,"featured_media":0,"comment_status":"closed","ping_status":"closed","sticky":false,"template":"","format":"standard","meta":{"footnotes":""},"categories":[5],"tags":[],"class_list":["post-7350","post","type-post","status-publish","format-standard","hentry","category-s-p-bielsk"],"_links":{"self":[{"href":"https:\/\/spbielsk.pl\/index.php?rest_route=\/wp\/v2\/posts\/7350","targetHints":{"allow":["GET"]}}],"collection":[{"href":"https:\/\/spbielsk.pl\/index.php?rest_route=\/wp\/v2\/posts"}],"about":[{"href":"https:\/\/spbielsk.pl\/index.php?rest_route=\/wp\/v2\/types\/post"}],"author":[{"embeddable":true,"href":"https:\/\/spbielsk.pl\/index.php?rest_route=\/wp\/v2\/users\/1"}],"replies":[{"embeddable":true,"href":"https:\/\/spbielsk.pl\/index.php?rest_route=%2Fwp%2Fv2%2Fcomments&post=7350"}],"version-history":[{"count":2,"href":"https:\/\/spbielsk.pl\/index.php?rest_route=\/wp\/v2\/posts\/7350\/revisions"}],"predecessor-version":[{"id":7352,"href":"https:\/\/spbielsk.pl\/index.php?rest_route=\/wp\/v2\/posts\/7350\/revisions\/7352"}],"wp:attachment":[{"href":"https:\/\/spbielsk.pl\/index.php?rest_route=%2Fwp%2Fv2%2Fmedia&parent=7350"}],"wp:term":[{"taxonomy":"category","embeddable":true,"href":"https:\/\/spbielsk.pl\/index.php?rest_route=%2Fwp%2Fv2%2Fcategories&post=7350"},{"taxonomy":"post_tag","embeddable":true,"href":"https:\/\/spbielsk.pl\/index.php?rest_route=%2Fwp%2Fv2%2Ftags&post=7350"}],"curies":[{"name":"wp","href":"https:\/\/api.w.org\/{rel}","templated":true}]}}