{"id":700,"date":"2013-03-21T15:48:14","date_gmt":"2013-03-21T14:48:14","guid":{"rendered":"http:\/\/spbielsk.pl\/?p=700"},"modified":"2013-03-27T17:38:08","modified_gmt":"2013-03-27T16:38:08","slug":"pierwszy-dzien-wiosny-2","status":"publish","type":"post","link":"https:\/\/spbielsk.pl\/?p=700","title":{"rendered":"PIERWSZY DZIE\u0143 WIOSNY!"},"content":{"rendered":"<p style=\"text-align: justify;\">W dniu 21 marca 2013r odby\u0142a si\u0119 w naszej szkole impreza zorganizowana przez Samorz\u0105d Uczniowski z okazji Pierwszego Dnia Wiosny. W tym roku has\u0142em przewodnim by\u0142o \u201eZdrowe od\u017cywianie si\u0119\u201d. Ka\u017cda klasa musia\u0142a przygotowa\u0107:<\/p>\n<ul>\n<li>Plakat na temat zdrowego od\u017cywiania si\u0119<\/li>\n<li>Kosz ze zdrow\u0105 \u017cywno\u015bci\u0105<\/li>\n<li>Wybra\u0107 spo\u015br\u00f3d klasy dwie osoby, kt\u00f3re reprezentowa\u0142y grup\u0119 w wyborach Miss i Mister Ogrodu i Sadu<\/li>\n<li>Przygotowa\u0107 Marzann\u0119.<\/li>\n<\/ul>\n<p>Samorz\u0105d Uczniowski przygotowa\u0142 liczne konkursy i zabawy. Wszystkie konkurencje by\u0142y oceniane i punktowane przez jury w sk\u0142adzie: pani dyrektor Maria Kluge, pani Joanna Siemieniec i pani Arletta Gagat. Odby\u0142y si\u0119 r\u00f3wnie\u017c wybory Miss i Mistera Ogrodu i Sadu. A wszystko po to aby wy\u0142oni\u0107 z Was najbardziej wiosenn\u0105 i zdrow\u0105 klas\u0119.<br \/>\nOto zwyci\u0119zcy:<br \/>\n<span style=\"text-decoration: underline;\">W klasach I-III:<\/span><br \/>\nI miejsce\u00a0 zajela kl. IIIb<br \/>\nII miejsce zajela kl. IIa<br \/>\nIII miejsce zajela kl. IIb<span style=\"text-decoration: underline;\"><br \/>\nW klasach IV-VI<\/span><br \/>\nI miejsce zaj\u0119\u0142a kl. IVb<br \/>\nII miejsce zaj\u0119\u0142a kl. Va<br \/>\nIII miejsce zaj\u0119\u0142a kl. Via<br \/>\n<span style=\"text-decoration: underline;\">Miss Sadu i Ogrodu w klasach I \u2013 III zosta\u0142y:<\/span><br \/>\nMiss Sadu i Ogrodu- uczennica z klasy Ia Alicja Wi\u015bniewska<br \/>\nI Vice Miss Sadu i Ogrodu \u2013 uczennica z klasy Ib Alicja Ogrodnik<br \/>\nII Vice Miss Sadu i Ogrodu- uczennica z klasy IIb Julia Dymek<br \/>\n<span style=\"text-decoration: underline;\">Mister Sadu i Ogrodu w klasach I-III:<\/span><br \/>\nMister Sadu i Ogrodu \u2013ucze\u0144 z klasy Ia Adam Racki<br \/>\nI Vice Mister Sadu\u00a0 i Ogrodu \u2013 ucze\u0144 z klasy Ib Kacper Janiszewski<br \/>\nII Vice Mister Sadu i Ogrodu \u2013 ucze\u0144 z klasy IIb Filip Guzowski<br \/>\n<span style=\"text-decoration: underline;\">Miss Sadu i Ogrodu w klasach IV- VI zosta\u0142y:<\/span><br \/>\nMiss Sadu i Ogrodu \u2013 uczennica z klasy IVb Aleksandra \u0141\u0105tka<br \/>\nI Vice Miss Sadu i Ogrodu \u2013 uczennica z klasy Va Alicja Dumowska<br \/>\nII Vice Miss Sadu i Ogrodu- uczennica(?) z klasy VIa Kornel Dymek!!!<br \/>\n<span style=\"text-decoration: underline;\">Mister Sadu i Ogrodu w klasach IV- VI:<\/span><br \/>\nMister Sadu i Ogrodu \u2013 ucze\u0144 z klasy IVb Pawe\u0142 Kra\u015bniewski<br \/>\nI Vice Mister Sadu i Ogrodu \u2013 ucze\u0144 z klasy Va Patryk Garlicki<br \/>\nII Vice Mister Sadu i Ogrodu \u2013 ucze\u0144 z klasy VIa Krzysztof Smole\u0144ski<\/p>\n<p style=\"text-align: justify;\">Zwyci\u0119zcom gratulujemy! Wszystkim uczestnikom zabawy dzi\u0119kujemy za ogrom pracy w\u0142o\u017cony w przygotowanie si\u0119 do Pierwszego Dnia Wiosny. Bez Waszego trudu i zaanga\u017cowania z pewno\u015bci\u0105 by\u015bmy si\u0119 tak nie bawili.<\/p>\n<p align=\"right\">Do zobaczenia<em><strong><br \/>\nSamorz\u0105d Uczniowski<\/strong><\/em><\/p>\n<p style=\"text-align: center;\">\r\n<div class=\"ngg-galleryoverview\" id=\"ngg-gallery-37-700\">\r\n\r\n\t<!-- Slideshow link -->\r\n\t<div class=\"slideshowlink\">\r\n\t\t<a class=\"slideshowlink\" href=\"https:\/\/spbielsk.pl\/?p=700&amp;show=slide\">\r\n\t\t\t[Show slideshow]\t\t<\/a>\r\n\t<\/div>\r\n\r\n\t\r\n\t<!-- Thumbnails -->\r\n\t\t\r\n\t<div id=\"ngg-image-969\" class=\"ngg-gallery-thumbnail-box\"  >\r\n\t\t<div class=\"ngg-gallery-thumbnail\" >\r\n\t\t\t<a href=\"https:\/\/spbielsk.pl\/wp-content\/gallery\/konkostkasik\/1.jpg\" title=\" \"   rel=\"lightbox[700]\">\r\n\t\t\t\t\t\t\t\t<img decoding=\"async\" title=\"1\" alt=\"1\" src=\"https:\/\/spbielsk.pl\/wp-content\/gallery\/konkostkasik\/thumbs\/thumbs_1.jpg\" width=\"120\" height=\"90\" \/>\r\n\t\t\t\t\t\t\t<\/a>\r\n\t\t<\/div>\r\n\t<\/div>\r\n\t\r\n\t\t\r\n \t\t\r\n\t<div id=\"ngg-image-970\" class=\"ngg-gallery-thumbnail-box\"  >\r\n\t\t<div class=\"ngg-gallery-thumbnail\" >\r\n\t\t\t<a href=\"https:\/\/spbielsk.pl\/wp-content\/gallery\/konkostkasik\/2.jpg\" title=\" \"   rel=\"lightbox[700]\">\r\n\t\t\t\t\t\t\t\t<img decoding=\"async\" title=\"2\" alt=\"2\" src=\"https:\/\/spbielsk.pl\/wp-content\/gallery\/konkostkasik\/thumbs\/thumbs_2.jpg\" width=\"120\" height=\"90\" \/>\r\n\t\t\t\t\t\t\t<\/a>\r\n\t\t<\/div>\r\n\t<\/div>\r\n\t\r\n\t\t\r\n \t\t\r\n\t<div id=\"ngg-image-971\" class=\"ngg-gallery-thumbnail-box\"  >\r\n\t\t<div class=\"ngg-gallery-thumbnail\" >\r\n\t\t\t<a href=\"https:\/\/spbielsk.pl\/wp-content\/gallery\/konkostkasik\/3.jpg\" title=\" \"   rel=\"lightbox[700]\">\r\n\t\t\t\t\t\t\t\t<img decoding=\"async\" title=\"3\" alt=\"3\" src=\"https:\/\/spbielsk.pl\/wp-content\/gallery\/konkostkasik\/thumbs\/thumbs_3.jpg\" width=\"120\" height=\"90\" \/>\r\n\t\t\t\t\t\t\t<\/a>\r\n\t\t<\/div>\r\n\t<\/div>\r\n\t\r\n\t\t\r\n \t\t\r\n\t<div id=\"ngg-image-972\" class=\"ngg-gallery-thumbnail-box\"  >\r\n\t\t<div class=\"ngg-gallery-thumbnail\" >\r\n\t\t\t<a href=\"https:\/\/spbielsk.pl\/wp-content\/gallery\/konkostkasik\/4.jpg\" title=\" \"   rel=\"lightbox[700]\">\r\n\t\t\t\t\t\t\t\t<img loading=\"lazy\" decoding=\"async\" title=\"4\" alt=\"4\" src=\"https:\/\/spbielsk.pl\/wp-content\/gallery\/konkostkasik\/thumbs\/thumbs_4.jpg\" width=\"120\" height=\"90\" \/>\r\n\t\t\t\t\t\t\t<\/a>\r\n\t\t<\/div>\r\n\t<\/div>\r\n\t\r\n\t\t\r\n \t\t\r\n\t<div id=\"ngg-image-973\" class=\"ngg-gallery-thumbnail-box\"  >\r\n\t\t<div class=\"ngg-gallery-thumbnail\" >\r\n\t\t\t<a href=\"https:\/\/spbielsk.pl\/wp-content\/gallery\/konkostkasik\/5.jpg\" title=\" \"   rel=\"lightbox[700]\">\r\n\t\t\t\t\t\t\t\t<img loading=\"lazy\" decoding=\"async\" title=\"5\" alt=\"5\" src=\"https:\/\/spbielsk.pl\/wp-content\/gallery\/konkostkasik\/thumbs\/thumbs_5.jpg\" width=\"120\" height=\"90\" \/>\r\n\t\t\t\t\t\t\t<\/a>\r\n\t\t<\/div>\r\n\t<\/div>\r\n\t\r\n\t\t\r\n \t \t\r\n\t<!-- Pagination -->\r\n \t<div class='ngg-clear'><\/div>\n \t\r\n<\/div>\r\n\r\n<\/p>\n","protected":false},"excerpt":{"rendered":"<p>W dniu 21 marca 2013r odby\u0142a si\u0119 w naszej szkole impreza zorganizowana przez Samorz\u0105d Uczniowski z okazji Pierwszego Dnia Wiosny. W tym roku has\u0142em przewodnim by\u0142o \u201eZdrowe od\u017cywianie si\u0119\u201d. Ka\u017cda klasa musia\u0142a przygotowa\u0107: Plakat na temat zdrowego od\u017cywiania si\u0119 Kosz ze zdrow\u0105 \u017cywno\u015bci\u0105 Wybra\u0107 spo\u015br\u00f3d klasy dwie osoby, kt\u00f3re reprezentowa\u0142y grup\u0119 w wyborach Miss i [&hellip;]<\/p>\n","protected":false},"author":1,"featured_media":0,"comment_status":"closed","ping_status":"closed","sticky":false,"template":"","format":"standard","meta":{"footnotes":""},"categories":[5],"tags":[],"class_list":["post-700","post","type-post","status-publish","format-standard","hentry","category-s-p-bielsk"],"_links":{"self":[{"href":"https:\/\/spbielsk.pl\/index.php?rest_route=\/wp\/v2\/posts\/700","targetHints":{"allow":["GET"]}}],"collection":[{"href":"https:\/\/spbielsk.pl\/index.php?rest_route=\/wp\/v2\/posts"}],"about":[{"href":"https:\/\/spbielsk.pl\/index.php?rest_route=\/wp\/v2\/types\/post"}],"author":[{"embeddable":true,"href":"https:\/\/spbielsk.pl\/index.php?rest_route=\/wp\/v2\/users\/1"}],"replies":[{"embeddable":true,"href":"https:\/\/spbielsk.pl\/index.php?rest_route=%2Fwp%2Fv2%2Fcomments&post=700"}],"version-history":[{"count":5,"href":"https:\/\/spbielsk.pl\/index.php?rest_route=\/wp\/v2\/posts\/700\/revisions"}],"predecessor-version":[{"id":703,"href":"https:\/\/spbielsk.pl\/index.php?rest_route=\/wp\/v2\/posts\/700\/revisions\/703"}],"wp:attachment":[{"href":"https:\/\/spbielsk.pl\/index.php?rest_route=%2Fwp%2Fv2%2Fmedia&parent=700"}],"wp:term":[{"taxonomy":"category","embeddable":true,"href":"https:\/\/spbielsk.pl\/index.php?rest_route=%2Fwp%2Fv2%2Fcategories&post=700"},{"taxonomy":"post_tag","embeddable":true,"href":"https:\/\/spbielsk.pl\/index.php?rest_route=%2Fwp%2Fv2%2Ftags&post=700"}],"curies":[{"name":"wp","href":"https:\/\/api.w.org\/{rel}","templated":true}]}}