{"id":6821,"date":"2022-06-21T15:34:13","date_gmt":"2022-06-21T14:34:13","guid":{"rendered":"http:\/\/spbielsk.pl\/?p=6821"},"modified":"2022-06-21T15:37:03","modified_gmt":"2022-06-21T14:37:03","slug":"dzien-ojca-w-swietlicy-szkolnej","status":"publish","type":"post","link":"https:\/\/spbielsk.pl\/?p=6821","title":{"rendered":"Dzie\u0144 Ojca w \u015bwietlicy szkolnej"},"content":{"rendered":"\n<p style=\"text-align: justify;\">Dzie\u0144 Ojca obchodzony jest w Polsce 23 czerwca. Tego dnia wszyscy tatusiowie maj\u0105 swoje \u015bwi\u0119to. Jest to doskona\u0142a okazja do tego, aby pokaza\u0107, jak wa\u017cn\u0105 rol\u0119 pe\u0142ni\u0105 w naszym \u017cyciu ojcowie. Dzie\u0144 Ojca mo\u017cna \u015bwi\u0119towa\u0107 w dowolny spos\u00f3b. Czasami wystarczy wierszyk i laurka, by pokaza\u0107, \u017ce pami\u0119ta si\u0119 o bliskiej osobie.<\/p>\n<p style=\"text-align: center;\"><!--more--><\/p>\n<p style=\"text-align: center;\">\r\n<div class=\"ngg-galleryoverview\" id=\"ngg-gallery-694-6821\">\r\n\r\n\t<!-- Slideshow link -->\r\n\t<div class=\"slideshowlink\">\r\n\t\t<a class=\"slideshowlink\" href=\"https:\/\/spbielsk.pl\/?p=6821&amp;show=slide\">\r\n\t\t\t[Show slideshow]\t\t<\/a>\r\n\t<\/div>\r\n\r\n\t\r\n\t<!-- Thumbnails -->\r\n\t\t\r\n\t<div id=\"ngg-image-18444\" class=\"ngg-gallery-thumbnail-box\"  >\r\n\t\t<div class=\"ngg-gallery-thumbnail\" >\r\n\t\t\t<a href=\"https:\/\/spbielsk.pl\/wp-content\/gallery\/dzien-ojca-2022-czeriwec\/287879128_1369577273534872_7121568801920729669_n.jpg\" title=\" \"   rel=\"lightbox[6821]\">\r\n\t\t\t\t\t\t\t\t<img decoding=\"async\" title=\"287879128_1369577273534872_7121568801920729669_n\" alt=\"287879128_1369577273534872_7121568801920729669_n\" src=\"https:\/\/spbielsk.pl\/wp-content\/gallery\/dzien-ojca-2022-czeriwec\/thumbs\/thumbs_287879128_1369577273534872_7121568801920729669_n.jpg\" width=\"120\" height=\"90\" \/>\r\n\t\t\t\t\t\t\t<\/a>\r\n\t\t<\/div>\r\n\t<\/div>\r\n\t\r\n\t\t\r\n \t\t\r\n\t<div id=\"ngg-image-18445\" class=\"ngg-gallery-thumbnail-box\"  >\r\n\t\t<div class=\"ngg-gallery-thumbnail\" >\r\n\t\t\t<a href=\"https:\/\/spbielsk.pl\/wp-content\/gallery\/dzien-ojca-2022-czeriwec\/288456520_1484926051925555_434207449324162137_n.jpg\" title=\" \"   rel=\"lightbox[6821]\">\r\n\t\t\t\t\t\t\t\t<img decoding=\"async\" title=\"288456520_1484926051925555_434207449324162137_n\" alt=\"288456520_1484926051925555_434207449324162137_n\" src=\"https:\/\/spbielsk.pl\/wp-content\/gallery\/dzien-ojca-2022-czeriwec\/thumbs\/thumbs_288456520_1484926051925555_434207449324162137_n.jpg\" width=\"120\" height=\"90\" \/>\r\n\t\t\t\t\t\t\t<\/a>\r\n\t\t<\/div>\r\n\t<\/div>\r\n\t\r\n\t\t\r\n \t\t\r\n\t<div id=\"ngg-image-18446\" class=\"ngg-gallery-thumbnail-box\"  >\r\n\t\t<div class=\"ngg-gallery-thumbnail\" >\r\n\t\t\t<a href=\"https:\/\/spbielsk.pl\/wp-content\/gallery\/dzien-ojca-2022-czeriwec\/288683516_560078045649783_1392226250237603132_n.jpg\" title=\" \"   rel=\"lightbox[6821]\">\r\n\t\t\t\t\t\t\t\t<img decoding=\"async\" title=\"288683516_560078045649783_1392226250237603132_n\" alt=\"288683516_560078045649783_1392226250237603132_n\" src=\"https:\/\/spbielsk.pl\/wp-content\/gallery\/dzien-ojca-2022-czeriwec\/thumbs\/thumbs_288683516_560078045649783_1392226250237603132_n.jpg\" width=\"120\" height=\"90\" \/>\r\n\t\t\t\t\t\t\t<\/a>\r\n\t\t<\/div>\r\n\t<\/div>\r\n\t\r\n\t\t\r\n \t\t\r\n\t<div id=\"ngg-image-18447\" class=\"ngg-gallery-thumbnail-box\"  >\r\n\t\t<div class=\"ngg-gallery-thumbnail\" >\r\n\t\t\t<a href=\"https:\/\/spbielsk.pl\/wp-content\/gallery\/dzien-ojca-2022-czeriwec\/288775805_355640300042610_247159854575712537_n.jpg\" title=\" \"   rel=\"lightbox[6821]\">\r\n\t\t\t\t\t\t\t\t<img loading=\"lazy\" decoding=\"async\" title=\"288775805_355640300042610_247159854575712537_n\" alt=\"288775805_355640300042610_247159854575712537_n\" src=\"https:\/\/spbielsk.pl\/wp-content\/gallery\/dzien-ojca-2022-czeriwec\/thumbs\/thumbs_288775805_355640300042610_247159854575712537_n.jpg\" width=\"120\" height=\"90\" \/>\r\n\t\t\t\t\t\t\t<\/a>\r\n\t\t<\/div>\r\n\t<\/div>\r\n\t\r\n\t\t\r\n \t\t\r\n\t<div id=\"ngg-image-18448\" class=\"ngg-gallery-thumbnail-box\"  >\r\n\t\t<div class=\"ngg-gallery-thumbnail\" >\r\n\t\t\t<a href=\"https:\/\/spbielsk.pl\/wp-content\/gallery\/dzien-ojca-2022-czeriwec\/288907414_3157683411138073_3698906068029184343_n.jpg\" title=\" \"   rel=\"lightbox[6821]\">\r\n\t\t\t\t\t\t\t\t<img loading=\"lazy\" decoding=\"async\" title=\"288907414_3157683411138073_3698906068029184343_n\" alt=\"288907414_3157683411138073_3698906068029184343_n\" src=\"https:\/\/spbielsk.pl\/wp-content\/gallery\/dzien-ojca-2022-czeriwec\/thumbs\/thumbs_288907414_3157683411138073_3698906068029184343_n.jpg\" width=\"120\" height=\"90\" \/>\r\n\t\t\t\t\t\t\t<\/a>\r\n\t\t<\/div>\r\n\t<\/div>\r\n\t\r\n\t\t\r\n \t\t\r\n\t<div id=\"ngg-image-18449\" class=\"ngg-gallery-thumbnail-box\"  >\r\n\t\t<div class=\"ngg-gallery-thumbnail\" >\r\n\t\t\t<a href=\"https:\/\/spbielsk.pl\/wp-content\/gallery\/dzien-ojca-2022-czeriwec\/288979420_1421363731635721_7885401995957504996_n.jpg\" title=\" \"   rel=\"lightbox[6821]\">\r\n\t\t\t\t\t\t\t\t<img loading=\"lazy\" decoding=\"async\" title=\"288979420_1421363731635721_7885401995957504996_n\" alt=\"288979420_1421363731635721_7885401995957504996_n\" src=\"https:\/\/spbielsk.pl\/wp-content\/gallery\/dzien-ojca-2022-czeriwec\/thumbs\/thumbs_288979420_1421363731635721_7885401995957504996_n.jpg\" width=\"120\" height=\"90\" \/>\r\n\t\t\t\t\t\t\t<\/a>\r\n\t\t<\/div>\r\n\t<\/div>\r\n\t\r\n\t\t\r\n \t\t\r\n\t<div id=\"ngg-image-18450\" class=\"ngg-gallery-thumbnail-box\"  >\r\n\t\t<div class=\"ngg-gallery-thumbnail\" >\r\n\t\t\t<a href=\"https:\/\/spbielsk.pl\/wp-content\/gallery\/dzien-ojca-2022-czeriwec\/288994510_458365216017304_2167302692030776361_n.jpg\" title=\" \"   rel=\"lightbox[6821]\">\r\n\t\t\t\t\t\t\t\t<img loading=\"lazy\" decoding=\"async\" title=\"288994510_458365216017304_2167302692030776361_n\" alt=\"288994510_458365216017304_2167302692030776361_n\" src=\"https:\/\/spbielsk.pl\/wp-content\/gallery\/dzien-ojca-2022-czeriwec\/thumbs\/thumbs_288994510_458365216017304_2167302692030776361_n.jpg\" width=\"120\" height=\"90\" \/>\r\n\t\t\t\t\t\t\t<\/a>\r\n\t\t<\/div>\r\n\t<\/div>\r\n\t\r\n\t\t\r\n \t\t\r\n\t<div id=\"ngg-image-18451\" class=\"ngg-gallery-thumbnail-box\"  >\r\n\t\t<div class=\"ngg-gallery-thumbnail\" >\r\n\t\t\t<a href=\"https:\/\/spbielsk.pl\/wp-content\/gallery\/dzien-ojca-2022-czeriwec\/289009064_7561525107254292_7524519760933919447_n.jpg\" title=\" \"   rel=\"lightbox[6821]\">\r\n\t\t\t\t\t\t\t\t<img loading=\"lazy\" decoding=\"async\" title=\"289009064_7561525107254292_7524519760933919447_n\" alt=\"289009064_7561525107254292_7524519760933919447_n\" src=\"https:\/\/spbielsk.pl\/wp-content\/gallery\/dzien-ojca-2022-czeriwec\/thumbs\/thumbs_289009064_7561525107254292_7524519760933919447_n.jpg\" width=\"120\" height=\"90\" \/>\r\n\t\t\t\t\t\t\t<\/a>\r\n\t\t<\/div>\r\n\t<\/div>\r\n\t\r\n\t\t\r\n \t\t\r\n\t<div id=\"ngg-image-18452\" class=\"ngg-gallery-thumbnail-box\"  >\r\n\t\t<div class=\"ngg-gallery-thumbnail\" >\r\n\t\t\t<a href=\"https:\/\/spbielsk.pl\/wp-content\/gallery\/dzien-ojca-2022-czeriwec\/289104768_1037929627118688_2238974874142442752_n.jpg\" title=\" \"   rel=\"lightbox[6821]\">\r\n\t\t\t\t\t\t\t\t<img loading=\"lazy\" decoding=\"async\" title=\"289104768_1037929627118688_2238974874142442752_n\" alt=\"289104768_1037929627118688_2238974874142442752_n\" src=\"https:\/\/spbielsk.pl\/wp-content\/gallery\/dzien-ojca-2022-czeriwec\/thumbs\/thumbs_289104768_1037929627118688_2238974874142442752_n.jpg\" width=\"120\" height=\"90\" \/>\r\n\t\t\t\t\t\t\t<\/a>\r\n\t\t<\/div>\r\n\t<\/div>\r\n\t\r\n\t\t\r\n \t\t\r\n\t<div id=\"ngg-image-18453\" class=\"ngg-gallery-thumbnail-box\"  >\r\n\t\t<div class=\"ngg-gallery-thumbnail\" >\r\n\t\t\t<a href=\"https:\/\/spbielsk.pl\/wp-content\/gallery\/dzien-ojca-2022-czeriwec\/289512263_1644732529237202_8162230285855846236_n.jpg\" title=\" \"   rel=\"lightbox[6821]\">\r\n\t\t\t\t\t\t\t\t<img loading=\"lazy\" decoding=\"async\" title=\"289512263_1644732529237202_8162230285855846236_n\" alt=\"289512263_1644732529237202_8162230285855846236_n\" src=\"https:\/\/spbielsk.pl\/wp-content\/gallery\/dzien-ojca-2022-czeriwec\/thumbs\/thumbs_289512263_1644732529237202_8162230285855846236_n.jpg\" width=\"120\" height=\"90\" \/>\r\n\t\t\t\t\t\t\t<\/a>\r\n\t\t<\/div>\r\n\t<\/div>\r\n\t\r\n\t\t\r\n \t\t\r\n\t<div id=\"ngg-image-18454\" class=\"ngg-gallery-thumbnail-box\"  >\r\n\t\t<div class=\"ngg-gallery-thumbnail\" >\r\n\t\t\t<a href=\"https:\/\/spbielsk.pl\/wp-content\/gallery\/dzien-ojca-2022-czeriwec\/289565876_789233515431241_7437728870112977464_n.jpg\" title=\" \"   rel=\"lightbox[6821]\">\r\n\t\t\t\t\t\t\t\t<img loading=\"lazy\" decoding=\"async\" title=\"289565876_789233515431241_7437728870112977464_n\" alt=\"289565876_789233515431241_7437728870112977464_n\" src=\"https:\/\/spbielsk.pl\/wp-content\/gallery\/dzien-ojca-2022-czeriwec\/thumbs\/thumbs_289565876_789233515431241_7437728870112977464_n.jpg\" width=\"120\" height=\"90\" \/>\r\n\t\t\t\t\t\t\t<\/a>\r\n\t\t<\/div>\r\n\t<\/div>\r\n\t\r\n\t\t\r\n \t\t\r\n\t<div id=\"ngg-image-18455\" class=\"ngg-gallery-thumbnail-box\"  >\r\n\t\t<div class=\"ngg-gallery-thumbnail\" >\r\n\t\t\t<a href=\"https:\/\/spbielsk.pl\/wp-content\/gallery\/dzien-ojca-2022-czeriwec\/289863796_415800833790606_2913729570650838388_n.jpg\" title=\" \"   rel=\"lightbox[6821]\">\r\n\t\t\t\t\t\t\t\t<img loading=\"lazy\" decoding=\"async\" title=\"289863796_415800833790606_2913729570650838388_n\" alt=\"289863796_415800833790606_2913729570650838388_n\" src=\"https:\/\/spbielsk.pl\/wp-content\/gallery\/dzien-ojca-2022-czeriwec\/thumbs\/thumbs_289863796_415800833790606_2913729570650838388_n.jpg\" width=\"120\" height=\"90\" \/>\r\n\t\t\t\t\t\t\t<\/a>\r\n\t\t<\/div>\r\n\t<\/div>\r\n\t\r\n\t\t\r\n \t \t\r\n\t<!-- Pagination -->\r\n \t<div class='ngg-clear'><\/div>\n \t\r\n<\/div>\r\n\r\n<\/p>\n","protected":false},"excerpt":{"rendered":"<p>Dzie\u0144 Ojca obchodzony jest w Polsce 23 czerwca. Tego dnia wszyscy tatusiowie maj\u0105 swoje \u015bwi\u0119to. Jest to doskona\u0142a okazja do tego, aby pokaza\u0107, jak wa\u017cn\u0105 rol\u0119 pe\u0142ni\u0105 w naszym \u017cyciu ojcowie. Dzie\u0144 Ojca mo\u017cna \u015bwi\u0119towa\u0107 w dowolny spos\u00f3b. Czasami wystarczy wierszyk i laurka, by pokaza\u0107, \u017ce pami\u0119ta si\u0119 o bliskiej osobie.<\/p>\n","protected":false},"author":1,"featured_media":6822,"comment_status":"closed","ping_status":"closed","sticky":false,"template":"","format":"standard","meta":{"footnotes":""},"categories":[5],"tags":[],"class_list":["post-6821","post","type-post","status-publish","format-standard","has-post-thumbnail","hentry","category-s-p-bielsk"],"_links":{"self":[{"href":"https:\/\/spbielsk.pl\/index.php?rest_route=\/wp\/v2\/posts\/6821","targetHints":{"allow":["GET"]}}],"collection":[{"href":"https:\/\/spbielsk.pl\/index.php?rest_route=\/wp\/v2\/posts"}],"about":[{"href":"https:\/\/spbielsk.pl\/index.php?rest_route=\/wp\/v2\/types\/post"}],"author":[{"embeddable":true,"href":"https:\/\/spbielsk.pl\/index.php?rest_route=\/wp\/v2\/users\/1"}],"replies":[{"embeddable":true,"href":"https:\/\/spbielsk.pl\/index.php?rest_route=%2Fwp%2Fv2%2Fcomments&post=6821"}],"version-history":[{"count":2,"href":"https:\/\/spbielsk.pl\/index.php?rest_route=\/wp\/v2\/posts\/6821\/revisions"}],"predecessor-version":[{"id":6827,"href":"https:\/\/spbielsk.pl\/index.php?rest_route=\/wp\/v2\/posts\/6821\/revisions\/6827"}],"wp:featuredmedia":[{"embeddable":true,"href":"https:\/\/spbielsk.pl\/index.php?rest_route=\/wp\/v2\/media\/6822"}],"wp:attachment":[{"href":"https:\/\/spbielsk.pl\/index.php?rest_route=%2Fwp%2Fv2%2Fmedia&parent=6821"}],"wp:term":[{"taxonomy":"category","embeddable":true,"href":"https:\/\/spbielsk.pl\/index.php?rest_route=%2Fwp%2Fv2%2Fcategories&post=6821"},{"taxonomy":"post_tag","embeddable":true,"href":"https:\/\/spbielsk.pl\/index.php?rest_route=%2Fwp%2Fv2%2Ftags&post=6821"}],"curies":[{"name":"wp","href":"https:\/\/api.w.org\/{rel}","templated":true}]}}