{"id":6728,"date":"2022-06-01T06:28:00","date_gmt":"2022-06-01T05:28:00","guid":{"rendered":"http:\/\/spbielsk.pl\/?p=6728"},"modified":"2022-06-01T11:47:56","modified_gmt":"2022-06-01T10:47:56","slug":"zyczenia-z-okazji-dania-dziecka","status":"publish","type":"post","link":"https:\/\/spbielsk.pl\/?p=6728","title":{"rendered":"\u017byczenia z okazji Dania Dziecka"},"content":{"rendered":"\n<p><a href=\"http:\/\/spbielsk.pl\/wp-content\/uploads\/2022\/06\/284571918_581075553407987_2402553397424810464_n-Copy.jpg\" rel=\"lightbox[6728]\"><img fetchpriority=\"high\" decoding=\"async\" class=\"aligncenter wp-image-6731 size-medium\" src=\"http:\/\/spbielsk.pl\/wp-content\/uploads\/2022\/06\/284571918_581075553407987_2402553397424810464_n-Copy-225x300.jpg\" alt=\"\" width=\"225\" height=\"300\" srcset=\"https:\/\/spbielsk.pl\/wp-content\/uploads\/2022\/06\/284571918_581075553407987_2402553397424810464_n-Copy-225x300.jpg 225w, https:\/\/spbielsk.pl\/wp-content\/uploads\/2022\/06\/284571918_581075553407987_2402553397424810464_n-Copy.jpg 576w\" sizes=\"(max-width: 225px) 100vw, 225px\" \/><\/a><\/p>\n<p style=\"text-align: center;\">1 czerwca, dzie\u0144 radosny,<br \/>kwitn\u0105 kwiatki &#8211; to znak wiosny.<br \/>W dniu tak pi\u0119knym i wspania\u0142ym,<br \/>\u017cyczymy Wam sercem ca\u0142ym:<br \/>moc u\u015bmiechu i rado\u015bci,<br \/>zdrowia, szcz\u0119\u015bcia, pomy\u015blno\u015bci!<!--more--><\/p>\n<p style=\"text-align: center;\"><span style=\"font-size: revert; color: initial;\">\u017bycz\u0105<br \/><\/span><span style=\"font-size: revert; color: initial;\">Wychowawcy \u015bwietlicy<\/span><\/p>\n","protected":false},"excerpt":{"rendered":"<p>1 czerwca, dzie\u0144 radosny,kwitn\u0105 kwiatki &#8211; to znak wiosny.W dniu tak pi\u0119knym i wspania\u0142ym,\u017cyczymy Wam sercem ca\u0142ym:moc u\u015bmiechu i rado\u015bci,zdrowia, szcz\u0119\u015bcia, pomy\u015blno\u015bci!<\/p>\n","protected":false},"author":1,"featured_media":0,"comment_status":"closed","ping_status":"closed","sticky":false,"template":"","format":"standard","meta":{"footnotes":""},"categories":[5],"tags":[],"class_list":["post-6728","post","type-post","status-publish","format-standard","hentry","category-s-p-bielsk"],"_links":{"self":[{"href":"https:\/\/spbielsk.pl\/index.php?rest_route=\/wp\/v2\/posts\/6728","targetHints":{"allow":["GET"]}}],"collection":[{"href":"https:\/\/spbielsk.pl\/index.php?rest_route=\/wp\/v2\/posts"}],"about":[{"href":"https:\/\/spbielsk.pl\/index.php?rest_route=\/wp\/v2\/types\/post"}],"author":[{"embeddable":true,"href":"https:\/\/spbielsk.pl\/index.php?rest_route=\/wp\/v2\/users\/1"}],"replies":[{"embeddable":true,"href":"https:\/\/spbielsk.pl\/index.php?rest_route=%2Fwp%2Fv2%2Fcomments&post=6728"}],"version-history":[{"count":4,"href":"https:\/\/spbielsk.pl\/index.php?rest_route=\/wp\/v2\/posts\/6728\/revisions"}],"predecessor-version":[{"id":6735,"href":"https:\/\/spbielsk.pl\/index.php?rest_route=\/wp\/v2\/posts\/6728\/revisions\/6735"}],"wp:attachment":[{"href":"https:\/\/spbielsk.pl\/index.php?rest_route=%2Fwp%2Fv2%2Fmedia&parent=6728"}],"wp:term":[{"taxonomy":"category","embeddable":true,"href":"https:\/\/spbielsk.pl\/index.php?rest_route=%2Fwp%2Fv2%2Fcategories&post=6728"},{"taxonomy":"post_tag","embeddable":true,"href":"https:\/\/spbielsk.pl\/index.php?rest_route=%2Fwp%2Fv2%2Ftags&post=6728"}],"curies":[{"name":"wp","href":"https:\/\/api.w.org\/{rel}","templated":true}]}}